{"id":140826,"date":"2026-01-13T01:34:13","date_gmt":"2026-01-13T01:34:13","guid":{"rendered":"https:\/\/www.europesays.com\/fi\/140826\/"},"modified":"2026-01-13T01:34:13","modified_gmt":"2026-01-13T01:34:13","slug":"teemu-keskisarjan-luento-vaestonvaihdoista-lahden-paakirjastossa","status":"publish","type":"post","link":"https:\/\/www.europesays.com\/fi\/140826\/","title":{"rendered":"Teemu Keskisarjan luento \u201dv\u00e4est\u00f6nvaihdoista\u201d Lahden p\u00e4\u00e4kirjastossa"},"content":{"rendered":"<p>Perussuomalaisten varapuheenjohtaja Teemu Keskisarja piti etuk\u00e4teen paljon puhuttaneen luennon. Keskisarja moitti hallituksen aikeita helpottaa englanninkielisen ylioppilastutkinnon suorittamista.<\/p>\n<p>Teemu Keskisarja sai yleis\u00f6lt\u00e4 aplodit moitittuaan hallituksen aikeita helpottaa englanninkielisten ylioppilastutkintojen suorittamista.<\/p>\n<p>12.1. 17:19 | P\u00e4ivitetty 12.1. 23:13<\/p>\n<p class=\"article-body mb-nof-24 px-nof-16\">Lahti<\/p>\n<p class=\"article-body mb-nof-24 px-nof-16\">Perussuomalaisten varapuheenjohtajan, kansanedustaja <a class=\"font-bold underline-offset-[0.12em] [text-decoration:var(--person-link-text-decoration)] ![text-decoration-color:var(--person-link-text-decoration-color)]\" href=\"https:\/\/www.is.fi\/haku\/?query=Teemu%20Keskisarjan\" rel=\"nofollow noopener\" target=\"_blank\">Teemu Keskisarjan<\/a> luentoa \u201dv\u00e4est\u00f6nvaihtojen historiasta\u201d Lahden p\u00e4\u00e4kirjaston auditorioon saapui maanantaina kuulemaan t\u00e4ysi salillinen eli noin 150 ihmist\u00e4.<\/p>\n<p class=\"article-body mb-nof-24 px-nof-16\">Silm\u00e4m\u00e4\u00e4r\u00e4isesti arvioiden v\u00e4hint\u00e4\u00e4n vastaava m\u00e4\u00e4r\u00e4 ihmisi\u00e4 j\u00e4i salin ulkopuolelle.<\/p>\n<p class=\"article-body mb-nof-24 px-nof-16\">Historioitsija Keskisarjan luento ker\u00e4si etuk\u00e4teen paljon huomiota, kun Lahden kirjastopalvelut halusi lis\u00e4\u00e4 tietoa luennon sis\u00e4ll\u00f6st\u00e4 luennon nimess\u00e4 k\u00e4ytetyn v\u00e4est\u00f6nvaihto-termin vuoksi.<\/p>\n<p class=\"article-body mb-nof-24 px-nof-16\">V\u00e4est\u00f6nvaihto on poliittisesti latautunut termi, sill\u00e4 se on yhdistetty \u00e4\u00e4rioikeistolaiseen salaliittoteoriaan.<\/p>\n<p class=\"article-body mb-nof-24 px-nof-16\">Kirjasto ei l\u00f6yt\u00e4nyt luennon perumiselle perusteita. Keskisarja sitoutui ennen luentoa noudattamaan kirjaston s\u00e4\u00e4nt\u00f6j\u00e4, joiden mukaan kirjaston tiloja ei vuokrata rasistiseen tai ihmisryhmi\u00e4 syrjiv\u00e4\u00e4n toimintaan.<\/p>\n<p class=\"article-body mb-nof-24 px-nof-16\">Keskisarja v\u00e4ltteli korostetusti v\u00e4est\u00f6nvaihto-sanaa puhumalla \u201dv-sanasta\u201d. Keskisarjan varsinainen luento kesti noin 40 minuuttia ja lopuksi oli yleis\u00f6kysymysten aika.<\/p>\n<p class=\"article-body mb-nof-24 px-nof-16\">Luennon aikana Keskisarja k\u00e4sitteli Suomen ja l\u00e4hiseutujen \u201dv\u00e4est\u00f6nvaihtoja\u201d aina kivikaudelta l\u00e4htien.<\/p>\n<p><img decoding=\"async\" src=\"https:\/\/www.europesays.com\/fi\/wp-content\/uploads\/2026\/01\/1768268051_2_468.jpg\" alt=\"Teemu Keskisarja moitti hallituksen aikeita helpottaa englanninkielisten ylioppilaskirjoitusten suorittamista.\" class=\"_Img_1rerz_1\" style=\"aspect-ratio:1.5\" loading=\"eager\"\/><\/p>\n<p class=\"article-picture-caption\">Teemu Keskisarja moitti hallituksen aikeita helpottaa englanninkielisten ylioppilaskirjoitusten suorittamista. Kuva:\u00a0Juha Salminen \/ HS<\/p>\n<p class=\"article-body mb-nof-24 px-nof-16\">Vaikka Keskisarja sanoi tulleensa luennoimaan historioitsijana, ei poliitikkona, lateli h\u00e4n erityisesti kielipoliittisia n\u00e4kemyksi\u00e4\u00e4n luennon lopulla ja yleis\u00f6kysymyksiin vastatessaan.<\/p>\n<p class=\"article-body mb-nof-24 px-nof-16\">Keskisarja moitti hallituksen aikeita helpottaa englanninkielisten ylioppilastutkintojen suorittamista.<\/p>\n<p class=\"article-body mb-nof-24 px-nof-16\">H\u00e4nen mukaansa aie on \u201dirvokasta pelleily\u00e4\u201d siit\u00e4 huolimatta, ett\u00e4 asiaa edistet\u00e4\u00e4n h\u00e4nen edustamansa puolueen eli perussuomalaisten ollessa hallituksessa. Keskisarja kertoi, ett\u00e4 h\u00e4nell\u00e4 on hallituksen aikeisiin viel\u00e4 \u201dkirosana sanottavana\u201d.<\/p>\n<p class=\"article-body mb-nof-24 px-nof-16\">Keskisarja moitti kovin sanoin mediaa, kun h\u00e4nelt\u00e4 media-aiheista yleis\u00f6st\u00e4 kysyttiin.<\/p>\n<p class=\"article-body mb-nof-24 px-nof-16\">\u2013 Valtamedian tai mink\u00e4\u00e4n muunkaan median toimintaan en ole vuonna 2026 lainkaan tyytyv\u00e4inen. Media on h\u00e4p\u00e4issyt itsens\u00e4 monella tavalla, paitsi riippuvaisuudella ja puolueellisuudella niin my\u00f6s yleisell\u00e4 aivottomuudella, Keskisarja sanoi sen suuremmin n\u00e4kemyst\u00e4\u00e4n perustelematta.<\/p>\n<p class=\"article-body mb-nof-24 px-nof-16\">Kirjastolla oli normaalista yleis\u00f6tilaisuudesta poikkeavia j\u00e4rjestelyj\u00e4. P\u00e4\u00e4kirjaston toinen sis\u00e4\u00e4nk\u00e4ynti oli suljettu jo tunti ennen tilaisuuden alkua.<\/p>\n<p class=\"article-body mb-nof-24 px-nof-16\">Paikalla oli my\u00f6s silm\u00e4m\u00e4\u00e4r\u00e4isesti arvioiden normaalia yleis\u00f6tilaisuutta enemm\u00e4n vartijoita. Tilaisuuden j\u00e4rjest\u00e4j\u00e4 Lahden perussuomalaiset oli ilmoittanut tapahtumasta etuk\u00e4teen poliisille.<\/p>\n<p><img decoding=\"async\" src=\"https:\/\/www.europesays.com\/fi\/wp-content\/uploads\/2026\/01\/1768233668_487_468.jpg\" alt=\"Lahden p\u00e4\u00e4kirjaston edustalla n\u00e4htiin pienimuotoinen mielenosoitus.\" class=\"_Img_1rerz_1\" style=\"aspect-ratio:1.5\" loading=\"eager\"\/><\/p>\n<p class=\"article-picture-caption\">Lahden p\u00e4\u00e4kirjaston edustalla n\u00e4htiin pienimuotoinen mielenosoitus. Kuva:\u00a0Juha Salminen \/ HS<\/p>\n<p class=\"article-body mb-nof-24 px-nof-16\">Keskisarja ei ollut ennen luentoa moksiskaan luennon saamasta ennakkohuomiosta.<\/p>\n<p class=\"article-body mb-nof-24 px-nof-16\">\u2013 Yhden yst\u00e4v\u00e4llismielisen s\u00e4hk\u00f6postivaihdon k\u00e4vin kirjastonjohtajan kanssa. Mit\u00e4\u00e4n polemiikkia en ole havainnut, Keskisarja sanoi IS:lle.<\/p>\n<p class=\"article-body mb-nof-24 px-nof-16\">Keskisarja kertoi ennen luentoa IS:lle aikovansa luennoida \u201dkuolleista ihmisist\u00e4 el\u00e4ville ihmisille\u201d ja saapuneensa Lahteen hyvill\u00e4 mielin.<\/p>\n<p class=\"article-body mb-nof-24 px-nof-16\">Luennon j\u00e4lkeen Keskisarja myi kirjojaan ja jakoi nimikirjoituksia paikalle saapuneille \u2013 my\u00f6s heille, jotka eiv\u00e4t auditorioon luennon aikana mahtuneet.<\/p>\n<p class=\"article-body mb-nof-24 px-nof-16\">Luennossaan Keskisarja k\u00e4ytti tyylins\u00e4 mukaista rikasta ja ronskiakin suomen kielt\u00e4, ja paikalle saapunut yleis\u00f6 vaikutti viihtyv\u00e4n. Keskisarja sai yleis\u00f6n useaan otteeseen nauramaan ja v\u00e4litaputtamaan.<\/p>\n<p class=\"article-body mb-nof-24 px-nof-16\">Luentonsa aluksi h\u00e4n tervehti &#8221;kaikkien rotujen edustajia&#8221;. H\u00e4nell\u00e4 oli terveiset my\u00f6s \u201dkenties paikalle saapuneille\u201d suojelupoliisin \u201dagenteille\u201d.<\/p>\n<p class=\"article-body mb-nof-24 px-nof-16\">\u2013 T\u00e4\u00e4lt\u00e4 ei pese kiihotusta eik\u00e4 tyydytyst\u00e4 mit\u00e4\u00e4n kansanryhm\u00e4\u00e4 vastaan, Keskisarja sanaili.<\/p>\n<p class=\"article-body mb-nof-24 px-nof-16\">Viel\u00e4 luennon lopuksi h\u00e4n palasi ironiseen s\u00e4vyyn \u201dsuojelupoliisin agentteihin\u201d.<\/p>\n<p class=\"article-body mb-nof-24 px-nof-16\">\u2013 Kertaus viel\u00e4, jos suojelupoliisin agentteja jossain lymyilee. Mit\u00e4\u00e4n salaliittoa ei ole olemassa, Keskisarja tokaisi.<\/p>\n<p class=\"article-body mb-nof-24 px-nof-16\">V\u00e4est\u00f6nvaihtoteoriassa on kyse siit\u00e4, ett\u00e4 valkoinen l\u00e4nsimainen v\u00e4est\u00f6 pyritt\u00e4isiin tarkoituksellisesti alistamaan ja v\u00e4hitellen korvaamaan l\u00e4nsimaissa. <a class=\"underline underline-offset-[0.12em] [text-decoration-thickness:var(--generic-link-underline-thickness)] [text-decoration-color:var(--generic-link-underline-color)] [text-decoration-skip-ink:var(--generic-link-underline-skip-ink)] break-words\" href=\"https:\/\/www.is.fi\/kotimaa\/art-2000009698744.html\" rel=\"nofollow noopener\" target=\"_blank\">Teoria liittyy<\/a> kiinte\u00e4sti etnonationalistiseen ajatteluun.<\/p>\n<p class=\"article-body mb-nof-24 px-nof-16\">Suojelupoliisin mukaan osa maailmalla tapahtuneiden terrori-iskujen tekij\u00f6ist\u00e4 on perustellut toimintaansa v\u00e4est\u00f6nvaihtoteorialla.<\/p>\n<p class=\"article-body mb-nof-24 px-nof-16\">Keskisarja totesi <a class=\"underline underline-offset-[0.12em] [text-decoration-thickness:var(--generic-link-underline-thickness)] [text-decoration-color:var(--generic-link-underline-color)] [text-decoration-skip-ink:var(--generic-link-underline-skip-ink)] break-words\" href=\"https:\/\/www.iltalehti.fi\/politiikka\/a\/99ef47d1-ff7a-47fe-9a1b-2d6004f3551b\" rel=\"nofollow noopener\" target=\"_blank\">Iltalehden<\/a> haastattelussa, ettei h\u00e4n usko suunniteltuun v\u00e4est\u00f6nvaihtoon tai salaliittoteoriaan.<\/p>\n<p class=\"article-body mb-nof-24 px-nof-16\">\u2013 En ole koskaan el\u00e4ess\u00e4ni kohdannut ihmist\u00e4, joka uskoo, ett\u00e4 jokin salaliitto vaihtaa valkoisia mustiin taikka p\u00e4invastoin, Keskisarja sanoi IL:lle.<\/p>\n<p class=\"article-body mb-nof-24 px-nof-16\">Keskisarja sanoi kuitenkin IL:lle, ett\u00e4 &#8221;v\u00e4est\u00f6nvaihtamiseen&#8221; vaikuttavat esimerkiksi &#8221;kotouttamisteollisuus&#8221; ja \u201dhalpaty\u00f6voiman himo\u201d.<\/p>\n<p class=\"article-body mb-nof-24 px-nof-16\">Vaikka H\u00e4meess\u00e4 ja Pirkanmaalla toimiva, itse\u00e4\u00e4n marxilais-leninil\u00e4iseksi kutsuva Lanka-verkosto ilmoitti etuk\u00e4teen pyrkiv\u00e4ns\u00e4 est\u00e4m\u00e4\u00e4n maanantain tilaisuuden, se ei pyrkimyksess\u00e4\u00e4n onnistunut.<\/p>\n<p class=\"article-body mb-nof-24 px-nof-16\">Verkosto ker\u00e4si hieman yli 200 allekirjoitusta vetoomukseen, jossa vaadittiin Keskisarjan luennon peruuttamista.<\/p>\n<p class=\"article-body mb-nof-24 px-nof-16\">Kirjaston edustalla oli harvalukuinen mielenosoittajien joukko, joka vastusti iskulausein muun muassa natseja ja fasismia.<\/p>\n<p class=\"article-body mb-nof-24 px-nof-16\">Poliisi oli kirjastolla l\u00e4sn\u00e4 niin piha-alueella j\u00e4rjestetyn, Keskisarjan luentoa vastustaneen mielenosoituksen luona kuin kirjastorakennuksen sis\u00e4ll\u00e4.<\/p>\n<p class=\"article-body mb-nof-24 px-nof-16\">H\u00e4meen poliisi tiedotti maanantaina, ett\u00e4 mielenilmaukseen osallistui arviolta 30 ihmist\u00e4, eik\u00e4 siit\u00e4 aiheutunut j\u00e4rjestysh\u00e4iri\u00f6it\u00e4.<\/p>\n<p class=\"article-body nof-ui-body-medium mb-nof-24 px-nof-16\">T\u00e4ydennetty artikkelia 12.1.2026 kello 23.13: lis\u00e4tty tieto, ett\u00e4 Keskisarja sanoi, ettei itse usko salaliittoon ja tarkoitukselliseen v\u00e4est\u00f6n vaihtamiseen.<\/p>\n","protected":false},"excerpt":{"rendered":"Perussuomalaisten varapuheenjohtaja Teemu Keskisarja piti etuk\u00e4teen paljon puhuttaneen luennon. Keskisarja moitti hallituksen aikeita helpottaa englanninkielisen ylioppilastutkinnon suorittamista. Teemu&hellip;\n","protected":false},"author":2,"featured_media":140827,"comment_status":"","ping_status":"","sticky":false,"template":"","format":"standard","meta":{"footnotes":""},"categories":[5],"tags":[22,23,26,27,33,31,30,17,34,24,25,28,29,15,18,21,32,19,20,16],"class_list":{"0":"post-140826","1":"post","2":"type-post","3":"status-publish","4":"format-standard","5":"has-post-thumbnail","7":"category-otsikot","8":"tag-breaking-news","9":"tag-breakingnews","10":"tag-featured-news","11":"tag-featurednews","12":"tag-fi","13":"tag-finland","14":"tag-finnish","15":"tag-headlines","16":"tag-ilta-sanomat","17":"tag-latest-news","18":"tag-latestnews","19":"tag-main-news","20":"tag-mainnews","21":"tag-news","22":"tag-otsikot","23":"tag-paauutiset","24":"tag-suomi","25":"tag-top-stories","26":"tag-topstories","27":"tag-uutiset"},"share_on_mastodon":{"url":"https:\/\/pubeurope.com\/@fi\/115885222307655772","error":""},"_links":{"self":[{"href":"https:\/\/www.europesays.com\/fi\/wp-json\/wp\/v2\/posts\/140826","targetHints":{"allow":["GET"]}}],"collection":[{"href":"https:\/\/www.europesays.com\/fi\/wp-json\/wp\/v2\/posts"}],"about":[{"href":"https:\/\/www.europesays.com\/fi\/wp-json\/wp\/v2\/types\/post"}],"author":[{"embeddable":true,"href":"https:\/\/www.europesays.com\/fi\/wp-json\/wp\/v2\/users\/2"}],"replies":[{"embeddable":true,"href":"https:\/\/www.europesays.com\/fi\/wp-json\/wp\/v2\/comments?post=140826"}],"version-history":[{"count":0,"href":"https:\/\/www.europesays.com\/fi\/wp-json\/wp\/v2\/posts\/140826\/revisions"}],"wp:featuredmedia":[{"embeddable":true,"href":"https:\/\/www.europesays.com\/fi\/wp-json\/wp\/v2\/media\/140827"}],"wp:attachment":[{"href":"https:\/\/www.europesays.com\/fi\/wp-json\/wp\/v2\/media?parent=140826"}],"wp:term":[{"taxonomy":"category","embeddable":true,"href":"https:\/\/www.europesays.com\/fi\/wp-json\/wp\/v2\/categories?post=140826"},{"taxonomy":"post_tag","embeddable":true,"href":"https:\/\/www.europesays.com\/fi\/wp-json\/wp\/v2\/tags?post=140826"}],"curies":[{"name":"wp","href":"https:\/\/api.w.org\/{rel}","templated":true}]}}