{"id":140828,"date":"2026-01-13T01:53:13","date_gmt":"2026-01-13T01:53:13","guid":{"rendered":"https:\/\/www.europesays.com\/fi\/140828\/"},"modified":"2026-01-13T01:53:13","modified_gmt":"2026-01-13T01:53:13","slug":"uutta-tietoa-hifkn-maalivahdin-tilanteesta","status":"publish","type":"post","link":"https:\/\/www.europesays.com\/fi\/140828\/","title":{"rendered":"Uutta tietoa HIFK:n maalivahdin tilanteesta"},"content":{"rendered":"<p>Ruotsalaismaalivahti loukkaantui perjantain Ilves-ottelussa ja joutui j\u00e4tt\u00e4m\u00e4\u00e4n pelin kesken.<\/p>\n<p>12.1. 14:31<\/p>\n<p class=\"article-body mb-nof-24 px-nof-16\">Helsingin IFK:n ruotsalaisvahti <a class=\"font-bold underline-offset-[0.12em] [text-decoration:var(--person-link-text-decoration)] ![text-decoration-color:var(--person-link-text-decoration-color)]\" href=\"https:\/\/www.aamulehti.fi\/haku\/?query=Hugo%20Alnefelt\" rel=\"nofollow noopener\" target=\"_blank\">Hugo Alnefelt<\/a> v\u00e4lttyi pahemmilta vammoilta perjantain loukkaantumisessaan.<\/p>\n<p class=\"article-body mb-nof-24 px-nof-16\">HIFK:n viestint\u00e4p\u00e4\u00e4llikk\u00f6 <a class=\"font-bold underline-offset-[0.12em] [text-decoration:var(--person-link-text-decoration)] ![text-decoration-color:var(--person-link-text-decoration-color)]\" href=\"https:\/\/www.aamulehti.fi\/haku\/?query=Kim%20Salin\" rel=\"nofollow noopener\" target=\"_blank\">Kim Salin<\/a> kertoo, ett\u00e4 Alnefelt p\u00e4\u00e4si sairaalasta kotiin pian pelin j\u00e4lkeen jo lauantain vastaisena y\u00f6n\u00e4.<\/p>\n<p class=\"article-body mb-nof-24 px-nof-16\">\u201dEi ole mit\u00e4\u00e4n isompaa. Selvittiin s\u00e4ik\u00e4hdyksell\u00e4. Tilanne oli dramaattisemman n\u00e4k\u00f6inen kuin mit\u00e4 todella k\u00e4vi. Totta kai tuollaiset niska- ja selk\u00e4hommat otetaan todella varovasti\u201d, Salin kertoo.<\/p>\n<p class=\"article-body mb-nof-24 px-nof-16\">Viel\u00e4 ei kuitenkaan ole t\u00e4ysin tiedossa, onko Alnefelt HIFK:n k\u00e4yt\u00f6ss\u00e4 heti t\u00e4ll\u00e4 viikolla.<\/p>\n<p class=\"article-body mb-nof-24 px-nof-16\">\u201dViel\u00e4 otetaan yhdet kuvat, ja sitten selvi\u00e4\u00e4 tarkemmin. Mutta mit\u00e4\u00e4n isompaa ei ollut.\u201d<\/p>\n<p class=\"article-body mb-nof-24 px-nof-16\">Alnefelt loukkaantui pelottavan n\u00e4k\u00f6isesti perjantaina, kun maalille rynnist\u00e4neen Ilveksen <a class=\"font-bold underline-offset-[0.12em] [text-decoration:var(--person-link-text-decoration)] ![text-decoration-color:var(--person-link-text-decoration-color)]\" href=\"https:\/\/www.aamulehti.fi\/haku\/?query=Teemu%20Engbergin\" rel=\"nofollow noopener\" target=\"_blank\">Teemu Engbergin<\/a> jalka osui h\u00e4nt\u00e4 p\u00e4\u00e4h\u00e4n.<\/p>\n<p class=\"article-body mb-nof-24 px-nof-16\">24-vuotias ruotsalainen rojahti j\u00e4\u00e4h\u00e4n, jossa h\u00e4n makasi l\u00e4hes liikkumattomana useamman minuutin ajan. Lopulta Alnefelt kuljetettiin paareilla pois kaukalosta ja suoraan ambulanssilla sairaalaan.<\/p>\n<p class=\"article-body mb-nof-24 px-nof-16\">Kun Alnefelt palaa takaisin terveiden kirjoihin, HIFK:lla lienee edess\u00e4\u00e4n t\u00e4lle kaudelle poikkeuksellinen tilanne. Kaikki sen nelj\u00e4 maalivahtia voivat nimitt\u00e4in olla yht\u00e4 aikaa pelikunnossa.<\/p>\n<p class=\"article-body mb-nof-24 px-nof-16\">Lauantaina Ilvest\u00e4 vastaan HIFK:n maalilla torjui <a class=\"font-bold underline-offset-[0.12em] [text-decoration:var(--person-link-text-decoration)] ![text-decoration-color:var(--person-link-text-decoration-color)]\" href=\"https:\/\/www.aamulehti.fi\/haku\/?query=Niko%20Hovinen\" rel=\"nofollow noopener\" target=\"_blank\">Niko Hovinen<\/a>. Kokoonpanoon kakkosvahdiksi ensi kertaa sitten syyskuisen loukkaantumisensa palasi <a class=\"font-bold underline-offset-[0.12em] [text-decoration:var(--person-link-text-decoration)] ![text-decoration-color:var(--person-link-text-decoration-color)]\" href=\"https:\/\/www.aamulehti.fi\/haku\/?query=Paavo%20Kohonen\" rel=\"nofollow noopener\" target=\"_blank\">Paavo Kohonen<\/a>.<\/p>\n<p class=\"article-body mb-nof-24 px-nof-16\">Perjantaina Alnefeltin loukkaantumisen j\u00e4lkeen tolppien v\u00e4liss\u00e4 loistanut <a class=\"font-bold underline-offset-[0.12em] [text-decoration:var(--person-link-text-decoration)] ![text-decoration-color:var(--person-link-text-decoration-color)]\" href=\"https:\/\/www.aamulehti.fi\/haku\/?query=Rastislav%20Elias\" rel=\"nofollow noopener\" target=\"_blank\">Rastislav Elias <\/a>puuttui lauantaina kokoonpanosta sairastumisen takia, joten h\u00e4nenk\u00e4\u00e4n poissaolonsa ei pit\u00e4isi olla pitk\u00e4.<\/p>\n","protected":false},"excerpt":{"rendered":"Ruotsalaismaalivahti loukkaantui perjantain Ilves-ottelussa ja joutui j\u00e4tt\u00e4m\u00e4\u00e4n pelin kesken. 12.1. 14:31 Helsingin IFK:n ruotsalaisvahti Hugo Alnefelt v\u00e4lttyi pahemmilta&hellip;\n","protected":false},"author":2,"featured_media":140829,"comment_status":"","ping_status":"","sticky":false,"template":"","format":"standard","meta":{"footnotes":""},"categories":[158],"tags":[157,33,31,30,159,32,160],"class_list":{"0":"post-140828","1":"post","2":"type-post","3":"status-publish","4":"format-standard","5":"has-post-thumbnail","7":"category-urheilu","8":"tag-aamulehti","9":"tag-fi","10":"tag-finland","11":"tag-finnish","12":"tag-sports","13":"tag-suomi","14":"tag-urheilu"},"share_on_mastodon":{"url":"https:\/\/pubeurope.com\/@fi\/115885296988610199","error":""},"_links":{"self":[{"href":"https:\/\/www.europesays.com\/fi\/wp-json\/wp\/v2\/posts\/140828","targetHints":{"allow":["GET"]}}],"collection":[{"href":"https:\/\/www.europesays.com\/fi\/wp-json\/wp\/v2\/posts"}],"about":[{"href":"https:\/\/www.europesays.com\/fi\/wp-json\/wp\/v2\/types\/post"}],"author":[{"embeddable":true,"href":"https:\/\/www.europesays.com\/fi\/wp-json\/wp\/v2\/users\/2"}],"replies":[{"embeddable":true,"href":"https:\/\/www.europesays.com\/fi\/wp-json\/wp\/v2\/comments?post=140828"}],"version-history":[{"count":0,"href":"https:\/\/www.europesays.com\/fi\/wp-json\/wp\/v2\/posts\/140828\/revisions"}],"wp:featuredmedia":[{"embeddable":true,"href":"https:\/\/www.europesays.com\/fi\/wp-json\/wp\/v2\/media\/140829"}],"wp:attachment":[{"href":"https:\/\/www.europesays.com\/fi\/wp-json\/wp\/v2\/media?parent=140828"}],"wp:term":[{"taxonomy":"category","embeddable":true,"href":"https:\/\/www.europesays.com\/fi\/wp-json\/wp\/v2\/categories?post=140828"},{"taxonomy":"post_tag","embeddable":true,"href":"https:\/\/www.europesays.com\/fi\/wp-json\/wp\/v2\/tags?post=140828"}],"curies":[{"name":"wp","href":"https:\/\/api.w.org\/{rel}","templated":true}]}}