{"id":140857,"date":"2026-01-13T02:50:09","date_gmt":"2026-01-13T02:50:09","guid":{"rendered":"https:\/\/www.europesays.com\/fi\/140857\/"},"modified":"2026-01-13T02:50:09","modified_gmt":"2026-01-13T02:50:09","slug":"gronlanti-vetoaa-natoon-ilta-sanomat","status":"publish","type":"post","link":"https:\/\/www.europesays.com\/fi\/140857\/","title":{"rendered":"Gr\u00f6nlanti vetoaa Natoon &#8211; Ilta-Sanomat"},"content":{"rendered":"<p>Naton p\u00e4\u00e4sihteeri Mark Rutte kertoi, ett\u00e4 Natossa keskustellaan arktisen alueen turvaamisesta.<\/p>\n<p>Tasavallan presidentti Alexander Stubb linjasi, ett\u00e4  ja Gr\u00f6nlanti p\u00e4\u00e4tt\u00e4v\u00e4t itse omista asioistaan. Video: Antti H\u00e4m\u00e4l\u00e4inen<\/p>\n<p>12.1. 19:28<\/p>\n<p class=\"article-body mb-nof-24 px-nof-16\">Gr\u00f6nlannin hallitus on j\u00e4lleen torjunut Yhdysvaltain presidentin <a class=\"font-bold underline-offset-[0.12em] [text-decoration:var(--person-link-text-decoration)] ![text-decoration-color:var(--person-link-text-decoration-color)]\" href=\"https:\/\/www.is.fi\/haku\/?query=Donald%20Trumpin\" rel=\"nofollow noopener\" target=\"_blank\">Donald Trumpin<\/a> vaatimukset alueen haltuunotosta. Uutistoimisto Reutersin mukaan Gr\u00f6nlannin hallitus tahtoo varmistaa, ett\u00e4 arktisen alueen puolustuksesta vastaa Nato.<\/p>\n<p class=\"article-body mb-nof-24 px-nof-16\">\u2013 Osana Tanskan kuningaskuntaa Gr\u00f6nlanti on osa Natoa, mink\u00e4 vuoksi Naton pit\u00e4isi puolustaa Gr\u00f6nlantia, Gr\u00f6nlannin hallitus linjasi.<\/p>\n<p class=\"article-body mb-nof-24 px-nof-16\">Gr\u00f6nlanti on itsehallinnollinen osa Tanskaa. Trump on toistuvasti esitt\u00e4nyt, ett\u00e4 arktinen saari kuuluisi Yhdysvalloille.<\/p>\n<p class=\"article-body mb-nof-24 px-nof-16\">Trump on perustellut vaatimuksia esimerkiksi Kiinan ja Ven\u00e4j\u00e4n uhkalla.<\/p>\n<p><img decoding=\"async\" src=\"https:\/\/www.europesays.com\/fi\/wp-content\/uploads\/2026\/01\/1768272609_451_468.jpg\" alt=\"Gr\u00f6nlannin p\u00e4\u00e4ministerin Jens-Frederik Nielsenin mukaan Gr\u00f6nlannin turvallisuus ja puolustus on Naton vastuulla.\" class=\"_Img_1rerz_1\" style=\"aspect-ratio:1.5\" loading=\"eager\"\/><\/p>\n<p class=\"article-picture-caption\">Gr\u00f6nlannin p\u00e4\u00e4ministerin Jens-Frederik Nielsenin mukaan Gr\u00f6nlannin turvallisuus ja puolustus on Naton vastuulla. Kuva:\u00a0OSCAR SCOTT CARL<\/p>\n<p class=\"article-body mb-nof-24 px-nof-16\">Brittilehti The Telegraph ja uutistoimisto Bloomberg kertoivat sunnuntaina, ett\u00e4 Britannia valmistelee joukkojen l\u00e4hett\u00e4mist\u00e4 Gr\u00f6nlantiin. Kyse olisi The Telegraphin mukaan Nato-operaatiosta.<\/p>\n<p class=\"article-body mb-nof-24 px-nof-16\">Naton p\u00e4\u00e4sihteeri <a class=\"font-bold underline-offset-[0.12em] [text-decoration:var(--person-link-text-decoration)] ![text-decoration-color:var(--person-link-text-decoration-color)]\" href=\"https:\/\/www.is.fi\/haku\/?query=Mark%20Rutte\" rel=\"nofollow noopener\" target=\"_blank\">Mark Rutte<\/a> totesi maanantaina, ett\u00e4 liittokunta keskustelee arktisen alueen turvaamisen seuraavista askelista. My\u00f6s Rutte viittasi Kiinaan ja Ven\u00e4j\u00e4\u00e4n.<\/p>\n<p class=\"article-body mb-nof-24 px-nof-16\">\u2013 Kun vesiv\u00e4yl\u00e4t avautuvat [j\u00e4\u00e4st\u00e4], on riski, ett\u00e4 Kiina ja Ven\u00e4j\u00e4 aktivoituvat, h\u00e4n totesi.<\/p>\n","protected":false},"excerpt":{"rendered":"Naton p\u00e4\u00e4sihteeri Mark Rutte kertoi, ett\u00e4 Natossa keskustellaan arktisen alueen turvaamisesta. Tasavallan presidentti Alexander Stubb linjasi, ett\u00e4 ja&hellip;\n","protected":false},"author":2,"featured_media":140858,"comment_status":"","ping_status":"","sticky":false,"template":"","format":"standard","meta":{"footnotes":""},"categories":[14],"tags":[22,23,26,27,33,31,30,17,34,24,25,28,29,15,18,21,32,19,20,56,16,59,60,61],"class_list":{"0":"post-140857","1":"post","2":"type-post","3":"status-publish","4":"format-standard","5":"has-post-thumbnail","7":"category-ulkomaat","8":"tag-breaking-news","9":"tag-breakingnews","10":"tag-featured-news","11":"tag-featurednews","12":"tag-fi","13":"tag-finland","14":"tag-finnish","15":"tag-headlines","16":"tag-ilta-sanomat","17":"tag-latest-news","18":"tag-latestnews","19":"tag-main-news","20":"tag-mainnews","21":"tag-news","22":"tag-otsikot","23":"tag-paauutiset","24":"tag-suomi","25":"tag-top-stories","26":"tag-topstories","27":"tag-ulkomaat","28":"tag-uutiset","29":"tag-world","30":"tag-world-news","31":"tag-worldnews"},"share_on_mastodon":{"url":"https:\/\/pubeurope.com\/@fi\/115885521156638373","error":""},"_links":{"self":[{"href":"https:\/\/www.europesays.com\/fi\/wp-json\/wp\/v2\/posts\/140857","targetHints":{"allow":["GET"]}}],"collection":[{"href":"https:\/\/www.europesays.com\/fi\/wp-json\/wp\/v2\/posts"}],"about":[{"href":"https:\/\/www.europesays.com\/fi\/wp-json\/wp\/v2\/types\/post"}],"author":[{"embeddable":true,"href":"https:\/\/www.europesays.com\/fi\/wp-json\/wp\/v2\/users\/2"}],"replies":[{"embeddable":true,"href":"https:\/\/www.europesays.com\/fi\/wp-json\/wp\/v2\/comments?post=140857"}],"version-history":[{"count":0,"href":"https:\/\/www.europesays.com\/fi\/wp-json\/wp\/v2\/posts\/140857\/revisions"}],"wp:featuredmedia":[{"embeddable":true,"href":"https:\/\/www.europesays.com\/fi\/wp-json\/wp\/v2\/media\/140858"}],"wp:attachment":[{"href":"https:\/\/www.europesays.com\/fi\/wp-json\/wp\/v2\/media?parent=140857"}],"wp:term":[{"taxonomy":"category","embeddable":true,"href":"https:\/\/www.europesays.com\/fi\/wp-json\/wp\/v2\/categories?post=140857"},{"taxonomy":"post_tag","embeddable":true,"href":"https:\/\/www.europesays.com\/fi\/wp-json\/wp\/v2\/tags?post=140857"}],"curies":[{"name":"wp","href":"https:\/\/api.w.org\/{rel}","templated":true}]}}