{"id":140859,"date":"2026-01-13T02:51:11","date_gmt":"2026-01-13T02:51:11","guid":{"rendered":"https:\/\/www.europesays.com\/fi\/140859\/"},"modified":"2026-01-13T02:51:11","modified_gmt":"2026-01-13T02:51:11","slug":"kaukolampo-on-poikki-kajaanissa-kainuu","status":"publish","type":"post","link":"https:\/\/www.europesays.com\/fi\/140859\/","title":{"rendered":"Kaukol\u00e4mp\u00f6 on poikki Kajaanissa | Kainuu"},"content":{"rendered":"<p class=\"aw-1gybjub aw-5vja16 kEtdKx kmuxyA yle__article__paragraph\">Kyse on viasta kaukol\u00e4mm\u00f6n tuotannossa, ja vika koskee koko kaukol\u00e4mp\u00f6\u00adverkkoa. Korjaamiseen menee aikaa noin kaksi tuntia.<\/p>\n<p><img decoding=\"async\" alt=\"Kaunis siniharmaa pakkasmaisema.\" src=\"https:\/\/www.europesays.com\/fi\/wp-content\/uploads\/2026\/01\/39-15765316957ba186d27a.jpeg\" class=\"aw-1l9m598 hKVVvP\"\/><\/p>\n<p>Avaa kuvien katselu<\/p>\n<p>Kajaanissa on maanantaina yli 10 astetta pakkasta. Kuva: Juha Kemppainen \/ Yle<\/p>\n<p class=\"aw-1gybjub aw-1p7kakr kEtdKx cEmitX yle__article__paragraph\">Kajaanin kaukol\u00e4mp\u00f6verkossa on tuotantoh\u00e4iri\u00f6.<\/p>\n<p class=\"aw-1gybjub aw-1p7kakr kEtdKx cEmitX yle__article__paragraph\">H\u00e4iri\u00f6n syyn\u00e4 on vika l\u00e4mm\u00f6ntuotantolaitoksella, kertoo kaukol\u00e4mp\u00f6yhti\u00f6 Loiste l\u00e4mm\u00f6n liiketoimintajohtaja <strong class=\"aw-ak79eh KyCXm yle__article__strong\">Marko Saviniemi<\/strong>.<\/p>\n<p class=\"aw-1gybjub aw-1p7kakr kEtdKx cEmitX yle__article__paragraph\">Vian korjaamisessa menee noin kaksi tuntia, kertoi Saviniemi Ylelle maanantaina kello 14 j\u00e4lkeen.<\/p>\n<p class=\"aw-1gybjub aw-1p7kakr kEtdKx cEmitX yle__article__paragraph\">Vika koskee kaikkia Kajaanin kaukol\u00e4mp\u00f6verkon asiakkaita.<\/p>\n<p class=\"aw-1gybjub aw-1p7kakr kEtdKx cEmitX yle__article__paragraph\">Verkossa on noin 1\u00a0700 liittym\u00e4\u00e4, ja Loiste l\u00e4mm\u00f6n mukaan Kajaanin asukkaista noin 70 prosenttia asuu kaukol\u00e4mmitetyiss\u00e4 asunnoissa. Vika koskee siis yli 20\u00a0000 asukasta.<\/p>\n","protected":false},"excerpt":{"rendered":"Kyse on viasta kaukol\u00e4mm\u00f6n tuotannossa, ja vika koskee koko kaukol\u00e4mp\u00f6\u00adverkkoa. Korjaamiseen menee aikaa noin kaksi tuntia. Avaa kuvien&hellip;\n","protected":false},"author":2,"featured_media":140860,"comment_status":"","ping_status":"","sticky":false,"template":"","format":"standard","meta":{"footnotes":""},"categories":[12],"tags":[22,23,26,27,33,31,30,17,723,949,3871,24,25,28,29,15,18,21,32,19,20,16,2012,796],"class_list":{"0":"post-140859","1":"post","2":"type-post","3":"status-publish","4":"format-standard","5":"has-post-thumbnail","7":"category-suomi","8":"tag-breaking-news","9":"tag-breakingnews","10":"tag-featured-news","11":"tag-featurednews","12":"tag-fi","13":"tag-finland","14":"tag-finnish","15":"tag-headlines","16":"tag-kainuu","17":"tag-kajaani","18":"tag-kaukolampo","19":"tag-latest-news","20":"tag-latestnews","21":"tag-main-news","22":"tag-mainnews","23":"tag-news","24":"tag-otsikot","25":"tag-paauutiset","26":"tag-suomi","27":"tag-top-stories","28":"tag-topstories","29":"tag-uutiset","30":"tag-viat-ja-ongelmat","31":"tag-yhteiskunta"},"share_on_mastodon":{"url":"https:\/\/pubeurope.com\/@fi\/115885525229236206","error":""},"_links":{"self":[{"href":"https:\/\/www.europesays.com\/fi\/wp-json\/wp\/v2\/posts\/140859","targetHints":{"allow":["GET"]}}],"collection":[{"href":"https:\/\/www.europesays.com\/fi\/wp-json\/wp\/v2\/posts"}],"about":[{"href":"https:\/\/www.europesays.com\/fi\/wp-json\/wp\/v2\/types\/post"}],"author":[{"embeddable":true,"href":"https:\/\/www.europesays.com\/fi\/wp-json\/wp\/v2\/users\/2"}],"replies":[{"embeddable":true,"href":"https:\/\/www.europesays.com\/fi\/wp-json\/wp\/v2\/comments?post=140859"}],"version-history":[{"count":0,"href":"https:\/\/www.europesays.com\/fi\/wp-json\/wp\/v2\/posts\/140859\/revisions"}],"wp:featuredmedia":[{"embeddable":true,"href":"https:\/\/www.europesays.com\/fi\/wp-json\/wp\/v2\/media\/140860"}],"wp:attachment":[{"href":"https:\/\/www.europesays.com\/fi\/wp-json\/wp\/v2\/media?parent=140859"}],"wp:term":[{"taxonomy":"category","embeddable":true,"href":"https:\/\/www.europesays.com\/fi\/wp-json\/wp\/v2\/categories?post=140859"},{"taxonomy":"post_tag","embeddable":true,"href":"https:\/\/www.europesays.com\/fi\/wp-json\/wp\/v2\/tags?post=140859"}],"curies":[{"name":"wp","href":"https:\/\/api.w.org\/{rel}","templated":true}]}}