{"id":140861,"date":"2026-01-13T02:52:17","date_gmt":"2026-01-13T02:52:17","guid":{"rendered":"https:\/\/www.europesays.com\/fi\/140861\/"},"modified":"2026-01-13T02:52:17","modified_gmt":"2026-01-13T02:52:17","slug":"urheilutoimittajain-liitto-valitsi-eri-lajien-vuoden-parhaat-kolmen-lajiliiton-nakemykselle-tyrmays-urheilu","status":"publish","type":"post","link":"https:\/\/www.europesays.com\/fi\/140861\/","title":{"rendered":"Urheilu\u00adtoimittajain liitto valitsi eri lajien vuoden parhaat \u2013 kolmen lajiliiton n\u00e4kemykselle tyrm\u00e4ys | Urheilu"},"content":{"rendered":"<p class=\"aw-1gybjub aw-5vja16 kEtdKx kmuxyA yle__article__paragraph\">Urheilu\u00adtoimittajat olivat eri mielt\u00e4 kuin Palloliitto, Urheiluliitto ja Pes\u00e4\u00adpalloliitto. Vuoden urheilija julkistetaan torstaina.<\/p>\n<p><img decoding=\"async\" alt=\"Aleksander Barkov mestaruushaastattelussa. \" src=\"https:\/\/www.europesays.com\/fi\/wp-content\/uploads\/2025\/09\/39-1482680685240875701c.jpeg\" class=\"aw-1l9m598 hKVVvP\"\/><\/p>\n<p>Avaa kuvien katselu<\/p>\n<p>Aleksander Barkov valittiin vuosi sitten Urheilugaalassa vuoden urheilijaksi. Barkov oli Urheilutoimittajain liiton valinta vuoden j\u00e4\u00e4kiekkoilijaksi. Kuva: Getty Images<\/p>\n<p class=\"aw-1gybjub aw-1p7kakr kEtdKx cEmitX yle__article__paragraph\">Urheilutoimittajain liitto on tehnyt perinteiset valintansa eri lajien parhaista urheilijoista vuodelta 2025.<\/p>\n<p class=\"aw-1gybjub aw-1p7kakr kEtdKx cEmitX yle__article__paragraph\">Valitsemisperinne alkoi vuonna 1946. T\u00e4n\u00e4 vuonna valinnat tehtiin 86 lajin osalta. Lajilistalle uutuutena tulivat fitnessurheilu ja cheerleading.<\/p>\n<p class=\"aw-1gybjub aw-1p7kakr kEtdKx cEmitX yle__article__paragraph\">Urheilutoimittajain liiton valiokunta p\u00e4\u00e4tyi eri valintoihin kuin jalkapallon, yleisurheilun ja pes\u00e4pallon lajiliitot. Urheilutoimittajat valitsivat vuoden jalkapalloilijaksi <strong class=\"aw-ak79eh KyCXm yle__article__strong\">Lukas Hradeckyn<\/strong>, yleisurheilijaksi <strong class=\"aw-ak79eh KyCXm yle__article__strong\">Alisa Vainion<\/strong> ja pes\u00e4palloilijaksi <strong class=\"aw-ak79eh KyCXm yle__article__strong\">Mikko Kanalan<\/strong>.<\/p>\n<p class=\"aw-1gybjub aw-1p7kakr kEtdKx cEmitX yle__article__paragraph\">Palloliiton valinta vuoden jalkapalloilijaksi oli <strong class=\"aw-ak79eh KyCXm yle__article__strong\">Oliver Antman<\/strong>, Urheiluliiton vuoden yleisurheilijaksi <strong class=\"aw-ak79eh KyCXm yle__article__strong\">Saga Vanninen<\/strong> ja Pes\u00e4palloliiton vuoden pes\u00e4palloilijaksi miehiss\u00e4 <strong class=\"aw-ak79eh KyCXm yle__article__strong\">Hannes Pekkinen<\/strong> ja naisissa <strong class=\"aw-ak79eh KyCXm yle__article__strong\">Virpi Hukka<\/strong>.<\/p>\n<p class=\"aw-1gybjub aw-1p7kakr kEtdKx cEmitX yle__article__paragraph\">P\u00f6yt\u00e4tenniksess\u00e4 p\u00e4\u00e4ttyi <strong class=\"aw-ak79eh KyCXm yle__article__strong\">Benedek Ol\u00e1hin<\/strong> 16 vuotta kest\u00e4nyt valtakausi. Nyt valinta osui parap\u00f6yt\u00e4tennispelaaja <strong class=\"aw-ak79eh KyCXm yle__article__strong\">Aino Tapolaan<\/strong>, joka nousi kuluneella kaudella ensimm\u00e4ist\u00e4 kertaa urallaan maailman rankingin k\u00e4rkeen.<\/p>\n<p><img decoding=\"async\" alt=\"Aino Tapola kuvassa\" src=\"https:\/\/www.europesays.com\/fi\/wp-content\/uploads\/2026\/01\/39-116853264f8c6e3269c0.jpeg\" loading=\"lazy\" class=\"aw-1l9m598 hKVVvP\"\/><\/p>\n<p>Avaa kuvien katselu<\/p>\n<p>P\u00f6yt\u00e4tennispelaaja Aino Tapola on Suomen parhaita paraurheilijoita. Nyt h\u00e4n on my\u00f6s vuoden p\u00f6yt\u00e4tennispelaaja. Kuva: ITTF<\/p>\n<p class=\"aw-1gybjub aw-1p7kakr kEtdKx cEmitX yle__article__paragraph\">Urheilugaala j\u00e4rjestet\u00e4\u00e4n t\u00e4m\u00e4n viikon torstaina 15. tammikuuta Helsingin areenassa. Tapahtuma n\u00e4kyy suorana <a class=\"aw-iao6s4 iHOxEa yle__article__link\" href=\"https:\/\/areena.yle.fi\/1-76904806\" role=\"link\" rel=\"nofollow noopener\" target=\"_blank\">Yle Areenassa<\/a> kello 18 ja <a class=\"aw-iao6s4 iHOxEa yle__article__link\" href=\"https:\/\/areena.yle.fi\/1-76510246\" role=\"link\" rel=\"nofollow noopener\" target=\"_blank\">TV2:ssa<\/a> kello 20 alkaen.<\/p>\n<p class=\"aw-1gybjub aw-1p7kakr kEtdKx cEmitX yle__article__paragraph\"><a class=\"aw-iao6s4 iHOxEa yle__article__link\" href=\"https:\/\/www.urheilugaala.fi\/sykahdyttavin-urheiluhetki\" role=\"link\" rel=\"nofollow noopener\" target=\"_blank\">Syk\u00e4hdytt\u00e4vin urheiluhetki -yleis\u00f6\u00e4\u00e4nestys<\/a> on auki torstaihin kello 21 asti. Vuoden urheilija valitaan Urheilutoimittajain liiton j\u00e4senten \u00e4\u00e4nestyksess\u00e4.<\/p>\n<p>Urheilutoimittajain liiton lajien parhaat 2025<\/p>\n<p class=\"aw-1gybjub aw-1p7kakr kEtdKx cEmitX yle__article__paragraph\"><strong class=\"aw-ak79eh KyCXm yle__article__strong\">Aerobic:<\/strong> Nea Hukkanen<br \/><strong class=\"aw-ak79eh KyCXm yle__article__strong\">Agility:<\/strong> Janina Kantola<br \/><strong class=\"aw-ak79eh KyCXm yle__article__strong\">Alam\u00e4kiluistelu:<\/strong> Linus Ollikainen<br \/><strong class=\"aw-ak79eh KyCXm yle__article__strong\">Alppilajit:<\/strong> Eduard Hallberg<br \/><strong class=\"aw-ak79eh KyCXm yle__article__strong\">Amerikkalainen jalkapallo:<\/strong> Edward Vesterinen<br \/><strong class=\"aw-ak79eh KyCXm yle__article__strong\">Ampumahiihto:<\/strong> Suvi Minkkinen<br \/><strong class=\"aw-ak79eh KyCXm yle__article__strong\">Ampumaurheilu:<\/strong> Marianne Palo<br \/><strong class=\"aw-ak79eh KyCXm yle__article__strong\">Autourheilu:<\/strong> Kalle Rovanper\u00e4<br \/><strong class=\"aw-ak79eh KyCXm yle__article__strong\">Beach volley:<\/strong> Nina Ahtilainen-Taru Lahti-Liukkonen<br \/><strong class=\"aw-ak79eh KyCXm yle__article__strong\">Biljardi:<\/strong> Casper Matikainen<\/p>\n<p class=\"aw-1gybjub aw-1p7kakr kEtdKx cEmitX yle__article__paragraph\"><strong class=\"aw-ak79eh KyCXm yle__article__strong\">Brasilialainen jujutsu ja lukkopaini:<\/strong> Salla Simola<br \/><strong class=\"aw-ak79eh KyCXm yle__article__strong\">Cheerleading:<\/strong> Vilja Veikkolainen<br \/><strong class=\"aw-ak79eh KyCXm yle__article__strong\">Curling:<\/strong> Lotta Immonen ja Markus Sipil\u00e4<br \/><strong class=\"aw-ak79eh KyCXm yle__article__strong\">Darts:<\/strong> Teemu Harju<br \/><strong class=\"aw-ak79eh KyCXm yle__article__strong\">Elektroninen urheilu:<\/strong> Joona Sotala<br \/><strong class=\"aw-ak79eh KyCXm yle__article__strong\">Freestyle:<\/strong> Anni K\u00e4r\u00e4v\u00e4<br \/><strong class=\"aw-ak79eh KyCXm yle__article__strong\">Fitness:<\/strong> Jenny Karjalainen<br \/><strong class=\"aw-ak79eh KyCXm yle__article__strong\">Frisbeegolf:<\/strong> Silva Saarinen<br \/><strong class=\"aw-ak79eh KyCXm yle__article__strong\">Futsal:<\/strong> Aleksi Pirttijoki<br \/><strong class=\"aw-ak79eh KyCXm yle__article__strong\">Golf:<\/strong> Sami V\u00e4lim\u00e4ki<\/p>\n<p><img decoding=\"async\" alt=\"Sami V\u00e4lim\u00e4ki suutelee voittopokaaliaan.\" src=\"https:\/\/www.europesays.com\/fi\/wp-content\/uploads\/2026\/01\/39-15587686924875b5d289.jpeg\" loading=\"lazy\" class=\"aw-1l9m598 hKVVvP\"\/><\/p>\n<p>Avaa kuvien katselu<\/p>\n<p>Golfaaja Sami V\u00e4lim\u00e4ki voitti uransa ensimm\u00e4isen PGA-kiertueen turnauksen Georgiassa Yhdysvalloissa marraskuussa. Kuva: Corey Perrine\/Florida Times-Union \/ USA TODAY NETWORK via Imagn Images<\/p>\n<p class=\"aw-1gybjub aw-1p7kakr kEtdKx cEmitX yle__article__paragraph\"><strong class=\"aw-ak79eh KyCXm yle__article__strong\">Hiihtosuunnistus:<\/strong> Niklas Ekstr\u00f6m<br \/><strong class=\"aw-ak79eh KyCXm yle__article__strong\">Ilmailu:<\/strong> Lassi Nurila<br \/><strong class=\"aw-ak79eh KyCXm yle__article__strong\">Jalkapallo:<\/strong> Lukas Hradecky<br \/><strong class=\"aw-ak79eh KyCXm yle__article__strong\">Jousiammunta:<\/strong> Anne Laurila<br \/><strong class=\"aw-ak79eh KyCXm yle__article__strong\">Judo:<\/strong> Luukas Saha<br \/><strong class=\"aw-ak79eh KyCXm yle__article__strong\">J\u00e4\u00e4kiekko:<\/strong> Aleksander Barkov<br \/><strong class=\"aw-ak79eh KyCXm yle__article__strong\">J\u00e4\u00e4pallo:<\/strong> Jussi Aaltonen<br \/><strong class=\"aw-ak79eh KyCXm yle__article__strong\">Karate:<\/strong> Bj\u00f6rn Kulovuori<br \/><strong class=\"aw-ak79eh KyCXm yle__article__strong\">Kaukalopallo:<\/strong> Kalle-Veikko Koivisto<br \/><strong class=\"aw-ak79eh KyCXm yle__article__strong\">Keilailu:<\/strong> Essi Pakarinen<\/p>\n<p class=\"aw-1gybjub aw-1p7kakr kEtdKx cEmitX yle__article__paragraph\"><strong class=\"aw-ak79eh KyCXm yle__article__strong\">Kiipeily:<\/strong> Tuukka Simonen<br \/><strong class=\"aw-ak79eh KyCXm yle__article__strong\">Koripallo:<\/strong> Lauri Markkanen<br \/><strong class=\"aw-ak79eh KyCXm yle__article__strong\">Kriketti:<\/strong> Mehdi Abbas<br \/><strong class=\"aw-ak79eh KyCXm yle__article__strong\">K\u00e4sipallo:<\/strong> Miska Henriksson<br \/><strong class=\"aw-ak79eh KyCXm yle__article__strong\">Lentopallo:<\/strong> Luka Marttila<br \/><strong class=\"aw-ak79eh KyCXm yle__article__strong\">Lumilautailu:<\/strong> Rene Rinnekangas<br \/><strong class=\"aw-ak79eh KyCXm yle__article__strong\">Maahockey:<\/strong> Paramprit Singh Gill<br \/><strong class=\"aw-ak79eh KyCXm yle__article__strong\">Maastohiihto:<\/strong> Lauri Vuorinen<br \/><strong class=\"aw-ak79eh KyCXm yle__article__strong\">Melonta:<\/strong> Netta Malinen<br \/><strong class=\"aw-ak79eh KyCXm yle__article__strong\">Miekkailu:<\/strong> Akseli Hein\u00e4maa<\/p>\n<p><img decoding=\"async\" alt=\"Painonnostaja Janette Ylisoini.\" src=\"https:\/\/www.europesays.com\/fi\/wp-content\/uploads\/2026\/01\/39-154174268f7afec99bb1.jpeg\" loading=\"lazy\" class=\"aw-1l9m598 hKVVvP\"\/><\/p>\n<p>Avaa kuvien katselu<\/p>\n<p>Janette Ylisoini sijoittui kuudenneksi painonnoston MM-kilpailuissa Norjassa lokakuussa. Nuoren urheilijan t\u00e4ht\u00e4in on asetettu tiukasti menestymiseen Los Angelesin olympialaisissa 2028. Kuva: Painonnostoliitto<\/p>\n<p class=\"aw-1gybjub aw-1p7kakr kEtdKx cEmitX yle__article__paragraph\"><strong class=\"aw-ak79eh KyCXm yle__article__strong\">Moottorikelkkailu:<\/strong> Aki Pihlaja<br \/><strong class=\"aw-ak79eh KyCXm yle__article__strong\">Moottoripy\u00f6r\u00e4ily:<\/strong> Rico Salmela<br \/><strong class=\"aw-ak79eh KyCXm yle__article__strong\">Moottoriveneily:<\/strong> Alec Weckstr\u00f6m<br \/><strong class=\"aw-ak79eh KyCXm yle__article__strong\">M\u00e4kihyppy:<\/strong> Jenny Rautionaho<br \/><strong class=\"aw-ak79eh KyCXm yle__article__strong\">Nykyaikainen 5-ottelu:<\/strong> Tiitus \u00c4mm\u00e4l\u00e4<br \/><strong class=\"aw-ak79eh KyCXm yle__article__strong\">Nyrkkeily:<\/strong> Pihla Kaivo-oja<br \/><strong class=\"aw-ak79eh KyCXm yle__article__strong\">Padel:<\/strong> Martina Minetti<br \/><strong class=\"aw-ak79eh KyCXm yle__article__strong\">Paini:<\/strong> Elias Kuosmanen<br \/><strong class=\"aw-ak79eh KyCXm yle__article__strong\">Painonnosto:<\/strong> Janette Ylisoini<br \/><strong class=\"aw-ak79eh KyCXm yle__article__strong\">Pes\u00e4pallo:<\/strong> Mikko Kanala<\/p>\n<p class=\"aw-1gybjub aw-1p7kakr kEtdKx cEmitX yle__article__paragraph\"><strong class=\"aw-ak79eh KyCXm yle__article__strong\">Petanque:<\/strong> Kimmo Ker\u00e4nen<br \/><strong class=\"aw-ak79eh KyCXm yle__article__strong\">Pikaluistelu:<\/strong> Laura Kivioja<br \/><strong class=\"aw-ak79eh KyCXm yle__article__strong\">Potkunyrkkeily:<\/strong> Jaakko Haanp\u00e4\u00e4<br \/><strong class=\"aw-ak79eh KyCXm yle__article__strong\">Purjehdus:<\/strong> Kaarle Tapper<br \/><strong class=\"aw-ak79eh KyCXm yle__article__strong\">Py\u00f6r\u00e4ily:<\/strong> Niilo Stenvall<br \/><strong class=\"aw-ak79eh KyCXm yle__article__strong\">Py\u00f6r\u00e4suunnistus:<\/strong> Ruska Saarela<br \/><strong class=\"aw-ak79eh KyCXm yle__article__strong\">P\u00f6yt\u00e4tennis:<\/strong> Aino Tapola<br \/><strong class=\"aw-ak79eh KyCXm yle__article__strong\">Raviurheilu:<\/strong> Santtu Raitala<br \/><strong class=\"aw-ak79eh KyCXm yle__article__strong\">Ratsastus:<\/strong> Saana Nieminen<br \/><strong class=\"aw-ak79eh KyCXm yle__article__strong\">Ringette:<\/strong> Maija V\u00e4yrynen<\/p>\n<p><img decoding=\"async\" alt=\"Rullalautailija Heili Sirvi\u00f6 tekem\u00e4ss\u00e4 ilmavaa temppua. Taustalla n\u00e4kyy X-Games-sarjan logoa.\" src=\"https:\/\/www.europesays.com\/fi\/wp-content\/uploads\/2026\/01\/39-1486954685fb1355de1e.jpeg\" loading=\"lazy\" class=\"aw-1l9m598 hKVVvP\"\/><\/p>\n<p>Avaa kuvien katselu<\/p>\n<p>Heili Sirvi\u00f6 skeittasi itsens\u00e4 suomalaisten tietoisuuteen Pariisin olympialaisissa 2024. Nyt h\u00e4n valmistautuu seuraavaan olympiakoitokseen Yhdysvalloissa. Kuva: Thurman James \/ AOP<\/p>\n<p class=\"aw-1gybjub aw-1p7kakr kEtdKx cEmitX yle__article__paragraph\"><strong class=\"aw-ak79eh KyCXm yle__article__strong\">Rugby:<\/strong> Reetta Tenhu<br \/><strong class=\"aw-ak79eh KyCXm yle__article__strong\">Rullalautailu:<\/strong> Heili Sirvi\u00f6<br \/><strong class=\"aw-ak79eh KyCXm yle__article__strong\">Salibandy:<\/strong> Veera Kauppi<br \/><strong class=\"aw-ak79eh KyCXm yle__article__strong\">Soutu:<\/strong> Joel Naukkarinen<br \/><strong class=\"aw-ak79eh KyCXm yle__article__strong\">Squash:<\/strong> Emilia Soini<br \/><strong class=\"aw-ak79eh KyCXm yle__article__strong\">Sulkapallo:<\/strong> Joakim Oldorff<br \/><strong class=\"aw-ak79eh KyCXm yle__article__strong\">Suunnistus:<\/strong> Akseli Ruohola<br \/><strong class=\"aw-ak79eh KyCXm yle__article__strong\">Taekwondo:<\/strong> Inari Susiluoto<br \/><strong class=\"aw-ak79eh KyCXm yle__article__strong\">Taitoluistelu:<\/strong> Helsinki Rockettes<br \/><strong class=\"aw-ak79eh KyCXm yle__article__strong\">Taitouinti:<\/strong> Iiris Nurmi ja Mari Moilala<\/p>\n<p class=\"aw-1gybjub aw-1p7kakr kEtdKx cEmitX yle__article__paragraph\"><strong class=\"aw-ak79eh KyCXm yle__article__strong\">Tanssiurheilu:<\/strong> Ida Ker\u00e4nen ja Juho P\u00e4ivinen<br \/><strong class=\"aw-ak79eh KyCXm yle__article__strong\">Tennis:<\/strong> Harri Heli\u00f6vaara<br \/><strong class=\"aw-ak79eh KyCXm yle__article__strong\">Thainyrkkeily:<\/strong> Eeva Pohto<br \/><strong class=\"aw-ak79eh KyCXm yle__article__strong\">Tikkaurheilu:<\/strong> Jasmin Suomalainen<br \/><strong class=\"aw-ak79eh KyCXm yle__article__strong\">Triathlon:<\/strong> Henrik Goesch<br \/><strong class=\"aw-ak79eh KyCXm yle__article__strong\">Uimahypyt:<\/strong> Juho Junttila<br \/><strong class=\"aw-ak79eh KyCXm yle__article__strong\">Uinti:<\/strong> Veera Kivirinta<br \/><strong class=\"aw-ak79eh KyCXm yle__article__strong\">Valjakkourheilu:<\/strong> Pasi Heinonen<br \/><strong class=\"aw-ak79eh KyCXm yle__article__strong\">Vapaaottelu:<\/strong> Omar Tugarev<br \/><strong class=\"aw-ak79eh KyCXm yle__article__strong\">Vesihiihto:<\/strong> Jutta Menestrina<\/p>\n<p class=\"aw-1gybjub aw-1p7kakr kEtdKx cEmitX yle__article__paragraph\"><strong class=\"aw-ak79eh KyCXm yle__article__strong\">Vesipallo:<\/strong> Mats Johnsson<br \/><strong class=\"aw-ak79eh KyCXm yle__article__strong\">Voimalajit:<\/strong> Riia Nieminen<br \/><strong class=\"aw-ak79eh KyCXm yle__article__strong\">Voimanosto:<\/strong> Antti Savolainen<br \/><strong class=\"aw-ak79eh KyCXm yle__article__strong\">Voimistelu:<\/strong> Robert Kirmes<br \/><strong class=\"aw-ak79eh KyCXm yle__article__strong\">Yhdistetty:<\/strong> Ilkka Herola<br \/><strong class=\"aw-ak79eh KyCXm yle__article__strong\">Yleisurheilu:<\/strong> Alisa Vainio<\/p>\n<p><img decoding=\"async\" alt=\"Maratonjuoksija Alisa Vainio.\" src=\"https:\/\/www.europesays.com\/fi\/wp-content\/uploads\/2025\/12\/39-156688769381d0f1c383.jpeg\" loading=\"lazy\" class=\"aw-1l9m598 hKVVvP\"\/><\/p>\n<p>Avaa kuvien katselu<\/p>\n<p>Maratoonari Alisa Vainio oli Tokion MM-kisoissa syyskuussa sensaatiomaisesti viides. Suomen enn\u00e4tys h\u00e4n kohensi loppuvuodesta kahteen otteeseen. Kuva: Kiyoshi Ota \/ EPA<\/p>\n","protected":false},"excerpt":{"rendered":"Urheilu\u00adtoimittajat olivat eri mielt\u00e4 kuin Palloliitto, Urheiluliitto ja Pes\u00e4\u00adpalloliitto. Vuoden urheilija julkistetaan torstaina. Avaa kuvien katselu Aleksander Barkov&hellip;\n","protected":false},"author":2,"featured_media":46009,"comment_status":"","ping_status":"","sticky":false,"template":"","format":"standard","meta":{"footnotes":""},"categories":[5],"tags":[22,23,26,27,33,31,30,17,24,25,28,29,1077,15,18,21,24300,32,19,20,160,24299,16],"class_list":{"0":"post-140861","1":"post","2":"type-post","3":"status-publish","4":"format-standard","5":"has-post-thumbnail","7":"category-otsikot","8":"tag-breaking-news","9":"tag-breakingnews","10":"tag-featured-news","11":"tag-featurednews","12":"tag-fi","13":"tag-finland","14":"tag-finnish","15":"tag-headlines","16":"tag-latest-news","17":"tag-latestnews","18":"tag-main-news","19":"tag-mainnews","20":"tag-media","21":"tag-news","22":"tag-otsikot","23":"tag-paauutiset","24":"tag-suomen-urheilugaala","25":"tag-suomi","26":"tag-top-stories","27":"tag-topstories","28":"tag-urheilu","29":"tag-urheilutoimittajat","30":"tag-uutiset"},"share_on_mastodon":{"url":"https:\/\/pubeurope.com\/@fi\/115885529092047108","error":""},"_links":{"self":[{"href":"https:\/\/www.europesays.com\/fi\/wp-json\/wp\/v2\/posts\/140861","targetHints":{"allow":["GET"]}}],"collection":[{"href":"https:\/\/www.europesays.com\/fi\/wp-json\/wp\/v2\/posts"}],"about":[{"href":"https:\/\/www.europesays.com\/fi\/wp-json\/wp\/v2\/types\/post"}],"author":[{"embeddable":true,"href":"https:\/\/www.europesays.com\/fi\/wp-json\/wp\/v2\/users\/2"}],"replies":[{"embeddable":true,"href":"https:\/\/www.europesays.com\/fi\/wp-json\/wp\/v2\/comments?post=140861"}],"version-history":[{"count":0,"href":"https:\/\/www.europesays.com\/fi\/wp-json\/wp\/v2\/posts\/140861\/revisions"}],"wp:featuredmedia":[{"embeddable":true,"href":"https:\/\/www.europesays.com\/fi\/wp-json\/wp\/v2\/media\/46009"}],"wp:attachment":[{"href":"https:\/\/www.europesays.com\/fi\/wp-json\/wp\/v2\/media?parent=140861"}],"wp:term":[{"taxonomy":"category","embeddable":true,"href":"https:\/\/www.europesays.com\/fi\/wp-json\/wp\/v2\/categories?post=140861"},{"taxonomy":"post_tag","embeddable":true,"href":"https:\/\/www.europesays.com\/fi\/wp-json\/wp\/v2\/tags?post=140861"}],"curies":[{"name":"wp","href":"https:\/\/api.w.org\/{rel}","templated":true}]}}