{"id":140865,"date":"2026-01-13T03:15:30","date_gmt":"2026-01-13T03:15:30","guid":{"rendered":"https:\/\/www.europesays.com\/fi\/140865\/"},"modified":"2026-01-13T03:15:30","modified_gmt":"2026-01-13T03:15:30","slug":"naita-autoja-viedaan-eniten-romuttamolle","status":"publish","type":"post","link":"https:\/\/www.europesays.com\/fi\/140865\/","title":{"rendered":"N\u00e4it\u00e4 autoja vied\u00e4\u00e4n eniten romuttamolle"},"content":{"rendered":"<p class=\"ai-optimize-introduction ai-optimize-6\">Viime vuonna Suomessa romutettiin yhteens\u00e4 62 502 ajoneuvoa, mik\u00e4 on 11,8 prosenttia v\u00e4hemm\u00e4n kuin edellisen\u00e4 vuonna.<\/p>\n<p class=\"ai-optimize-introduction ai-optimize-6\">\u2013 Talouden huono tilanne heijastuu my\u00f6s autojen romuttamiseen. Kuten uusien autojen kauppa, my\u00f6s romutukset olivat viime vuonna alavireisi\u00e4, Suomen Autokierr\u00e4tys Oy:n toimitusjohtaja <strong>Juha Kenraali<\/strong> sanoo tiedotteessa.<\/p>\n<p class=\"ai-optimize-introduction ai-optimize-6\">Pitk\u00e4n ajan keskiarvo on noin 70 000 kierr\u00e4tetty\u00e4 ajoneuvoa vuodessa.<\/p>\n<p class=\"ai-optimize-introduction ai-optimize-6\">Viime vuonna eniten kierr\u00e4tettyj\u00e4 automerkkej\u00e4 olivat Volkswagen, Ford ja Opel. Kierr\u00e4tettyjen henkil\u00f6autojen keski-ik\u00e4 oli jo 23,0 vuotta.<\/p>\n<p class=\"ai-optimize-introduction ai-optimize-6\">Joulukuussa romutusten m\u00e4\u00e4r\u00e4t k\u00e4\u00e4ntyiv\u00e4t kuuden prosentin kasvuun, mik\u00e4 enteilee romutuspalkkiokampanjan varsinaista k\u00e4ynnistymist\u00e4.<\/p>\n<p class=\"ai-optimize-introduction ai-optimize-6\">\u2013 Romutuspalkkiokampanja on hyv\u00e4 ty\u00f6kalu kierr\u00e4tt\u00e4\u00e4 elinkaaren lopussa olevat autot ja samalla tuoda autokantaan uusia v\u00e4h\u00e4p\u00e4\u00e4st\u00f6isi\u00e4 ja turvallisia autoja, Juha Kenraali toteaa.<\/p>\n<p class=\"ai-optimize-introduction ai-optimize-6\">Valtakunnallisesti autojen kierr\u00e4tys keskittyy suurimpiin kasvukeskuksiin Uudellemaalle, Pirkanmaalle, Varsinais-Suomeen ja Pohjois-Pohjanmaalle. Romutusm\u00e4\u00e4r\u00e4t laskivat vuonna 2025 edelliseen vuoteen verrattuna kaikissa Manner-Suomen maakunnissa. Suhteellisesti romutusm\u00e4\u00e4r\u00e4t putosivat eniten P\u00e4ij\u00e4t-H\u00e4meess\u00e4 (-22,6 prosenttia) ja Pohjois-Savossa (-21,5 prosenttia). Etel\u00e4-Karjalassa romutusm\u00e4\u00e4r\u00e4 ei juurikaan muuttunut, vaan laskua oli vain yhden prosentin verran.<\/p>\n","protected":false},"excerpt":{"rendered":"Viime vuonna Suomessa romutettiin yhteens\u00e4 62 502 ajoneuvoa, mik\u00e4 on 11,8 prosenttia v\u00e4hemm\u00e4n kuin edellisen\u00e4 vuonna. \u2013 Talouden&hellip;\n","protected":false},"author":2,"featured_media":140866,"comment_status":"","ping_status":"","sticky":false,"template":"","format":"standard","meta":{"footnotes":""},"categories":[76],"tags":[648,79,77,33,31,30,32,78],"class_list":{"0":"post-140865","1":"post","2":"type-post","3":"status-publish","4":"format-standard","5":"has-post-thumbnail","7":"category-talous","8":"tag-autot","9":"tag-business","10":"tag-economy","11":"tag-fi","12":"tag-finland","13":"tag-finnish","14":"tag-suomi","15":"tag-talous"},"share_on_mastodon":{"url":"https:\/\/pubeurope.com\/@fi\/115885619513329317","error":""},"_links":{"self":[{"href":"https:\/\/www.europesays.com\/fi\/wp-json\/wp\/v2\/posts\/140865","targetHints":{"allow":["GET"]}}],"collection":[{"href":"https:\/\/www.europesays.com\/fi\/wp-json\/wp\/v2\/posts"}],"about":[{"href":"https:\/\/www.europesays.com\/fi\/wp-json\/wp\/v2\/types\/post"}],"author":[{"embeddable":true,"href":"https:\/\/www.europesays.com\/fi\/wp-json\/wp\/v2\/users\/2"}],"replies":[{"embeddable":true,"href":"https:\/\/www.europesays.com\/fi\/wp-json\/wp\/v2\/comments?post=140865"}],"version-history":[{"count":0,"href":"https:\/\/www.europesays.com\/fi\/wp-json\/wp\/v2\/posts\/140865\/revisions"}],"wp:featuredmedia":[{"embeddable":true,"href":"https:\/\/www.europesays.com\/fi\/wp-json\/wp\/v2\/media\/140866"}],"wp:attachment":[{"href":"https:\/\/www.europesays.com\/fi\/wp-json\/wp\/v2\/media?parent=140865"}],"wp:term":[{"taxonomy":"category","embeddable":true,"href":"https:\/\/www.europesays.com\/fi\/wp-json\/wp\/v2\/categories?post=140865"},{"taxonomy":"post_tag","embeddable":true,"href":"https:\/\/www.europesays.com\/fi\/wp-json\/wp\/v2\/tags?post=140865"}],"curies":[{"name":"wp","href":"https:\/\/api.w.org\/{rel}","templated":true}]}}