{"id":140879,"date":"2026-01-13T03:42:07","date_gmt":"2026-01-13T03:42:07","guid":{"rendered":"https:\/\/www.europesays.com\/fi\/140879\/"},"modified":"2026-01-13T03:42:07","modified_gmt":"2026-01-13T03:42:07","slug":"trump-usa-asettaa-25-prosentin-tuontitullit-maille-jotka-kayvat-kauppaa-iranin-kanssa-uutissuomalainen","status":"publish","type":"post","link":"https:\/\/www.europesays.com\/fi\/140879\/","title":{"rendered":"Trump: USA asettaa 25 prosentin tuontitullit maille, jotka k\u00e4yv\u00e4t kauppaa Iranin kanssa | Uutissuomalainen"},"content":{"rendered":"<p>Yhdysvaltain presidentti Donald Trump ilmoittaa asettavansa 25 prosentin tuontitullit kaikille maille, jotka k\u00e4yv\u00e4t kauppaa Iranin kanssa. Trump <a href=\"https:\/\/truthsocial.com\/@realDonaldTrump\/posts\/115884319075881590\" rel=\"nofollow noopener\" target=\"_blank\">kertoi<\/a> asiasta omistamassaan Truth Social -viestipalvelussa maanantaina.<\/p>\n<p>\u2013\u2009Kaikki Iranin islamilaisen tasavallan kanssa kauppaa k\u00e4yv\u00e4t maat joutuvat maksamaan kaikesta Yhdysvaltojen kanssa k\u00e4yt\u00e4v\u00e4st\u00e4 kaupasta 25 prosentin tullit, Trump sanoi k\u00e4ytt\u00e4en Iranin virallista nime\u00e4.<\/p>\n<p>Trumpin mukaan tullit astuvat voimaan v\u00e4litt\u00f6m\u00e4sti.<\/p>\n<p>Trump on sanonut harkitsevansa mahdollisia sotilaallisia toimia Irania vastaan sen j\u00e4lkeen, kun iranilaishallinto on pyrkinyt tukahduttamaan maassa puhjenneita mielenosoituksia v\u00e4kivaltaisesti.<\/p>\n<p>\u2013\u2009Ilmaiskut ovat yksi monista, monista p\u00f6yd\u00e4ll\u00e4 olevista vaihtoehdoista, Valkoisen talon lehdist\u00f6sihteeri Karoline Leavitt sanoi aiemmin maanantaina.<\/p>\n<p>\t\t\t\tLeavitt: Diplomaattinen kanava auki<\/p>\n<p>Leavitt sanoi lis\u00e4ksi, ett\u00e4 Iranin k\u00e4ytett\u00e4viss\u00e4 on my\u00f6s diplomaattinen kanava erityisl\u00e4hettil\u00e4s Steve Witkoffin suuntaan. Leavitt lis\u00e4si, ett\u00e4 Iranin k\u00e4ytt\u00e4m\u00e4 s\u00e4vy kulissien takana k\u00e4ydyiss\u00e4 keskusteluissa eroaa huomattavasti maan julkisista lausunnoista.<\/p>\n<p>Reilut kaksi viikkoa sitten alkaneissa mielenosoituksissa on eri l\u00e4hteiden mukaan kuollut satoja ihmisi\u00e4 ja tuhansia on pid\u00e4tetty. Iranin talouskriisist\u00e4 alkunsa saaneet mielenosoitukset ovat muuttuneet liikkeeksi, joka vastustaa vuosikymmeni\u00e4 vallassa ollutta teokraattista hallintoa.<\/p>\n<p>Trump ei listannut maanantaisessa p\u00e4ivityksess\u00e4\u00e4n erikseen, mit\u00e4 maita uudet tullit koskevat.<\/p>\n<p>Iranin t\u00e4rkeimpi\u00e4 kauppakumppaneita ovat Kiina, Irak, Arabiemiraatit, Turkki ja Intia, kertovat muun muassa uutiskanava <a href=\"https:\/\/edition.cnn.com\/2026\/01\/12\/business\/tariffs-trump-iran\" rel=\"nofollow noopener\" target=\"_blank\">CNN<\/a> ja Britannian yleisradioyhti\u00f6 <a href=\"https:\/\/www.bbc.com\/news\/articles\/clyev0kpk77o\" rel=\"nofollow noopener\" target=\"_blank\">BBC<\/a>. <\/p>\n","protected":false},"excerpt":{"rendered":"Yhdysvaltain presidentti Donald Trump ilmoittaa asettavansa 25 prosentin tuontitullit kaikille maille, jotka k\u00e4yv\u00e4t kauppaa Iranin kanssa. Trump kertoi&hellip;\n","protected":false},"author":2,"featured_media":140880,"comment_status":"","ping_status":"","sticky":false,"template":"","format":"standard","meta":{"footnotes":""},"categories":[14],"tags":[2326,22,23,2617,585,26,27,33,31,30,17,2455,683,24,25,28,29,15,18,21,637,144,32,19,20,56,16,59,60,61,143],"class_list":{"0":"post-140879","1":"post","2":"type-post","3":"status-publish","4":"format-standard","5":"has-post-thumbnail","7":"category-ulkomaat","8":"tag-bbc","9":"tag-breaking-news","10":"tag-breakingnews","11":"tag-cnn","12":"tag-donald-trump","13":"tag-featured-news","14":"tag-featurednews","15":"tag-fi","16":"tag-finland","17":"tag-finnish","18":"tag-headlines","19":"tag-hengenvaara-ja-loukkaantuminen","20":"tag-kuolema","21":"tag-latest-news","22":"tag-latestnews","23":"tag-main-news","24":"tag-mainnews","25":"tag-news","26":"tag-otsikot","27":"tag-paauutiset","28":"tag-politiikka","29":"tag-presidentti","30":"tag-suomi","31":"tag-top-stories","32":"tag-topstories","33":"tag-ulkomaat","34":"tag-uutiset","35":"tag-world","36":"tag-world-news","37":"tag-worldnews","38":"tag-yhdysvaltain-politiikka"},"share_on_mastodon":{"url":"https:\/\/pubeurope.com\/@fi\/115885725627174942","error":""},"_links":{"self":[{"href":"https:\/\/www.europesays.com\/fi\/wp-json\/wp\/v2\/posts\/140879","targetHints":{"allow":["GET"]}}],"collection":[{"href":"https:\/\/www.europesays.com\/fi\/wp-json\/wp\/v2\/posts"}],"about":[{"href":"https:\/\/www.europesays.com\/fi\/wp-json\/wp\/v2\/types\/post"}],"author":[{"embeddable":true,"href":"https:\/\/www.europesays.com\/fi\/wp-json\/wp\/v2\/users\/2"}],"replies":[{"embeddable":true,"href":"https:\/\/www.europesays.com\/fi\/wp-json\/wp\/v2\/comments?post=140879"}],"version-history":[{"count":0,"href":"https:\/\/www.europesays.com\/fi\/wp-json\/wp\/v2\/posts\/140879\/revisions"}],"wp:featuredmedia":[{"embeddable":true,"href":"https:\/\/www.europesays.com\/fi\/wp-json\/wp\/v2\/media\/140880"}],"wp:attachment":[{"href":"https:\/\/www.europesays.com\/fi\/wp-json\/wp\/v2\/media?parent=140879"}],"wp:term":[{"taxonomy":"category","embeddable":true,"href":"https:\/\/www.europesays.com\/fi\/wp-json\/wp\/v2\/categories?post=140879"},{"taxonomy":"post_tag","embeddable":true,"href":"https:\/\/www.europesays.com\/fi\/wp-json\/wp\/v2\/tags?post=140879"}],"curies":[{"name":"wp","href":"https:\/\/api.w.org\/{rel}","templated":true}]}}