{"id":140914,"date":"2026-01-13T04:59:10","date_gmt":"2026-01-13T04:59:10","guid":{"rendered":"https:\/\/www.europesays.com\/fi\/140914\/"},"modified":"2026-01-13T04:59:10","modified_gmt":"2026-01-13T04:59:10","slug":"seger-hakee-hallittua-kasvua-alihankintayrityksen-tulevaisuus-on-puhtaan-energian-teollisuuden-tarpeissa","status":"publish","type":"post","link":"https:\/\/www.europesays.com\/fi\/140914\/","title":{"rendered":"Seger hakee hallittua kasvua \u2013\u2009Alihankintayrityksen tulevaisuus on puhtaan energian teollisuuden tarpeissa"},"content":{"rendered":"<p>Teollisuuden ohutlevyosia Uudenkaupungin Santtiossa valmistava Seger kasvaa reilun 10 prosentin vuosivauhtia. Toimitusjohtaja <b>Kimmo T\u00e4htinen<\/b> laskee, ett\u00e4 yrityksen liikevaihto voisi nykytahdilla ylitt\u00e4\u00e4 30 miljoonaa euroa jo vuoden 2028 lopulla.<\/p>\n<p>\u2013\u2009Olemme j\u00e4rjestelleet tehdasta ja organisaatiotamme tulevaa kasvua varten. N\u00e4iss\u00e4 tiloissa ja t\u00e4ll\u00e4 organisaatiolla tuon kokoluokan liikevaihto on t\u00e4ysin mahdollinen, ja k\u00e4ynniss\u00e4 oleva vihre\u00e4 siirtym\u00e4 on meille suuri mahdollisuus, T\u00e4htinen sanoo.<\/p>\n<p>Segerin vuoden 2024 liikevaihto oli liki 19 miljoonaa ja T\u00e4htisen mukaan viime vuonna kasvua tuli runsaasti, vaikkei h\u00e4n tarkkoja lukuja viel\u00e4 haluakaan avata.<\/p>\n<p>\u2013\u2009Olemme vieneet tuotantoon paljon uutta laitteistoa ja teemme t\u00e4ll\u00e4 hetkell\u00e4 t\u00f6it\u00e4 osin kolmessa vuorossa.<\/p>\n<p>Seger tekee alihankintana muun muassa virtakiskoja, ohutlevykoteloita ja -komponentteja sek\u00e4 n\u00e4iden kokoonpanoja. Uudessakaupungissa tehtyj\u00e4 osia k\u00e4ytet\u00e4\u00e4n muun muassa tuuli- ja aurinkoenergian tuottamiseen ja varastoimiseen, energian s\u00e4\u00e4st\u00e4miseen, mutta my\u00f6s toimistojen hiljaistiloissa sek\u00e4 ilmastointilaitteissa.<\/p>\n<p>\u2013\u2009T\u00e4lle vuodelle ei ole heti luvassa rekrytointeja, mutta viime vuonna palkkasimme useita henkil\u00f6it\u00e4. Meill\u00e4 ty\u00f6skentelee t\u00e4ll\u00e4 hetkell\u00e4 esimerkiksi yli 20 ukrainalaista ja olemme hyvin tyytyv\u00e4isi\u00e4 heid\u00e4n ty\u00f6h\u00f6ns\u00e4. Lis\u00e4ksi meill\u00e4 on t\u00f6iss\u00e4 muutamia muita kansalaisuuksia, joiden \u00e4idinkieli ei ole suomi, T\u00e4htinen kertoo.<\/p>\n<p><img fetchpriority=\"high\" decoding=\"async\" class=\"size-medium wp-image-129356\" src=\"https:\/\/www.europesays.com\/fi\/wp-content\/uploads\/2026\/01\/11652562-188x270.jpg\" alt=\"\" width=\"188\" height=\"270\"  \/>Segerill\u00e4 valmistetaan muun muassa alumiinisia virtakiskoja. T\u00e4m\u00e4 levytavarasta tehty kisko on muovitettu, siihen on laitettu insertit ja muut osat, sen j\u00e4lkeen se pakataan ja toimitetaan Saksaan.<\/p>\n<p>Koronavuosina Segerin tuotteiden kysynt\u00e4 laski hetkellisesti ja yritys p\u00e4\u00e4tyi teett\u00e4m\u00e4\u00e4n ty\u00f6ntekij\u00f6ill\u00e4\u00e4n vajaata ty\u00f6aikaa, jotta kysynt\u00e4kuopasta selvittiin ilman irtisanomisia. Taustalla oli my\u00f6s kulkuneuvoteollisuuteen tehtyjen alihankintaosien kysynn\u00e4n lasku.<\/p>\n<p>\u2013 Olemme ketter\u00e4 yritys, joka on tarvittaessa asiakkaan mukana tuotesuunnittelusta ja prototyyppivaiheesta l\u00e4htien. Kykenemme valmistamaan tuotteita muutaman kappaleen erist\u00e4 satojen tuhansien vuosivolyymeihin. T\u00e4ll\u00e4 hetkell\u00e4 valmistamme asiakkaillemme l\u00e4hes 2\u2009000 erilaista lopputuotetta, T\u00e4htinen huomauttaa.<\/p>\n<p>Vuonna 2023 Segerin tilauskirjat t\u00e4yttyiv\u00e4t \u00e4\u00e4ri\u00e4\u00e4n my\u00f6ten. Energian hinta l\u00e4hti Ven\u00e4j\u00e4n hy\u00f6kk\u00e4yssodan my\u00f6t\u00e4 nousuun ja s\u00e4hk\u00f6markkinoiden komponenttien kysynt\u00e4 nousi pilviin. Samalla raaka-aineiden hinnat kasvoivat ja niiden saatavuus heikkeni.<\/p>\n<p>\u2013\u2009Energiasektorilla oli ennenn\u00e4kem\u00e4t\u00f6n kysynt\u00e4piikki, joten teimme toimintaamme monia muutoksia, jotta olisimme pystyneet vastaamaan yht\u00e4kki\u00e4 nousseeseen kysynt\u00e4\u00e4n. Seuraavaksi markkinat niiasivat ja tuli kova \u00e4kkijarrutus, kun ennusteet k\u00e4\u00e4ntyiv\u00e4t j\u00e4lleen nopeasti, T\u00e4htinen kertaa.<\/p>\n<p><img loading=\"lazy\" decoding=\"async\" class=\"wp-image-129355 size-full\" src=\"https:\/\/www.europesays.com\/fi\/wp-content\/uploads\/2026\/01\/11652563.jpg\" alt=\"\" width=\"900\" height=\"655\"  \/>Segerin kokoonpanotehtaan puolella on esill\u00e4 virtakiskokokoonpanon malleja.<\/p>\n<p>Ennustettavuus j\u00e4i maailmantilanteen poukkoilun takia vaikeaksi, mutta onnistuneiden investointien ja organisaatiomuutosten my\u00f6t\u00e4 Seger on j\u00e4lleen kasvanut v\u00e4hitellen ja se n\u00e4kyy vuoden 2025 myynniss\u00e4 ja tulevaisuuden odotuksissa.<\/p>\n<p>\u2013 Yrityksen toiminta nojaa vahvasti vientiin. Suoraan vientiin menee noin 30 prosenttia tuotteistamme, mutta v\u00e4lik\u00e4sien kautta liki 90 prosenttia. T\u00e4rkeit\u00e4 markkinoita Segerille ovat muun muassa Saksa ja Yhdysvallat, T\u00e4htinen listaa.<\/p>\n<p>Yhdysvaltojen poukkoileva tullipolitiikka on aiheuttanut sen, ett\u00e4 Segerin on esimerkiksi teht\u00e4v\u00e4 aiempaa tarkemmat materiaaliselvitykset tuotteistaan.<\/p>\n<p>\u2013\u2009Toisaalta meill\u00e4 on nyt paljon tuotteita, joiden kysynt\u00e4 on kasvanut, kun yritykset ovat siirt\u00e4neet valmistusta pois Yhdysvalloista, joten osittain olemme my\u00f6s hy\u00f6tyneet tullipoukkoilusta.<\/p>\n<p><img loading=\"lazy\" decoding=\"async\" class=\"wp-image-129354 size-full\" src=\"https:\/\/www.europesays.com\/fi\/wp-content\/uploads\/2026\/01\/11652564.jpg\" alt=\"\" width=\"900\" height=\"659\"  \/>Segerin tehtaan puolella on useita robotteja, jotka tekev\u00e4t toistuvia ja yksinkertaisia t\u00f6it\u00e4. T\u00e4ss\u00e4 kone tekee metallikappaleisiin kierteit\u00e4.<\/p>\n<p>T\u00e4ll\u00e4 hetkell\u00e4 Segerin merkitt\u00e4vi\u00e4 asiakkaita ovat muun muassa s\u00e4hk\u00f6voimatekniikkaan ja automaatioon keskittynyt kansainv\u00e4linen ABB sek\u00e4 taajuusmuuttajia valmistava tanskalainen Danfors, mutta T\u00e4htisen puheessa vilahtelee useita tuttuja kotimaisia asiakasyrityksi\u00e4, joita ei kuitenkaan saa julkistaa.<\/p>\n<p>\u2013\u2009Meill\u00e4 on Suomessa useampikin kilpailija, jotka toimivat osin samalla segmentill\u00e4 kuin Seger. Kuljemme omaa v\u00e4yl\u00e4\u00e4mme ja pyrimme keskittym\u00e4\u00e4n niihin tuotteisiin, joissa olemme oikeasti hyvi\u00e4. Olemme vahvalla osaamisalueellamme kilpailukykyisi\u00e4 my\u00f6s kansainv\u00e4lisiss\u00e4 kilpailutuksissa ja asiakkaamme arvostavat vihreit\u00e4 arvoja.<\/p>\n<p>Seger tekee esimerkiksi virtakiskoja kuparista ja alumiinista. Suuri osa Segerin k\u00e4ytt\u00e4m\u00e4st\u00e4 kuparista hankitaan suoraan yhteisty\u00f6kumppanin tehtaalta Porista. Varsinais-Suomen alueella Seger tekee merkitt\u00e4v\u00e4\u00e4 yhteisty\u00f6t\u00e4 esimerkiksi Turun ja Salon suuntaan, joista l\u00f6ytyy useampi yritys tuotteiden pinnoittamiseen.<\/p>\n<p>\u2013\u2009Laitamme jatkossa entist\u00e4 enemm\u00e4n paukkuja kansainv\u00e4liseen toimintaan. T\u00e4ll\u00e4 hetkell\u00e4 Segerill\u00e4 on merkitt\u00e4v\u00e4\u00e4 vienti\u00e4 Saksaan, ja se on tulevaisuudessa kasvamassa. En pid\u00e4 mitenk\u00e4\u00e4n mahdottomana, etteik\u00f6 meill\u00e4 voisi olla tulevaisuudessa toimintaa muuallakin Euroopassa, T\u00e4htinen pohtii.<\/p>\n<p>Fakta<br \/>\nSeger Oy<\/p>\n<p>Perustettu 2002.<br \/>Valmistaa ohutlevyosia ja tarjoaa my\u00f6s tuotesuunnittelutukea.<br \/>Juuret ulottuvat 1980-luvulla Ugissa perustettuun Segerstr\u00f6m&amp;Svenssoniin.<br \/>Alun perin yritys palveli autotehtaan ja tietoliikennevalmistajien tarpeita.<br \/>Toimii kotimaisilla ja kansainv\u00e4lisill\u00e4 markkinoilla.<br \/>Asiakkaat s\u00e4hk\u00f6- ja elektroniikkateollisuudessa, energiateollisuudessa, kulkuneuvoteollisuudessa, rakennus- ja ilmastointiteollisuudessa ja muussa valmistavassa teollisuudessa.<br \/>Henkil\u00f6st\u00f6\u00e4 115, joista 95 tuotannossa ja loput hallinnossa.<br \/>Tuotannosta v\u00e4lillisesti vientiin noin 90 prosenttia.<br \/>Suoraan vientiin noin 30 prosenttia.<br \/>Kimmo T\u00e4htinen toiminut toimitusjohtajana vuodesta 2018.<br \/>Noin 12\u2009000 neli\u00f6n tehdas-, varasto- ja toimistotoimitilat Uudessakaupungissa.<br \/>Tehdas on toiminnassa ymp\u00e4ri vuorokauden, koska robotit k\u00e4yv\u00e4t tehtaalla \u00f6isin ja viikonloppuisin p\u00e4\u00e4osin miehitt\u00e4m\u00e4tt\u00f6m\u00e4n\u00e4.<br \/>Ty\u00f6ntekij\u00e4t ovat paikalla kahdessa tai kolmessa vuorossa maanantaista perjantaihin.<br \/>Liikevaihto yli 20 miljoonaa euroa.<\/p>\n<p>\t\t\t\t<a href=\"https:\/\/www.uudenkaupunginsanomat.fi\/wp-content\/uploads\/2026\/01\/11652565.jpg\" rel=\"nofollow noopener\" target=\"_blank\"><img loading=\"lazy\" decoding=\"async\" width=\"696\" height=\"516\" src=\"https:\/\/www.europesays.com\/fi\/wp-content\/uploads\/2026\/01\/11652565-810x600.jpg\" class=\"attachment-large size-large\" alt=\"\" aria-describedby=\"gallery-1-129353\"  \/><\/a><\/p>\n<p>\t\t\t\tKimmo T\u00e4htinen on toiminut Segerin toimitusjohtajana vuodesta 2018 l\u00e4htien. H\u00e4nell\u00e4 on tosin t\u00e4t\u00e4kin pidempi historia yrityksen eri teht\u00e4viss\u00e4. Taustalla n\u00e4kyy tehtaan kokoonpanoa ja T\u00e4htinen esittelee taajuusmuuttajan runkolevy\u00e4.<\/p>\n<p>\t\t\t\t<a href=\"https:\/\/www.europesays.com\/fi\/wp-content\/uploads\/2026\/01\/11652564.jpg\"><img loading=\"lazy\" decoding=\"async\" width=\"696\" height=\"509\" src=\"https:\/\/www.europesays.com\/fi\/wp-content\/uploads\/2026\/01\/11652564-820x600.jpg\" class=\"attachment-large size-large\" alt=\"\" aria-describedby=\"gallery-1-129354\"  \/><\/a><\/p>\n<p>\t\t\t\tSegerin tehtaan puolella on useita robotteja, jotka tekev\u00e4t toistuvia ja yksinkertaisia t\u00f6it\u00e4. T\u00e4ss\u00e4 kone tekee metallikappaleisiin kierteit\u00e4.<\/p>\n<p>\t\t\t\t<a href=\"https:\/\/www.europesays.com\/fi\/wp-content\/uploads\/2026\/01\/11652563.jpg\"><img loading=\"lazy\" decoding=\"async\" width=\"696\" height=\"507\" src=\"https:\/\/www.europesays.com\/fi\/wp-content\/uploads\/2026\/01\/11652563-824x600.jpg\" class=\"attachment-large size-large\" alt=\"\" aria-describedby=\"gallery-1-129355\"  \/><\/a><\/p>\n<p>\t\t\t\tSegerin kokoonpanotehtaan puolella on esill\u00e4 virtakiskokokoonpanon malleja.<\/p>\n<p>\t\t\t\t<a href=\"https:\/\/www.uudenkaupunginsanomat.fi\/wp-content\/uploads\/2026\/01\/11652562.jpg\" rel=\"nofollow noopener\" target=\"_blank\"><img loading=\"lazy\" decoding=\"async\" width=\"418\" height=\"600\" src=\"https:\/\/www.europesays.com\/fi\/wp-content\/uploads\/2026\/01\/11652562-418x600.jpg\" class=\"attachment-large size-large\" alt=\"\" aria-describedby=\"gallery-1-129356\"  \/><\/a><\/p>\n<p>\t\t\t\tSegerill\u00e4 valmistetaan muun muassa alumiinisia virtakiskoja. T\u00e4m\u00e4 levytavarasta tehty kisko on muovitettu, siihen on laitettu insertit ja muut osat, sen j\u00e4lkeen se pakataan ja toimitetaan Saksaan.<\/p>\n","protected":false},"excerpt":{"rendered":"Teollisuuden ohutlevyosia Uudenkaupungin Santtiossa valmistava Seger kasvaa reilun 10 prosentin vuosivauhtia. Toimitusjohtaja Kimmo T\u00e4htinen laskee, ett\u00e4 yrityksen liikevaihto&hellip;\n","protected":false},"author":2,"featured_media":140915,"comment_status":"","ping_status":"","sticky":false,"template":"","format":"standard","meta":{"footnotes":""},"categories":[76],"tags":[79,77,33,31,30,32,78],"class_list":{"0":"post-140914","1":"post","2":"type-post","3":"status-publish","4":"format-standard","5":"has-post-thumbnail","7":"category-talous","8":"tag-business","9":"tag-economy","10":"tag-fi","11":"tag-finland","12":"tag-finnish","13":"tag-suomi","14":"tag-talous"},"share_on_mastodon":{"url":"https:\/\/pubeurope.com\/@fi\/115886028600017476","error":""},"_links":{"self":[{"href":"https:\/\/www.europesays.com\/fi\/wp-json\/wp\/v2\/posts\/140914","targetHints":{"allow":["GET"]}}],"collection":[{"href":"https:\/\/www.europesays.com\/fi\/wp-json\/wp\/v2\/posts"}],"about":[{"href":"https:\/\/www.europesays.com\/fi\/wp-json\/wp\/v2\/types\/post"}],"author":[{"embeddable":true,"href":"https:\/\/www.europesays.com\/fi\/wp-json\/wp\/v2\/users\/2"}],"replies":[{"embeddable":true,"href":"https:\/\/www.europesays.com\/fi\/wp-json\/wp\/v2\/comments?post=140914"}],"version-history":[{"count":0,"href":"https:\/\/www.europesays.com\/fi\/wp-json\/wp\/v2\/posts\/140914\/revisions"}],"wp:featuredmedia":[{"embeddable":true,"href":"https:\/\/www.europesays.com\/fi\/wp-json\/wp\/v2\/media\/140915"}],"wp:attachment":[{"href":"https:\/\/www.europesays.com\/fi\/wp-json\/wp\/v2\/media?parent=140914"}],"wp:term":[{"taxonomy":"category","embeddable":true,"href":"https:\/\/www.europesays.com\/fi\/wp-json\/wp\/v2\/categories?post=140914"},{"taxonomy":"post_tag","embeddable":true,"href":"https:\/\/www.europesays.com\/fi\/wp-json\/wp\/v2\/tags?post=140914"}],"curies":[{"name":"wp","href":"https:\/\/api.w.org\/{rel}","templated":true}]}}