{"id":140929,"date":"2026-01-13T05:28:13","date_gmt":"2026-01-13T05:28:13","guid":{"rendered":"https:\/\/www.europesays.com\/fi\/140929\/"},"modified":"2026-01-13T05:28:13","modified_gmt":"2026-01-13T05:28:13","slug":"40-asteen-pakkaset-suomessa-ovat-yleisia-mutta-nyt-niihin-liittyi-erikoinen-piirre-lappi","status":"publish","type":"post","link":"https:\/\/www.europesays.com\/fi\/140929\/","title":{"rendered":"40 asteen pakkaset Suomessa ovat yleisi\u00e4 \u2013 mutta nyt niihin liittyi erikoinen piirre | Lappi"},"content":{"rendered":"<p class=\"aw-1gybjub aw-5vja16 kEtdKx kmuxyA yle__article__paragraph\">Kovat pakkaset ovat jatkuneet Lapissa harvinaisen pitk\u00e4\u00e4n. Esimerkiksi Savukoskella on mitattu yli 35 asteen pakkasia jo kymmenen\u00e4 p\u00e4iv\u00e4n\u00e4 per\u00e4kk\u00e4in.<\/p>\n<p><img decoding=\"async\" alt=\"Talvinen maisema, jossa ihmiset nauttivat pulkkailusta lumisella rinteell\u00e4. \" src=\"https:\/\/www.europesays.com\/fi\/wp-content\/uploads\/2026\/01\/39-157955469624ae0748e3.jpeg\" class=\"aw-1l9m598 hKVVvP\"\/><\/p>\n<p>Avaa kuvien katselu<\/p>\n<p>Kittil\u00e4n Levill\u00e4 alle 35 asteen pakkanen on jatkunut viisi p\u00e4iv\u00e4\u00e4 aiheuttaen runsaasti ongelmia esimerkiksi lentoliikenteelle. Kuva lauantailta 10.1.2026, kun pakkasta oli Levill\u00e4 -35 astetta. Kuva: Eeva Kuivas \/ Yle<\/p>\n<p>12.1. 13:48\u2022P\u00e4ivitetty 12.1. 20:52<\/p>\n<ul class=\"aw-1jjocuh iJTSwP yle__article__list yle__article__list--ul\">\n<li class=\"aw-1j7gwms gNYKfi\">Lapissa on k\u00e4rsitty poikkeuksellisen pitk\u00e4st\u00e4 ja ankarasta pakkasjaksosta. Talven enn\u00e4tys on Savukoskella mitattu -42,8 astetta.<\/li>\n<li class=\"aw-1j7gwms gNYKfi\">Ylen meteorologin Anne Borgstr\u00f6min mukaan juuri pakkasjakson pitk\u00e4 kesto tekee siit\u00e4 harvinaisen. Savukoskella on ollut 10 p\u00e4iv\u00e4\u00e4 yli 35 astetta pakkasta.<\/li>\n<li class=\"aw-1j7gwms gNYKfi\">Suomen kaikkien aikojen pakkasenn\u00e4tys on -51,5 astetta. Se mitattiin Kittil\u00e4n Pokassa vuonna 1999.<\/li>\n<\/ul>\n<p class=\"aw-1gybjub aw-1p7kakr kEtdKx cEmitX yle__article__paragraph\">Lapissa on paikoin paleltu jo useita p\u00e4ivi\u00e4 yli 40 asteen pakkasissa. N\u00e4in kovat pakkaset Lapissa eiv\u00e4t ole harvinaisia, mutta on harvinaista, ett\u00e4 kova pakkasjakso jatkuu niin pitk\u00e4\u00e4n, sanoo Ylen meteorologi <strong class=\"aw-ak79eh KyCXm yle__article__strong\">Anne Borgstr\u00f6m<\/strong>.<\/p>\n<p class=\"aw-1gybjub aw-1p7kakr kEtdKx cEmitX yle__article__paragraph\">Virallisten mittauspisteiden mukaan Lapin t\u00e4m\u00e4n talven pakkasenn\u00e4tys mitattiin Savukoskella perjantaina, jolloin Tulppiossa mitattiin -42,8 asteen pakkaslukemat. Savukoskella on mitattu yli 40 asteen pakkasia jo nelj\u00e4n\u00e4 p\u00e4iv\u00e4n\u00e4.<\/p>\n<p>2000-luvun pakkasenn\u00e4tykset Suomessa<\/p>\n<tr class=\"aw-1p059qp jWdQoW\">\n<td class=\"aw-25revj hwOPAc\"><strong class=\"aw-ak79eh KyCXm yle__article__strong\">Vuosi<\/strong><\/td>\n<td class=\"aw-25revj hwOPAc\"><strong class=\"aw-ak79eh KyCXm yle__article__strong\">Pakkasenn\u00e4tys<\/strong><\/td>\n<td class=\"aw-25revj hwOPAc\"><strong class=\"aw-ak79eh KyCXm yle__article__strong\">Paikkakunta<\/strong><\/td>\n<\/tr>\n<tr class=\"aw-1p059qp ihDuMC\">\n<td class=\"aw-25revj hwOPAc\">2000<\/td>\n<td class=\"aw-25revj hwOPAc\">\u221236,5 \u00b0C<\/td>\n<td class=\"aw-25revj hwOPAc\">Kuusamo Kiutak\u00f6ng\u00e4s<\/td>\n<\/tr>\n<tr class=\"aw-1p059qp jWdQoW\">\n<td class=\"aw-25revj hwOPAc\">2001<\/td>\n<td class=\"aw-25revj hwOPAc\">\u221242,5 \u00b0C<\/td>\n<td class=\"aw-25revj hwOPAc\">Pyh\u00e4j\u00e4rvi<\/td>\n<\/tr>\n<tr class=\"aw-1p059qp ihDuMC\">\n<td class=\"aw-25revj hwOPAc\">2002<\/td>\n<td class=\"aw-25revj hwOPAc\">\u221240,7 \u00b0C<\/td>\n<td class=\"aw-25revj hwOPAc\">Taivalkoski<\/td>\n<\/tr>\n<tr class=\"aw-1p059qp jWdQoW\">\n<td class=\"aw-25revj hwOPAc\">2003<\/td>\n<td class=\"aw-25revj hwOPAc\">\u221241,9 \u00b0C<\/td>\n<td class=\"aw-25revj hwOPAc\">Kuusamo Kiutak\u00f6ng\u00e4s<\/td>\n<\/tr>\n<tr class=\"aw-1p059qp ihDuMC\">\n<td class=\"aw-25revj hwOPAc\">2004<\/td>\n<td class=\"aw-25revj hwOPAc\">\u221238,7 \u00b0C<\/td>\n<td class=\"aw-25revj hwOPAc\">Salla Naruska<\/td>\n<\/tr>\n<tr class=\"aw-1p059qp jWdQoW\">\n<td class=\"aw-25revj hwOPAc\">2005<\/td>\n<td class=\"aw-25revj hwOPAc\">\u221236,5 \u00b0C<\/td>\n<td class=\"aw-25revj hwOPAc\">Salla Naruska<\/td>\n<\/tr>\n<tr class=\"aw-1p059qp ihDuMC\">\n<td class=\"aw-25revj hwOPAc\">2006<\/td>\n<td class=\"aw-25revj hwOPAc\">\u221243,6 \u00b0C<\/td>\n<td class=\"aw-25revj hwOPAc\">Kittil\u00e4 Pokka<\/td>\n<\/tr>\n<tr class=\"aw-1p059qp jWdQoW\">\n<td class=\"aw-25revj hwOPAc\">2007<\/td>\n<td class=\"aw-25revj hwOPAc\">\u221239,9 \u00b0C<\/td>\n<td class=\"aw-25revj hwOPAc\">Salla Naruska<\/td>\n<\/tr>\n<tr class=\"aw-1p059qp ihDuMC\">\n<td class=\"aw-25revj hwOPAc\">2008<\/td>\n<td class=\"aw-25revj hwOPAc\">\u221233,7 \u00b0C<\/td>\n<td class=\"aw-25revj hwOPAc\">Kittil\u00e4 Pokka<\/td>\n<\/tr>\n<tr class=\"aw-1p059qp jWdQoW\">\n<td class=\"aw-25revj hwOPAc\">2009<\/td>\n<td class=\"aw-25revj hwOPAc\">\u221237,6 \u00b0C<\/td>\n<td class=\"aw-25revj hwOPAc\">Inari Sevettij\u00e4rvi<\/td>\n<\/tr>\n<tr class=\"aw-1p059qp ihDuMC\">\n<td class=\"aw-25revj hwOPAc\">2010<\/td>\n<td class=\"aw-25revj hwOPAc\">\u221241,3 \u00b0C<\/td>\n<td class=\"aw-25revj hwOPAc\">Kuhmo Kalliojoki<\/td>\n<\/tr>\n<tr class=\"aw-1p059qp jWdQoW\">\n<td class=\"aw-25revj hwOPAc\">2011<\/td>\n<td class=\"aw-25revj hwOPAc\">\u221241,8 \u00b0C<\/td>\n<td class=\"aw-25revj hwOPAc\">Salla Naruska<\/td>\n<\/tr>\n<tr class=\"aw-1p059qp ihDuMC\">\n<td class=\"aw-25revj hwOPAc\">2012<\/td>\n<td class=\"aw-25revj hwOPAc\">\u221242,7 \u00b0C<\/td>\n<td class=\"aw-25revj hwOPAc\">Inari Kaamanen<\/td>\n<\/tr>\n<tr class=\"aw-1p059qp jWdQoW\">\n<td class=\"aw-25revj hwOPAc\">2013<\/td>\n<td class=\"aw-25revj hwOPAc\">\u221239,7 \u00b0C<\/td>\n<td class=\"aw-25revj hwOPAc\">Sodankyl\u00e4 Vuotso<\/td>\n<\/tr>\n<tr class=\"aw-1p059qp ihDuMC\">\n<td class=\"aw-25revj hwOPAc\">2014<\/td>\n<td class=\"aw-25revj hwOPAc\">\u221240,7 \u00b0C<\/td>\n<td class=\"aw-25revj hwOPAc\">Utsjoki Kevoj\u00e4rvi<\/td>\n<\/tr>\n<tr class=\"aw-1p059qp jWdQoW\">\n<td class=\"aw-25revj hwOPAc\">2015<\/td>\n<td class=\"aw-25revj hwOPAc\">\u221239,6 \u00b0C<\/td>\n<td class=\"aw-25revj hwOPAc\">Utsjoki Kevoj\u00e4rvi<\/td>\n<\/tr>\n<tr class=\"aw-1p059qp ihDuMC\">\n<td class=\"aw-25revj hwOPAc\">2016<\/td>\n<td class=\"aw-25revj hwOPAc\">\u221241,2 \u00b0C<\/td>\n<td class=\"aw-25revj hwOPAc\">Muonio kirkonkyl\u00e4<\/td>\n<\/tr>\n<tr class=\"aw-1p059qp jWdQoW\">\n<td class=\"aw-25revj hwOPAc\">2017<\/td>\n<td class=\"aw-25revj hwOPAc\">\u221241,7 \u00b0C<\/td>\n<td class=\"aw-25revj hwOPAc\">Muonio kirkonkyl\u00e4<\/td>\n<\/tr>\n<tr class=\"aw-1p059qp ihDuMC\">\n<td class=\"aw-25revj hwOPAc\">2018<\/td>\n<td class=\"aw-25revj hwOPAc\">\u221237,1 \u00b0C<\/td>\n<td class=\"aw-25revj hwOPAc\">Utsjoki Kevo<\/td>\n<\/tr>\n<tr class=\"aw-1p059qp jWdQoW\">\n<td class=\"aw-25revj hwOPAc\">2019<\/td>\n<td class=\"aw-25revj hwOPAc\">\u221239,1\u00b0C<\/td>\n<td class=\"aw-25revj hwOPAc\">Utsjoki Kevo<\/td>\n<\/tr>\n<tr class=\"aw-1p059qp ihDuMC\">\n<td class=\"aw-25revj hwOPAc\">2020<\/td>\n<td class=\"aw-25revj hwOPAc\">\u221241,1 \u00b0C<\/td>\n<td class=\"aw-25revj hwOPAc\">Utsjoki Kevo<\/td>\n<\/tr>\n<tr class=\"aw-1p059qp jWdQoW\">\n<td class=\"aw-25revj hwOPAc\">2021<\/td>\n<td class=\"aw-25revj hwOPAc\">\u221239,7 \u00b0C<\/td>\n<td class=\"aw-25revj hwOPAc\">Utsjoki Kevo<\/td>\n<\/tr>\n<tr class=\"aw-1p059qp ihDuMC\">\n<td class=\"aw-25revj hwOPAc\">2022<\/td>\n<td class=\"aw-25revj hwOPAc\">\u221235,7 \u00b0C<\/td>\n<td class=\"aw-25revj hwOPAc\">Enonteki\u00f6 lentoasema<\/td>\n<\/tr>\n<tr class=\"aw-1p059qp jWdQoW\">\n<td class=\"aw-25revj hwOPAc\">2023<\/td>\n<td class=\"aw-25revj hwOPAc\">\u221237,5 \u00b0C<\/td>\n<td class=\"aw-25revj hwOPAc\">Kittil\u00e4 lentoasema<\/td>\n<\/tr>\n<tr class=\"aw-1p059qp ihDuMC\">\n<td class=\"aw-25revj hwOPAc\">2024<\/td>\n<td class=\"aw-25revj hwOPAc\">\u221244,3 \u00b0C<\/td>\n<td class=\"aw-25revj hwOPAc\">Enonteki\u00f6 lentoasema<\/td>\n<\/tr>\n<tr class=\"aw-1p059qp jWdQoW\">\n<td class=\"aw-25revj hwOPAc\">2025<\/td>\n<td class=\"aw-25revj hwOPAc\">\u221239,6 \u00b0C<\/td>\n<td class=\"aw-25revj hwOPAc\">Savukoski Tulppio<\/td>\n<\/tr>\n<tr class=\"aw-1p059qp ihDuMC\">\n<td class=\"aw-25revj hwOPAc\">2026 (12.1. menness\u00e4)<\/td>\n<td class=\"aw-25revj hwOPAc\">\u221242,8 \u00b0C<\/td>\n<td class=\"aw-25revj hwOPAc\">Savukoski Tulppio<\/td>\n<\/tr>\n<tr class=\"aw-1p059qp jWdQoW\">\n<td class=\"aw-25revj hwOPAc\"\/>\n<td class=\"aw-25revj hwOPAc\"\/>\n<td class=\"aw-25revj hwOPAc\">L\u00e4hde: Ilmatieteenlaitos<\/td>\n<\/tr>\n<p class=\"aw-1gybjub aw-1p7kakr kEtdKx cEmitX yle__article__paragraph\">Kovat pakkaset ovat silti jatkuneet viel\u00e4 sit\u00e4kin pidemp\u00e4\u00e4n. Esimerkiksi Savukoskella on mitattu yli 35 asteen pakkasia putkeen jo kymmenen\u00e4 p\u00e4iv\u00e4n\u00e4 per\u00e4kk\u00e4in t\u00e4m\u00e4 p\u00e4iv\u00e4 eli maanantai mukaan lukien.<\/p>\n<p class=\"aw-1gybjub aw-1p7kakr kEtdKx cEmitX yle__article__paragraph\">My\u00f6s Kittil\u00e4ss\u00e4 yli 35 pakkasasteen l\u00e4mp\u00f6tilat ovat jatkuneet pitk\u00e4\u00e4n ja aiheuttaneet useita ongelmia erityisesti lentoliikenteelle.<\/p>\n<p class=\"aw-1gybjub aw-1p7kakr kEtdKx cEmitX yle__article__paragraph\">Tammikuun pakkasenn\u00e4tys on vuodelta 1999. Tuolloin pakkanen laski Kittil\u00e4n Pokassa 51,5 asteeseen. Tuolloin Kittil\u00e4ss\u00e4 mitattiin eritt\u00e4in kovia yli 45 asteen pakkaslukemia koko viikon ajan.<\/p>\n<p class=\"aw-1gybjub aw-1p7kakr kEtdKx cEmitX yle__article__paragraph\">Kovempia kuin -50 asteen pakkasia voidaan pit\u00e4\u00e4 my\u00f6s Lapissa varsin poikkeuksellisina.<\/p>\n<p class=\"aw-1gybjub aw-1p7kakr kEtdKx cEmitX yle__article__paragraph\">Ilmatieteenlaitoksella on kattavia l\u00e4mp\u00f6tilatilastoja vuodesta 1961 l\u00e4htien. T\u00e4n\u00e4 aikana l\u00e4mp\u00f6tila on laskenut vuoden 1999 tammikuun enn\u00e4tyksen lis\u00e4ksi yli 50 pakkasasteen kerran. Vuonna 1985 pakkanen laski 50,4 asteeseen.<\/p>\n<p class=\"aw-1gybjub aw-1p7kakr kEtdKx cEmitX yle__article__paragraph\"><strong class=\"aw-ak79eh KyCXm yle__article__strong\">Katso videolta, milt\u00e4 25 vuoden takaiset hirmupakkaset n\u00e4yttiv\u00e4t.<\/strong><\/p>\n<p>28.1.1999 Kittil\u00e4ss\u00e4 mitattiin Suomen pakkasenn\u00e4tys.<\/p>\n<p class=\"aw-1gybjub aw-1p7kakr kEtdKx cEmitX yle__article__paragraph\">Juttua muokattu 12.1. kello 14.39, p\u00e4ivitetty kauttaaltaan.<\/p>\n","protected":false},"excerpt":{"rendered":"Kovat pakkaset ovat jatkuneet Lapissa harvinaisen pitk\u00e4\u00e4n. Esimerkiksi Savukoskella on mitattu yli 35 asteen pakkasia jo kymmenen\u00e4 p\u00e4iv\u00e4n\u00e4&hellip;\n","protected":false},"author":2,"featured_media":140930,"comment_status":"","ping_status":"","sticky":false,"template":"","format":"standard","meta":{"footnotes":""},"categories":[5],"tags":[22,23,26,27,33,31,30,17,71,10304,667,24,25,28,29,715,15,18,21,9766,710,32,19,20,16],"class_list":{"0":"post-140929","1":"post","2":"type-post","3":"status-publish","4":"format-standard","5":"has-post-thumbnail","7":"category-otsikot","8":"tag-breaking-news","9":"tag-breakingnews","10":"tag-featured-news","11":"tag-featurednews","12":"tag-fi","13":"tag-finland","14":"tag-finnish","15":"tag-headlines","16":"tag-kotimaa","17":"tag-kylma-rintama","18":"tag-lappi","19":"tag-latest-news","20":"tag-latestnews","21":"tag-main-news","22":"tag-mainnews","23":"tag-meteorologia","24":"tag-news","25":"tag-otsikot","26":"tag-paauutiset","27":"tag-pakkanen","28":"tag-saa","29":"tag-suomi","30":"tag-top-stories","31":"tag-topstories","32":"tag-uutiset"},"share_on_mastodon":{"url":"https:\/\/pubeurope.com\/@fi\/115886142417196968","error":""},"_links":{"self":[{"href":"https:\/\/www.europesays.com\/fi\/wp-json\/wp\/v2\/posts\/140929","targetHints":{"allow":["GET"]}}],"collection":[{"href":"https:\/\/www.europesays.com\/fi\/wp-json\/wp\/v2\/posts"}],"about":[{"href":"https:\/\/www.europesays.com\/fi\/wp-json\/wp\/v2\/types\/post"}],"author":[{"embeddable":true,"href":"https:\/\/www.europesays.com\/fi\/wp-json\/wp\/v2\/users\/2"}],"replies":[{"embeddable":true,"href":"https:\/\/www.europesays.com\/fi\/wp-json\/wp\/v2\/comments?post=140929"}],"version-history":[{"count":0,"href":"https:\/\/www.europesays.com\/fi\/wp-json\/wp\/v2\/posts\/140929\/revisions"}],"wp:featuredmedia":[{"embeddable":true,"href":"https:\/\/www.europesays.com\/fi\/wp-json\/wp\/v2\/media\/140930"}],"wp:attachment":[{"href":"https:\/\/www.europesays.com\/fi\/wp-json\/wp\/v2\/media?parent=140929"}],"wp:term":[{"taxonomy":"category","embeddable":true,"href":"https:\/\/www.europesays.com\/fi\/wp-json\/wp\/v2\/categories?post=140929"},{"taxonomy":"post_tag","embeddable":true,"href":"https:\/\/www.europesays.com\/fi\/wp-json\/wp\/v2\/tags?post=140929"}],"curies":[{"name":"wp","href":"https:\/\/api.w.org\/{rel}","templated":true}]}}