{"id":140942,"date":"2026-01-13T05:54:15","date_gmt":"2026-01-13T05:54:15","guid":{"rendered":"https:\/\/www.europesays.com\/fi\/140942\/"},"modified":"2026-01-13T05:54:15","modified_gmt":"2026-01-13T05:54:15","slug":"suositut-kesatyosetelit-etelakarjalaisille-nuorille-haettaviksi-2-2-2026","status":"publish","type":"post","link":"https:\/\/www.europesays.com\/fi\/140942\/","title":{"rendered":"Suositut kes\u00e4ty\u00f6setelit etel\u00e4karjalaisille nuorille haettaviksi 2.2.2026"},"content":{"rendered":"<p>Ymp\u00e4ri Suomea jaettavista kes\u00e4ty\u00f6seteleist\u00e4 hy\u00f6tyv\u00e4t niin ty\u00f6llistyv\u00e4 nuori kuin ty\u00f6nantajakin. Etel\u00e4-Karjalassa 350 euron arvoisia kes\u00e4ty\u00f6seteleit\u00e4 on tulevaksi kes\u00e4ksi jaossa yli 700 kappaletta ja ne tulevat haettavaksi 2.2.2026.<\/p>\n<p>Etel\u00e4-Karjalassa<strong>\u00a0<\/strong>seteleit\u00e4 my\u00f6nnet\u00e4\u00e4n Imatralla, Lappeenrannassa, Ruokolahdella, Luum\u00e4ell\u00e4, Rautj\u00e4rvell\u00e4, Parikkalassa ja Savitaipaleella. Maakunnan kunnat ja kaupungit ovat kes\u00e4ty\u00f6seteleiden rahoittajat. Taipalsaarella on oma nuorten kes\u00e4ty\u00f6llist\u00e4misen malli.<\/p>\n<p>Kes\u00e4ty\u00f6setelit my\u00f6nnet\u00e4\u00e4n hakemusten saapumisj\u00e4rjestyksess\u00e4. Nuorella tulee olla ty\u00f6paikka sovittuna hakiessaan seteli\u00e4. Seteleit\u00e4 ei voi varata.<\/p>\n<p>Kes\u00e4ty\u00f6seteleit\u00e4 on jaossa Lappeenrannassa 300 kappaletta, Imatralla 210 kappaletta, Luum\u00e4ell\u00e4 17 kappaletta, Rautj\u00e4rvell\u00e4 30 kappaletta, Parikkalassa 25 kappaletta ja Savitaipaleella 35 kappaletta. Ruokolahden kunta jakaa seteleit\u00e4 kaikille halukkaille kohderyhm\u00e4l\u00e4isille jatkuvassa haussa.<\/p>\n<p><strong>Hakemaan oikeutetut ik\u00e4luokat kunnittain:<\/strong><\/p>\n<ul>\n<li>Imatra s. 2006\u20132012<\/li>\n<li>Lappeenranta s. 2009\u20132012 (250 kpl), s. 1998\u20132008 (50 kpl)<\/li>\n<li>Savitaipale s. 2009\u20132012 (25 kpl), s. 1998\u20132008 (10 kpl)<\/li>\n<li>Luum\u00e4ki s. 2009\u20132012<\/li>\n<li>Rautj\u00e4rvi s. 2006\u20132012<\/li>\n<li>Ruokolahti s. 2006\u20132012<\/li>\n<li>Parikkala s. 2006\u20132012<\/li>\n<\/ul>\n<p>Lappeenrannassa kes\u00e4ty\u00f6setelien k\u00e4ytt\u00e4jien ty\u00f6llistymisaika on 14\u201317-vuotiaille\u00a0koulun kes\u00e4loma-aika eli 31.5.\u20135.8.2026. Imatralla, Luum\u00e4ell\u00e4, Savitaipaleella, Rautj\u00e4rvell\u00e4, Ruokolahdella ja Parikkalassa ty\u00f6llistymisaika on vuoden 2026 touko\u2013elokuu.<\/p>\n<p>\u2013 Jaamme setelit keskitetysti Lappeenrannan ja Imatran Ohjaamoiden kautta, Ohjaamonuorisoty\u00f6ntekij\u00e4 <strong>Nina<\/strong> <strong>Laine<\/strong> Lappeenrannan kaupungilta kertoo.<\/p>\n<p><a href=\"https:\/\/www.imatra.fi\/kasvatus-ja-koulutus\/nuoret\/kesatyosetelit\" rel=\"nofollow noopener\" target=\"_blank\">Imatran kaupungin verkkosivuilta<\/a> l\u00f6ytyy Imatran, Ruokolahden, Rautj\u00e4rven ja Parikkalan setelien hakuohje ja -lomake.<\/p>\n<p>Lappeenrannan Ohjaamo puolestaan jakaa Lappeenrannan, Savitaipaleen ja Luum\u00e4en setelit. Hakuohjeet ja lomake ovat <a href=\"https:\/\/lappeenranta.fi\/fi\/nuorten-palvelut\/toihin-tai-harjoitteluun\/kesatyoseteli\" rel=\"nofollow noopener\" target=\"_blank\">t\u00e4ll\u00e4 sivulla<\/a>.<\/p>\n<p>\u2013 Samoille verkkosivuille on koottu ohjeet niin nuorelle kuin ty\u00f6nantajallekin. Ty\u00f6nantaja ja kes\u00e4ty\u00f6ntekij\u00e4 t\u00e4ytt\u00e4v\u00e4t s\u00e4hk\u00f6isen hakulomakkeen yhdess\u00e4, Laine muistuttaa.<\/p>\n<p>Kes\u00e4ty\u00f6setelimallista on Etel\u00e4-Karjalassa ker\u00e4tty palautetta noin kahden vuoden v\u00e4lein asiakaskyselyll\u00e4 niin ty\u00f6nantajilta kuin -tekij\u00f6ilt\u00e4kin.<\/p>\n<p>\u2013 Monelle yritt\u00e4j\u00e4lle, varsinkin pienyritt\u00e4j\u00e4lle, kes\u00e4ty\u00f6seteli on ratkaiseva tekij\u00e4 mahdollisuuteen nuoren ty\u00f6llist\u00e4misess\u00e4. Nuorten keskuudessa kes\u00e4ty\u00f6seteli on mieleinen, ja palautteenkin perusteella kes\u00e4ty\u00f6kokemus on heille arvokasta. Ty\u00f6paikoilla nuoret kes\u00e4ty\u00f6ntekij\u00e4t toivovat yst\u00e4v\u00e4llist\u00e4 ja avointa keskustelu- ja perehdytyskulttuuria.<\/p>\n<p>Lappeenrannassa osana nuorisoyst\u00e4v\u00e4llinen ty\u00f6nantaja -verkoston toimintaa nuorten t\u00e4ytt\u00e4m\u00e4 palautelomake on edellytys kes\u00e4ty\u00f6setelin arvon maksamiseen ty\u00f6nantajalle.<\/p>\n<p>Imatran kaupunki jakaa t\u00e4n\u00e4 vuonna j\u00e4lleen nuorille tarkoitettuja yritt\u00e4jyysseteleit\u00e4, joiden hakuaika on 16.2.\u20138.3.2026. Yritt\u00e4jyysseteleist\u00e4 tiedotetaan Imatran kaupungin verkkosivuilla viimeist\u00e4\u00e4n helmikuun alkupuolella.<\/p>\n<p><a href=\"https:\/\/tyomarkkinatori.fi\/teemasivut\/kesaksiduuniin\/etusivu\" rel=\"nofollow noopener\" target=\"_blank\">Kes\u00e4ksi duuniin -sivuilta<\/a> on selattavissa kootusti Kaakkois-Suomen alueen kes\u00e4ty\u00f6paikkoja sek\u00e4 vinkkej\u00e4 ty\u00f6nhakuun. Lappeenrannan kaupungin verkkosivuilla on my\u00f6s nuorille laadittu <a href=\"https:\/\/www.lappeenranta.fi\/mista-kesatyopaikkoja-loytaa\" rel=\"nofollow noopener\" target=\"_blank\">Kes\u00e4ty\u00f6opas<\/a>. Etel\u00e4-Karjalan ty\u00f6llisyysalueen uutisointia voi seurata somessa: Facebookissa <a href=\"https:\/\/www.facebook.com\/profile.php?id=61566305096458\" rel=\"nofollow noopener\" target=\"_blank\">Etel\u00e4-Karjalan ty\u00f6llisyysalue<\/a> sek\u00e4 Instagramissa <a href=\"https:\/\/www.instagram.com\/etelakarjalantyo\/\" rel=\"nofollow noopener\" target=\"_blank\">@etelakarjalantyo<\/a>.<\/p>\n<p>Lis\u00e4tietoja:\u00a0<\/p>\n<p>Imatra, Ruokolahti, Rautj\u00e4rvi, Parikkala:<\/p>\n<p>Ohjaamokoordinaattori Jaana Gr\u00f6hn, Imatran kaupunki, jaana.grohn<img decoding=\"async\" class=\"spamspan-image\" alt=\"at\" src=\"https:\/\/www.europesays.com\/fi\/wp-content\/uploads\/2025\/08\/image.gif\"\/>imatra.fi (jaana[dot]grohn[at]imatra[dot]fi), p. 020\u202f617 7277,\u00a0<\/p>\n<p>Lappeenranta, Luum\u00e4ki, Savitaipale:<\/p>\n<p>Ohjaamonuorisoty\u00f6ntekij\u00e4 Nina Laine, Lappeenrannan kaupunki, nina.laine<img decoding=\"async\" class=\"spamspan-image\" alt=\"at\" src=\"https:\/\/www.europesays.com\/fi\/wp-content\/uploads\/2025\/08\/image.gif\"\/>lappeenranta.fi (nina[dot]laine[at]lappeenranta[dot]fi), p. 040 504 1946,\u00a0<\/p>\n<p>\u00a0<\/p>\n<p>            <script async src=\"\/\/www.instagram.com\/embed.js\"><\/script><\/p>\n","protected":false},"excerpt":{"rendered":"Ymp\u00e4ri Suomea jaettavista kes\u00e4ty\u00f6seteleist\u00e4 hy\u00f6tyv\u00e4t niin ty\u00f6llistyv\u00e4 nuori kuin ty\u00f6nantajakin. Etel\u00e4-Karjalassa 350 euron arvoisia kes\u00e4ty\u00f6seteleit\u00e4 on tulevaksi kes\u00e4ksi&hellip;\n","protected":false},"author":2,"featured_media":140943,"comment_status":"","ping_status":"","sticky":false,"template":"","format":"standard","meta":{"footnotes":""},"categories":[5],"tags":[22,23,26,27,33,31,30,17,24,25,28,29,15,18,21,32,19,20,16],"class_list":{"0":"post-140942","1":"post","2":"type-post","3":"status-publish","4":"format-standard","5":"has-post-thumbnail","7":"category-otsikot","8":"tag-breaking-news","9":"tag-breakingnews","10":"tag-featured-news","11":"tag-featurednews","12":"tag-fi","13":"tag-finland","14":"tag-finnish","15":"tag-headlines","16":"tag-latest-news","17":"tag-latestnews","18":"tag-main-news","19":"tag-mainnews","20":"tag-news","21":"tag-otsikot","22":"tag-paauutiset","23":"tag-suomi","24":"tag-top-stories","25":"tag-topstories","26":"tag-uutiset"},"share_on_mastodon":{"url":"https:\/\/pubeurope.com\/@fi\/115886244716554301","error":""},"_links":{"self":[{"href":"https:\/\/www.europesays.com\/fi\/wp-json\/wp\/v2\/posts\/140942","targetHints":{"allow":["GET"]}}],"collection":[{"href":"https:\/\/www.europesays.com\/fi\/wp-json\/wp\/v2\/posts"}],"about":[{"href":"https:\/\/www.europesays.com\/fi\/wp-json\/wp\/v2\/types\/post"}],"author":[{"embeddable":true,"href":"https:\/\/www.europesays.com\/fi\/wp-json\/wp\/v2\/users\/2"}],"replies":[{"embeddable":true,"href":"https:\/\/www.europesays.com\/fi\/wp-json\/wp\/v2\/comments?post=140942"}],"version-history":[{"count":0,"href":"https:\/\/www.europesays.com\/fi\/wp-json\/wp\/v2\/posts\/140942\/revisions"}],"wp:featuredmedia":[{"embeddable":true,"href":"https:\/\/www.europesays.com\/fi\/wp-json\/wp\/v2\/media\/140943"}],"wp:attachment":[{"href":"https:\/\/www.europesays.com\/fi\/wp-json\/wp\/v2\/media?parent=140942"}],"wp:term":[{"taxonomy":"category","embeddable":true,"href":"https:\/\/www.europesays.com\/fi\/wp-json\/wp\/v2\/categories?post=140942"},{"taxonomy":"post_tag","embeddable":true,"href":"https:\/\/www.europesays.com\/fi\/wp-json\/wp\/v2\/tags?post=140942"}],"curies":[{"name":"wp","href":"https:\/\/api.w.org\/{rel}","templated":true}]}}