{"id":140946,"date":"2026-01-13T06:13:08","date_gmt":"2026-01-13T06:13:08","guid":{"rendered":"https:\/\/www.europesays.com\/fi\/140946\/"},"modified":"2026-01-13T06:13:08","modified_gmt":"2026-01-13T06:13:08","slug":"oliver-kapanen-hurjana-ennen-olympialaisia-syrjayttamassa-sebastian-ahon-paikan-urheilua-lyhyesti","status":"publish","type":"post","link":"https:\/\/www.europesays.com\/fi\/140946\/","title":{"rendered":"Oliver Kapanen hurjana ennen olympialaisia \u2013 syrj\u00e4ytt\u00e4m\u00e4ss\u00e4 Sebastian Ahon paikan | Urheilua lyhyesti"},"content":{"rendered":"<p class=\"aw-1gybjub aw-5vja16 kEtdKx kmuxyA yle__article__paragraph\">Oliver Kapanen on nousemassa suomalaistulokkaiden kaikkien aikojen maalip\u00f6rssiss\u00e4 korkealle. SM-liigasta tuttu slovakialainen h\u00e4ik\u00e4isee Kapasen rinnalla.<\/p>\n<p><img decoding=\"async\" alt=\"Oliver Kapanen teki j\u00e4lleen.\" src=\"https:\/\/www.europesays.com\/fi\/wp-content\/uploads\/2026\/01\/39-15802676965d858a34c5.jpeg\" class=\"aw-1l9m598 hKVVvP\"\/><\/p>\n<p>Avaa kuvien katselu<\/p>\n<p>Oliver Kapanen on Suomen maalip\u00f6rssiss\u00e4 toisena. Kuva: Getty Images<\/p>\n<p class=\"aw-1gybjub aw-1p7kakr kEtdKx cEmitX yle__article__paragraph\">Montrealin tuloskashy\u00f6kk\u00e4\u00e4j\u00e4 <strong class=\"aw-ak79eh KyCXm yle__article__strong\">Oliver Kapanen<\/strong> jatkoi hienoa maalitehtailuaan y\u00f6n NHL-kierroksella. 22-vuotias suomalaisnuorukainen iski 16. maalinsa, kun vakuuttavasti pelaava Montreal kaatoi kotonaan Vancouverin 6\u20133.<\/p>\n<p class=\"aw-1gybjub aw-1p7kakr kEtdKx cEmitX yle__article__paragraph\">It\u00e4isen konferenssin k\u00e4rkipaikoista kamppaileva eritt\u00e4in nuori Canadiens on voittanut edellisest\u00e4 kymmenest\u00e4 pelist\u00e4\u00e4n seitsem\u00e4n.<\/p>\n<p class=\"aw-1gybjub aw-1p7kakr kEtdKx cEmitX yle__article__paragraph\">Jo viime kaudella muutamia NHL-otteluja pelannut, mutta nyt ensimm\u00e4ist\u00e4 t\u00e4ytt\u00e4 kauttaan huippusarjassa pelaava Kapanen on napannut huippuvireisest\u00e4 kanadalaisjoukkueesta kakkossentterin tontin itselleen.<\/p>\n<p class=\"aw-1gybjub aw-1p7kakr kEtdKx cEmitX yle__article__paragraph\">Kapanen, 22, <strong class=\"aw-ak79eh KyCXm yle__article__strong\">Juraj Slafkovsky<\/strong>, 21, <strong class=\"aw-ak79eh KyCXm yle__article__strong\">Ivan Demidov<\/strong>, 20, olivat Vancouveria vastaan j\u00e4lleen iskussa. Slafkovsky tehtaili 1+2, Demidov 0+3 ja Kapanen siis yhden maalin.<\/p>\n<p><img decoding=\"async\" alt=\"Ivan Demidov s\u00e4ken\u00f6i.\" src=\"https:\/\/www.europesays.com\/fi\/wp-content\/uploads\/2026\/01\/39-15802686965d8ee8a19b.jpeg\" loading=\"lazy\" class=\"aw-1l9m598 hKVVvP\"\/><\/p>\n<p>Avaa kuvien katselu<\/p>\n<p>Ivan Demidov pelaa niin ik\u00e4\u00e4n tulokkaana. Kuva: Icon Sportswire via Getty ImagesVaarallinen merkki Leijonille<\/p>\n<p class=\"aw-1gybjub aw-1p7kakr kEtdKx cEmitX yle__article__paragraph\">Etenkin Slafkovsky liihottaa uskomattomassa vireess\u00e4, sill\u00e4 edellisess\u00e4 12 peliss\u00e4 on syntynyt rapsakat tehot: 8+10. Nuori slovakialainen on siit\u00e4 mielenkiintoinen pelaaja, ett\u00e4 h\u00e4n marinoitui aikuishuipuksi SM-liigassa ensin TPS:n junioreissa ja sitten itse edusjoukkueessa.<\/p>\n<p class=\"aw-1gybjub aw-1p7kakr kEtdKx cEmitX yle__article__paragraph\">H\u00e4n pelasi TPS:n kanssa finaaleja kev\u00e4\u00e4ll\u00e4 2022 mestaruuden vienytt\u00e4 Tapparaa vastaan. H\u00e4n teki silloin 18 pudotuspeliottelussa seitsem\u00e4n tehopistett\u00e4.<\/p>\n<p class=\"aw-1gybjub aw-1p7kakr kEtdKx cEmitX yle__article__paragraph\">Slafkovsky loisti kyseisell\u00e4 kaudella pronssia voittaneen Slovakian olympiajoukkueessa. Seitsem\u00e4ss\u00e4 peliss\u00e4 syntyi yht\u00e4 monta maalia. Samana kes\u00e4n\u00e4 Montreal varasi h\u00e4net koko varaustilaisuuden ykk\u00f6sen\u00e4 ennen toista slovakialaista, nyky\u00e4\u00e4n New Jersey Devilsin takalinjoilla loistavaa <strong class=\"aw-ak79eh KyCXm yle__article__strong\">Simon Nemeci\u00e4<\/strong>.<\/p>\n<p class=\"aw-1gybjub aw-1p7kakr kEtdKx cEmitX yle__article__paragraph\">Slafkovskyn tehovire lupaa hyv\u00e4\u00e4 Slovakian olympiajoukkueelle, jossa ei ole hirve\u00e4sti t\u00e4hti\u00e4. Slovakia on Milano-Cortinan kiekkoturnauksessa Leijonien avausvastustaja.<\/p>\n<p class=\"aw-1gybjub aw-1p7kakr kEtdKx cEmitX yle__article__paragraph\">Samassa lohkossa pelaavat my\u00f6s is\u00e4nt\u00e4maa Italia sek\u00e4 aina vaarallinen Ruotsi.<\/p>\n<p><img decoding=\"async\" alt=\"Oliver Kapanen ja Slavkosky.\" src=\"https:\/\/www.europesays.com\/fi\/wp-content\/uploads\/2026\/01\/39-15802706965d9297b8db.jpeg\" loading=\"lazy\" class=\"aw-1l9m598 hKVVvP\"\/><\/p>\n<p>Avaa kuvien katselu<\/p>\n<p>Kapanen, Juraj Slafkovsky ja Ivan Demidov s\u00e4ken\u00f6iv\u00e4t. Kuva: Getty ImagesAhon edelle?<\/p>\n<p class=\"aw-1gybjub aw-1p7kakr kEtdKx cEmitX yle__article__paragraph\">Montrealin kakkosvitjan nuori suomalainen on yll\u00e4tt\u00e4nyt t\u00e4ll\u00e4 kaudella monet. Suomen sis\u00e4isess\u00e4 pistep\u00f6rssiss\u00e4 (16+11) h\u00e4n on seitsem\u00e4nten\u00e4 ja on muun muassa <strong class=\"aw-ak79eh KyCXm yle__article__strong\">Teuvo Ter\u00e4v\u00e4isen<\/strong> ja <strong class=\"aw-ak79eh KyCXm yle__article__strong\">Eeli Tolvasen<\/strong> edell\u00e4.<\/p>\n<p class=\"aw-1gybjub aw-1p7kakr kEtdKx cEmitX yle__article__paragraph\">Hyv\u00e4n kahden suunnan pelin p\u00e4\u00e4lle Kapanen on vakuuttanut maaliahneena pelaajana, ja suomalaisista enemm\u00e4n osumia on vain <strong class=\"aw-ak79eh KyCXm yle__article__strong\">Mikko Rantasella<\/strong>.<\/p>\n<p class=\"aw-1gybjub aw-1p7kakr kEtdKx cEmitX yle__article__paragraph\">Kapanen on t\u00e4ll\u00e4 hetkell\u00e4 jopa 29 maalin tahdissa. T\u00e4ll\u00e4 tahdilla h\u00e4n on ohittamassa helposti <strong class=\"aw-ak79eh KyCXm yle__article__strong\">Sebastian Ahon<\/strong>, joka paukutti tulokaskaudellaan 24 maalia.<\/p>\n<p class=\"aw-1gybjub aw-1p7kakr kEtdKx cEmitX yle__article__paragraph\">Ahon edell\u00e4 <strong class=\"aw-ak79eh KyCXm yle__article__strong\">Teemu Sel\u00e4nne<\/strong> (76), <strong class=\"aw-ak79eh KyCXm yle__article__strong\">Patrik Laine<\/strong> (36) ja <strong class=\"aw-ak79eh KyCXm yle__article__strong\">Jari Kurri<\/strong> (32).<\/p>\n<p class=\"aw-1gybjub aw-1p7kakr kEtdKx cEmitX yle__article__paragraph\">Aho jatkoi tasaista virett\u00e4\u00e4n y\u00f6n kierroksella, kun Carolina haki Detroitista 4\u20133-jatkoaikavoiton. Suomalaisten pistep\u00f6rssiss\u00e4 toisena oleva Aho hankki kaksi sy\u00f6tt\u00f6pistett\u00e4.<\/p>\n<p class=\"aw-1gybjub aw-1p7kakr kEtdKx cEmitX yle__article__paragraph\">Aho on tehnyt 46 peliss\u00e4 45 pistett\u00e4 ja on nyt 80 pisteen tahdissa.<\/p>\n<p class=\"aw-1gybjub aw-1p7kakr kEtdKx cEmitX yle__article__paragraph\">Yle n\u00e4ytt\u00e4\u00e4 kaikki olympiakiekon ottelut suorina l\u00e4hetyksin\u00e4.<\/p>\n","protected":false},"excerpt":{"rendered":"Oliver Kapanen on nousemassa suomalaistulokkaiden kaikkien aikojen maalip\u00f6rssiss\u00e4 korkealle. SM-liigasta tuttu slovakialainen h\u00e4ik\u00e4isee Kapasen rinnalla. Avaa kuvien katselu&hellip;\n","protected":false},"author":2,"featured_media":140947,"comment_status":"","ping_status":"","sticky":false,"template":"","format":"standard","meta":{"footnotes":""},"categories":[158],"tags":[33,31,30,1143,24306,8514,1697,12464,159,32,13138,160],"class_list":{"0":"post-140946","1":"post","2":"type-post","3":"status-publish","4":"format-standard","5":"has-post-thumbnail","7":"category-urheilu","8":"tag-fi","9":"tag-finland","10":"tag-finnish","11":"tag-jaakiekko","12":"tag-juraj-slafkovsky","13":"tag-montreal-canadiens","14":"tag-nhl","15":"tag-oliver-kapanen","16":"tag-sports","17":"tag-suomi","18":"tag-talviolympialaiset-milano-cortina-2026","19":"tag-urheilu"},"share_on_mastodon":{"url":"https:\/\/pubeurope.com\/@fi\/115886319536557683","error":""},"_links":{"self":[{"href":"https:\/\/www.europesays.com\/fi\/wp-json\/wp\/v2\/posts\/140946","targetHints":{"allow":["GET"]}}],"collection":[{"href":"https:\/\/www.europesays.com\/fi\/wp-json\/wp\/v2\/posts"}],"about":[{"href":"https:\/\/www.europesays.com\/fi\/wp-json\/wp\/v2\/types\/post"}],"author":[{"embeddable":true,"href":"https:\/\/www.europesays.com\/fi\/wp-json\/wp\/v2\/users\/2"}],"replies":[{"embeddable":true,"href":"https:\/\/www.europesays.com\/fi\/wp-json\/wp\/v2\/comments?post=140946"}],"version-history":[{"count":0,"href":"https:\/\/www.europesays.com\/fi\/wp-json\/wp\/v2\/posts\/140946\/revisions"}],"wp:featuredmedia":[{"embeddable":true,"href":"https:\/\/www.europesays.com\/fi\/wp-json\/wp\/v2\/media\/140947"}],"wp:attachment":[{"href":"https:\/\/www.europesays.com\/fi\/wp-json\/wp\/v2\/media?parent=140946"}],"wp:term":[{"taxonomy":"category","embeddable":true,"href":"https:\/\/www.europesays.com\/fi\/wp-json\/wp\/v2\/categories?post=140946"},{"taxonomy":"post_tag","embeddable":true,"href":"https:\/\/www.europesays.com\/fi\/wp-json\/wp\/v2\/tags?post=140946"}],"curies":[{"name":"wp","href":"https:\/\/api.w.org\/{rel}","templated":true}]}}