{"id":140954,"date":"2026-01-13T06:19:08","date_gmt":"2026-01-13T06:19:08","guid":{"rendered":"https:\/\/www.europesays.com\/fi\/140954\/"},"modified":"2026-01-13T06:19:08","modified_gmt":"2026-01-13T06:19:08","slug":"henkiloauto-ajautui-kaiteeseen-kolmostiella","status":"publish","type":"post","link":"https:\/\/www.europesays.com\/fi\/140954\/","title":{"rendered":"Henkil\u00f6auto ajautui kaiteeseen Kolmostiell\u00e4"},"content":{"rendered":"<p>Ensitieto onnettomuudesta saatiin tiistaina kello 07.06.<\/p>\n<p class=\"article-body mb-nof-24 px-nof-16\">Aamulehti<\/p>\n<p class=\"article-body mb-nof-24 px-nof-16\">Valtatie 3:lla eli Tampereen l\u00e4ntisell\u00e4 keh\u00e4tiell\u00e4 sattui liikenneonnettomuus tiistaiaamuna. Pirkanmaan pelastuslaitoksen mukaan kyse oli henkil\u00f6autosta, joka ajautui kaiteeseen tuntemattoman syyn vuoksi.<\/p>\n<p class=\"article-body mb-nof-24 px-nof-16\">Tarkempi onnettomuuspaikka sijaitsee Pirkkalan Rajaniemen liittym\u00e4n ja Nokian Pitk\u00e4niemen liittym\u00e4n v\u00e4lisell\u00e4 tieosuudella. Tilanne- ja johtokeskuksen p\u00e4ivyst\u00e4v\u00e4n palomestari <a class=\"font-bold underline-offset-[0.12em] [text-decoration:var(--person-link-text-decoration)] ![text-decoration-color:var(--person-link-text-decoration-color)]\" href=\"https:\/\/www.aamulehti.fi\/haku\/?query=Santeri%20Suden\" rel=\"nofollow noopener\" target=\"_blank\">Santeri Suden<\/a> mukaan onnettomuus tapahtui hieman ennen Rajasalmen siltaa.<\/p>\n<p class=\"article-body mb-nof-24 px-nof-16\">\u201dAutolle tuli pieni\u00e4 peltivaurioita, mutta henkil\u00f6vahinkoja ei aiheutunut. Ensihoito k\u00e4vi paikan p\u00e4\u00e4ll\u00e4 tarkistamassa kuskin\u201d, h\u00e4n kertoo.<\/p>\n<p class=\"article-body mb-nof-24 px-nof-16\">Ensitieto onnettomuudesta saatiin tiistaina kello 07.06. Puoli kahdeksan aikaan onnettomuusautoa oltiin siirt\u00e4m\u00e4ss\u00e4 hinausauton kyytiin.<\/p>\n<p class=\"article-body mb-nof-24 px-nof-16\">\u201dTy\u00f6t aiheuttavat pient\u00e4 liikenne-estett\u00e4, kun toinen kaista on viel\u00e4 hetken suljettuna. Pient\u00e4 jonoutumista on ollut liikenteess\u00e4, mutta ei mit\u00e4\u00e4n isoa ruuhkaa\u201d, palomestari kertoi tuolloin.<\/p>\n<p class=\"article-body nof-ui-body-medium mb-nof-24 px-nof-16\">T\u00e4m\u00e4 oli p\u00e4ivittyv\u00e4 uutinen.<\/p>\n","protected":false},"excerpt":{"rendered":"Ensitieto onnettomuudesta saatiin tiistaina kello 07.06. Aamulehti Valtatie 3:lla eli Tampereen l\u00e4ntisell\u00e4 keh\u00e4tiell\u00e4 sattui liikenneonnettomuus tiistaiaamuna. Pirkanmaan pelastuslaitoksen&hellip;\n","protected":false},"author":2,"featured_media":1431,"comment_status":"","ping_status":"","sticky":false,"template":"","format":"standard","meta":{"footnotes":""},"categories":[12],"tags":[157,22,23,26,27,33,31,30,17,24,25,28,29,15,18,21,32,19,20,16],"class_list":{"0":"post-140954","1":"post","2":"type-post","3":"status-publish","4":"format-standard","5":"has-post-thumbnail","7":"category-suomi","8":"tag-aamulehti","9":"tag-breaking-news","10":"tag-breakingnews","11":"tag-featured-news","12":"tag-featurednews","13":"tag-fi","14":"tag-finland","15":"tag-finnish","16":"tag-headlines","17":"tag-latest-news","18":"tag-latestnews","19":"tag-main-news","20":"tag-mainnews","21":"tag-news","22":"tag-otsikot","23":"tag-paauutiset","24":"tag-suomi","25":"tag-top-stories","26":"tag-topstories","27":"tag-uutiset"},"share_on_mastodon":{"url":"https:\/\/pubeurope.com\/@fi\/115886343031054233","error":""},"_links":{"self":[{"href":"https:\/\/www.europesays.com\/fi\/wp-json\/wp\/v2\/posts\/140954","targetHints":{"allow":["GET"]}}],"collection":[{"href":"https:\/\/www.europesays.com\/fi\/wp-json\/wp\/v2\/posts"}],"about":[{"href":"https:\/\/www.europesays.com\/fi\/wp-json\/wp\/v2\/types\/post"}],"author":[{"embeddable":true,"href":"https:\/\/www.europesays.com\/fi\/wp-json\/wp\/v2\/users\/2"}],"replies":[{"embeddable":true,"href":"https:\/\/www.europesays.com\/fi\/wp-json\/wp\/v2\/comments?post=140954"}],"version-history":[{"count":0,"href":"https:\/\/www.europesays.com\/fi\/wp-json\/wp\/v2\/posts\/140954\/revisions"}],"wp:featuredmedia":[{"embeddable":true,"href":"https:\/\/www.europesays.com\/fi\/wp-json\/wp\/v2\/media\/1431"}],"wp:attachment":[{"href":"https:\/\/www.europesays.com\/fi\/wp-json\/wp\/v2\/media?parent=140954"}],"wp:term":[{"taxonomy":"category","embeddable":true,"href":"https:\/\/www.europesays.com\/fi\/wp-json\/wp\/v2\/categories?post=140954"},{"taxonomy":"post_tag","embeddable":true,"href":"https:\/\/www.europesays.com\/fi\/wp-json\/wp\/v2\/tags?post=140954"}],"curies":[{"name":"wp","href":"https:\/\/api.w.org\/{rel}","templated":true}]}}