{"id":140978,"date":"2026-01-13T07:10:07","date_gmt":"2026-01-13T07:10:07","guid":{"rendered":"https:\/\/www.europesays.com\/fi\/140978\/"},"modified":"2026-01-13T07:10:07","modified_gmt":"2026-01-13T07:10:07","slug":"minnesotan-osavaltio-haastaa-trumpin-hallinnon-oikeuteen-maahanmuuttotoimien-vuoksi-kaytannossa-liittovaltion-hyokkays-uutissuomalainen","status":"publish","type":"post","link":"https:\/\/www.europesays.com\/fi\/140978\/","title":{"rendered":"Minnesotan osavaltio haastaa Trumpin hallinnon oikeuteen maahanmuuttotoimien vuoksi \u2013 &#8221;K\u00e4yt\u00e4nn\u00f6ss\u00e4 liittovaltion hy\u00f6kk\u00e4ys&#8221; | Uutissuomalainen"},"content":{"rendered":"<p>Yhdysvalloissa Minnesotan osavaltio haastaa presidentti Donald Trumpin hallinnon oikeuteen liittovaltion maahanmuuttotoimien vuoksi.<\/p>\n<p>Maan hallinto on l\u00e4hett\u00e4nyt satoja liittovaltion agentteja lis\u00e4\u00e4 Minneapolisiin sen j\u00e4lkeen, kun maahanmuuttopoliisi ICE:n edustaja ampui naisen kuoliaaksi kaupungissa viime viikolla. Minneapolis on Minnesotan suurin kaupunki.<\/p>\n<p>Demokraattijohtoisen Minnesotan oikeusministeri Keith Ellison sanoo, ett\u00e4 liittovaltion agenttien saapuminen Minnesotaan on heikent\u00e4nyt osavaltion turvallisuutta. H\u00e4n kutsuu toimia liittovaltion hy\u00f6kk\u00e4ykseksi.<\/p>\n<p>\u2013\u2009Tuhansia heikosti koulutettuja, aggressiivisia ja aseistettuja liittovaltion agentteja on tunkeutunut yhteis\u00f6ihimme, Ellison sanoi lehdist\u00f6tilaisuudessa.<\/p>\n<p>\u2013\u2009T\u00e4m\u00e4 on k\u00e4yt\u00e4nn\u00f6ss\u00e4 liittovaltion hy\u00f6kk\u00e4ys, h\u00e4n totesi.<\/p>\n<p>\t\t\t\tPormestari: Minneapolis ei oikea paikka etsi\u00e4 paperittomia<\/p>\n<p>Minneapolisin pormestari Jacob Frey sanoi, ett\u00e4 Trump on ottanut Minnesotan osavaltion kohteekseen, koska se on demokraattien hallussa.<\/p>\n<p>&#8211;\u2009Jos tavoitteena olisi ainoastaan etsi\u00e4 paperittomia ihmisi\u00e4, Minneapolis ja Saint Paul eiv\u00e4t olisi oikea paikka siihen, Frey totesi.<\/p>\n<p>\u2013\u2009Floridassa, Teksasissa ja Utahissa on huomattavasti enemm\u00e4n paperittomia, pormestari lis\u00e4si ja huomautti mainitsemiensa kolmen osavaltion olevan repuliblikaanijohtoisia.<\/p>\n<p>Demokraattien hallitsema Illinois nosti maanantaina vastaavanlaisen kanteen Trumpin hallinnon maahanmuuttotoimien vuoksi.<\/p>\n<p>Yhdysvalloissa on j\u00e4rjestetty mittavia mielenosoituksia Minneapolisin ampumisen j\u00e4lkeen.<\/p>\n","protected":false},"excerpt":{"rendered":"Yhdysvalloissa Minnesotan osavaltio haastaa presidentti Donald Trumpin hallinnon oikeuteen liittovaltion maahanmuuttotoimien vuoksi. Maan hallinto on l\u00e4hett\u00e4nyt satoja liittovaltion&hellip;\n","protected":false},"author":2,"featured_media":140979,"comment_status":"","ping_status":"","sticky":false,"template":"","format":"standard","meta":{"footnotes":""},"categories":[14],"tags":[722,22,23,585,26,27,33,31,30,17,24,25,28,29,6699,15,18,21,142,637,144,32,19,20,56,16,59,60,61,143],"class_list":{"0":"post-140978","1":"post","2":"type-post","3":"status-publish","4":"format-standard","5":"has-post-thumbnail","7":"category-ulkomaat","8":"tag-amerikka","9":"tag-breaking-news","10":"tag-breakingnews","11":"tag-donald-trump","12":"tag-featured-news","13":"tag-featurednews","14":"tag-fi","15":"tag-finland","16":"tag-finnish","17":"tag-headlines","18":"tag-latest-news","19":"tag-latestnews","20":"tag-main-news","21":"tag-mainnews","22":"tag-minneapolis","23":"tag-news","24":"tag-otsikot","25":"tag-paauutiset","26":"tag-poliitikot","27":"tag-politiikka","28":"tag-presidentti","29":"tag-suomi","30":"tag-top-stories","31":"tag-topstories","32":"tag-ulkomaat","33":"tag-uutiset","34":"tag-world","35":"tag-world-news","36":"tag-worldnews","37":"tag-yhdysvaltain-politiikka"},"share_on_mastodon":{"url":"","error":"Validation failed: Text character limit of 500 exceeded"},"_links":{"self":[{"href":"https:\/\/www.europesays.com\/fi\/wp-json\/wp\/v2\/posts\/140978","targetHints":{"allow":["GET"]}}],"collection":[{"href":"https:\/\/www.europesays.com\/fi\/wp-json\/wp\/v2\/posts"}],"about":[{"href":"https:\/\/www.europesays.com\/fi\/wp-json\/wp\/v2\/types\/post"}],"author":[{"embeddable":true,"href":"https:\/\/www.europesays.com\/fi\/wp-json\/wp\/v2\/users\/2"}],"replies":[{"embeddable":true,"href":"https:\/\/www.europesays.com\/fi\/wp-json\/wp\/v2\/comments?post=140978"}],"version-history":[{"count":0,"href":"https:\/\/www.europesays.com\/fi\/wp-json\/wp\/v2\/posts\/140978\/revisions"}],"wp:featuredmedia":[{"embeddable":true,"href":"https:\/\/www.europesays.com\/fi\/wp-json\/wp\/v2\/media\/140979"}],"wp:attachment":[{"href":"https:\/\/www.europesays.com\/fi\/wp-json\/wp\/v2\/media?parent=140978"}],"wp:term":[{"taxonomy":"category","embeddable":true,"href":"https:\/\/www.europesays.com\/fi\/wp-json\/wp\/v2\/categories?post=140978"},{"taxonomy":"post_tag","embeddable":true,"href":"https:\/\/www.europesays.com\/fi\/wp-json\/wp\/v2\/tags?post=140978"}],"curies":[{"name":"wp","href":"https:\/\/api.w.org\/{rel}","templated":true}]}}