{"id":140982,"date":"2026-01-13T07:12:07","date_gmt":"2026-01-13T07:12:07","guid":{"rendered":"https:\/\/www.europesays.com\/fi\/140982\/"},"modified":"2026-01-13T07:12:07","modified_gmt":"2026-01-13T07:12:07","slug":"loimaa-tv-tuo-kaupungin-asiat-lahelle","status":"publish","type":"post","link":"https:\/\/www.europesays.com\/fi\/140982\/","title":{"rendered":"Loimaa-TV tuo kaupungin asiat l\u00e4helle"},"content":{"rendered":"<p>Loimaan kaupungilla suunnitellaan ja kehitet\u00e4\u00e4n viestint\u00e4\u00e4 eri tavoin, jotta asukkaat ja matkailijat saavat tietoa entist\u00e4 helpommin ja nopeammin. Vuonna 2026 otetaan k\u00e4ytt\u00f6\u00f6n uusia viestinn\u00e4n tapoja, ja ensimm\u00e4inen niist\u00e4 on Loimaa-TV.<\/p>\n<p>Loimaa-TV on kaupungin oma videosarja YouTubessa. Sarjassa julkaistaan lyhyit\u00e4, noin kolmen minuutin mittaisia jaksoja, joissa kerrotaan Loimaan kaupungin palveluista, toiminnasta ja ajankohtaisista tapahtumista. Videoissa kaupungin omat ty\u00f6ntekij\u00e4t kertovat asioista selke\u00e4sti ja ymm\u00e4rrett\u00e4v\u00e4sti.<\/p>\n<p>Jaksot julkaistaan kaupungin Youtube-kanavalla kahden viikon v\u00e4lein. Uusista videoista kerrotaan my\u00f6s kaupungin Facebook- ja Instagram-tileill\u00e4. Jotta et j\u00e4\u00e4 paitsi uusista jaksoista, kannattaa tilata <a href=\"https:\/\/www.youtube.com\/@loimaankaupunki7915\/playlists\" target=\"_blank\" rel=\"noreferrer noopener nofollow\">Loimaan YouTube-kanava<\/a>. Tulevat jaksojulkaisut kootaan my\u00f6s t\u00e4h\u00e4n artikkeliin, jossa ne on linkitettyn\u00e4.<\/p>\n<p>Kev\u00e4\u00e4ll\u00e4 Loimaa-TV:ss\u00e4 julkaistaan kymmenen jaksoa. Kes\u00e4ll\u00e4 ja syksyll\u00e4 sarja jatkuu uusilla kuvauksilla. Kev\u00e4\u00e4n jaksoissa k\u00e4sitell\u00e4\u00e4n muun muassa j\u00e4\u00e4- ja latutilannetta, talviloman monipuolisia mahdollisuuksia, Vesihovin ja liikuntapuolen palveluja, omatoimikirjastoa, ty\u00f6llisyyspalvelujen muutoksia, uutta Loimaa-sovellusta, yleisesti kaupungin kehitt\u00e4mist\u00e4 ja strategiaa, teknologiaklusteria sek\u00e4 keskustan kehitt\u00e4mist\u00e4.<\/p>\n<p>Tervetuloa mukaan seuraamaan Loimaa-TV:t\u00e4 \u2013 kaupungin asioita nyt videona.<\/p>\n<p>Lis\u00e4tiedot:<\/p>\n<p>Paavo Laaksonen, kehitt\u00e4misjohtaja<br \/>paavo.laaksonen@loimaa.fi, puh. 050 409 8794<\/p>\n<p>Heidi Cav\u00e9n, markkinointi- ja viestint\u00e4suunnittelija<br \/>heidi.caven@loimaa.fi, puh. 040 191 8292<\/p>\n<p>Jaksot:<\/p>\n<ol class=\"wp-block-list\">\n<li><a href=\"https:\/\/www.youtube.com\/watch?v=rGmRIvNELwg&amp;list=PLqV9-89xVsv-a2SdYsswkAq2CYKlmahYu\" data-type=\"link\" data-id=\"https:\/\/www.youtube.com\/watch?v=rGmRIvNELwg&amp;list=PLqV9-89xVsv-a2SdYsswkAq2CYKlmahYu\" target=\"_blank\" rel=\"noreferrer noopener nofollow\">Loimaa-TV:n esittelyjakso<\/a><\/li>\n<\/ol>\n","protected":false},"excerpt":{"rendered":"Loimaan kaupungilla suunnitellaan ja kehitet\u00e4\u00e4n viestint\u00e4\u00e4 eri tavoin, jotta asukkaat ja matkailijat saavat tietoa entist\u00e4 helpommin ja nopeammin.&hellip;\n","protected":false},"author":2,"featured_media":140983,"comment_status":"","ping_status":"","sticky":false,"template":"","format":"standard","meta":{"footnotes":""},"categories":[5],"tags":[22,23,26,27,33,31,30,17,24,25,28,29,15,18,21,32,19,20,16],"class_list":{"0":"post-140982","1":"post","2":"type-post","3":"status-publish","4":"format-standard","5":"has-post-thumbnail","7":"category-otsikot","8":"tag-breaking-news","9":"tag-breakingnews","10":"tag-featured-news","11":"tag-featurednews","12":"tag-fi","13":"tag-finland","14":"tag-finnish","15":"tag-headlines","16":"tag-latest-news","17":"tag-latestnews","18":"tag-main-news","19":"tag-mainnews","20":"tag-news","21":"tag-otsikot","22":"tag-paauutiset","23":"tag-suomi","24":"tag-top-stories","25":"tag-topstories","26":"tag-uutiset"},"share_on_mastodon":{"url":"https:\/\/pubeurope.com\/@fi\/115886551365181547","error":""},"_links":{"self":[{"href":"https:\/\/www.europesays.com\/fi\/wp-json\/wp\/v2\/posts\/140982","targetHints":{"allow":["GET"]}}],"collection":[{"href":"https:\/\/www.europesays.com\/fi\/wp-json\/wp\/v2\/posts"}],"about":[{"href":"https:\/\/www.europesays.com\/fi\/wp-json\/wp\/v2\/types\/post"}],"author":[{"embeddable":true,"href":"https:\/\/www.europesays.com\/fi\/wp-json\/wp\/v2\/users\/2"}],"replies":[{"embeddable":true,"href":"https:\/\/www.europesays.com\/fi\/wp-json\/wp\/v2\/comments?post=140982"}],"version-history":[{"count":0,"href":"https:\/\/www.europesays.com\/fi\/wp-json\/wp\/v2\/posts\/140982\/revisions"}],"wp:featuredmedia":[{"embeddable":true,"href":"https:\/\/www.europesays.com\/fi\/wp-json\/wp\/v2\/media\/140983"}],"wp:attachment":[{"href":"https:\/\/www.europesays.com\/fi\/wp-json\/wp\/v2\/media?parent=140982"}],"wp:term":[{"taxonomy":"category","embeddable":true,"href":"https:\/\/www.europesays.com\/fi\/wp-json\/wp\/v2\/categories?post=140982"},{"taxonomy":"post_tag","embeddable":true,"href":"https:\/\/www.europesays.com\/fi\/wp-json\/wp\/v2\/tags?post=140982"}],"curies":[{"name":"wp","href":"https:\/\/api.w.org\/{rel}","templated":true}]}}