{"id":141008,"date":"2026-01-13T08:02:07","date_gmt":"2026-01-13T08:02:07","guid":{"rendered":"https:\/\/www.europesays.com\/fi\/141008\/"},"modified":"2026-01-13T08:02:07","modified_gmt":"2026-01-13T08:02:07","slug":"kansainvalisyys-ja-vierailut-kuninkaantien-lukio","status":"publish","type":"post","link":"https:\/\/www.europesays.com\/fi\/141008\/","title":{"rendered":"Kansainv\u00e4lisyys ja vierailut (Kuninkaantien lukio)"},"content":{"rendered":"<p>Kansainv\u00e4linen ja koulun ulkopuolinen toimintaLukion matkakurssit ulkomaille<\/p>\n<p dir=\"ltr\"><strong>RUB110 Ruotsin matkakurssi<\/strong> (2op)<\/p>\n<p dir=\"ltr\">Tehd\u00e4\u00e4n matka Tukholmaan, jossa tutustutaan ruotsalaiseen kulttuuriin sek\u00e4 kouluj\u00e4rjestelm\u00e4\u00e4n. Vieraillaan sek\u00e4 tukholmalaisessa lukiossa ett\u00e4 yliopistolla.<\/p>\n<p dir=\"ltr\"><strong>SAB310 Saksan matkakurssi<\/strong> (2op)<\/p>\n<p dir=\"ltr\">Tehd\u00e4\u00e4n matka Berliiniin, jossa tutustutaan kaupungin ja sen l\u00e4hialueiden n\u00e4ht\u00e4vyyksiin, saksalaiseen kulttuuriin, kouluj\u00e4rjestelm\u00e4\u00e4n ja jatko-opintomahdollisuuksiin.<\/p>\n<p dir=\"ltr\"><strong>Keskiajan kulttuuri ja uskonto <\/strong>(HI010\/ UE08) (2 op)<\/p>\n<p dir=\"ltr\">Opintojaksoon sis\u00e4ltyy omakustanteinen p\u00e4iv\u00e4matka Tallinnaan, jossa tutustutaan Tallinnaan keskiaikaisena katolisen yhtein\u00e4iskulttuurin kaupunkina sek\u00e4 kansainv\u00e4lisen\u00e4 eurooppalaisena hansa- ja satamakaupunkina.\u00a0<\/p>\n<p dir=\"ltr\"><strong>Euroscola-ohjelma <\/strong>(ranska\/maantiede) (2 op)<\/p>\n<p dir=\"ltr\">Tehd\u00e4\u00e4n muutaman p\u00e4iv\u00e4n matka ranskan ja maantieteen opiskelijoiden kanssa Strasbourgiin, jossa vierailemme p\u00e4iv\u00e4n ajan EU-parlamentissa.<\/p>\n<p dir=\"ltr\"><strong>YK-simulaatio Berliiniss\u00e4<\/strong> (1 op?)<\/p>\n<p dir=\"ltr\">Monikansallinen, kolmip\u00e4iv\u00e4inen Yhdistyneiden kansakuntien yleiskokouksen simulaatio Berliiniss\u00e4. Vuoden 2026 teemana kest\u00e4v\u00e4 kehitys ja rauha.<\/p>\n<p>Muu kansainv\u00e4linen toiminta<\/p>\n<p dir=\"ltr\"><strong>Mistral Bor\u00e9al -opiskelijavaihto<\/strong><\/p>\n<p dir=\"ltr\">Ranskalaisen instituutin j\u00e4rjest\u00e4m\u00e4ss\u00e4 vaihto-ohjelmassa suomalainen ranskaa opiskeleva lukiolaisopiskelija menee 3 viikoksi Ranskaan vaihtoon ja t\u00e4m\u00e4n j\u00e4lkeen ranskalainen lukio-opiskelija tulee 3 viikoksi Suomeen. T\u00e4n\u00e4 syksyn\u00e4 kaksi ranskan opiskelijaa Kunkusta osallistuivat ohjelmaan.<\/p>\n<p dir=\"ltr\"><strong>Yst\u00e4vyyskoulu Ukrainassa<\/strong><\/p>\n<p dir=\"ltr\">Mahdollisuus osallistua Ukraina-toimintaan koko lukion ajan.\u00a0<\/p>\n<p dir=\"ltr\">Kunkussa vierailee kansainv\u00e4lisi\u00e4 opettajaryhmi\u00e4 sek\u00e4 vuosittain on natiiveja opetusharjoittelijoita esim. saksan opintojaksoilla.\u00a0<\/p>\n<p>Muut retket ja matkat<\/p>\n<p dir=\"ltr\"><strong>Liikunnan syvent\u00e4v\u00e4ll\u00e4 opintojaksolla<\/strong> (LI04) retkeill\u00e4\u00e4n ja y\u00f6vyt\u00e4\u00e4n luonnossa, esim. Nuuksiossa. Retkeen sis\u00e4ltyy mm. patikointia, suunnistusta, melontaa, ruoan valmistusta ja leiriytymist\u00e4 luonnossa.\u00a0<\/p>\n<p dir=\"ltr\"><strong>Talviliikuntakurssi<\/strong> (LI07)\u00a0suuntautuu Vuokattiin. Kurssin p\u00e4\u00e4tarkoitus on lasketella ja hiiht\u00e4\u00e4, mutta urheiluopiston monipuolisella tarjonnalla viikkoon mahtuu muutakin liikunnallista aktiviteettia.\u00a0 Vuokatissa olemme olleet 4-5 p\u00e4iv\u00e4\u00e4 mukaan lukien matkap\u00e4iv\u00e4t. Majoitus tapahtuu opistolla t\u00e4ysimajoituksessa. Hinta on yleens\u00e4 asettunut 300-400e v\u00e4liin. joten kurssi on maksullinen opiskelijoille.\u00a0<\/p>\n<p dir=\"ltr\"><strong>Uskonnon syvent\u00e4vill\u00e4 opintojaksoilla<\/strong>\u00a0vieraillaan useissa uskonnollisissa yhteis\u00f6iss\u00e4 (UE03, UE04) sek\u00e4 uskonnontutkimuksen (UE06) ja taiteen (UE06) kohteissa p\u00e4\u00e4kaupunkiseudulla. Vierailut matkoineen ovat opiskelijalle ilmaisia.<\/p>\n<p dir=\"ltr\"><strong>Kuvataiteen kursseilla<\/strong> vieraillaan p\u00e4\u00e4kaupunkiseudun taiden\u00e4yttelyiss\u00e4, tutustutaan taiteenalan jatko-opintomahdollisuuksiin sek\u00e4 vieraillaan mahdollisuuksien mukaan visuaalisen alan yrityksiss\u00e4. Vierailut matkoineen ovat opiskelijalle ilmaisia.<\/p>\n<p dir=\"ltr\"><strong>Lakitiedon<\/strong> (YH4) ryhm\u00e4t vierailevat k\u00e4r\u00e4j\u00e4oikeudessa seuraamassa rikosoikeuden istuntoa.<\/p>\n<p dir=\"ltr\"><strong>Yhteiskunta median silmin<\/strong> (YH5) pyrkii vierailemaan ainakin eduskunnassa kansanedustajan vieraana ja t\u00e4ysistuntoa seuraamassa. My\u00f6s muut vierailut ja\/tai vierailijat mahdollisia.<\/p>\n<p dir=\"ltr\">Ruotsin <strong>Svenska h\u00e4r och nu <\/strong>(Rub19) -kurssilla vieraillaan useissa ruotsinkielisiss\u00e4 kohteissa, joissa opiskelijoiden on mahdollista hy\u00f6dynt\u00e4\u00e4 kielitaitoaan. Vierailuja on tehty mm. Fazerille, Kauklahteen Halmen koditoriaan, Ikealle ja Svenska Teaterniin.\u00a0\u00a0<\/p>\n","protected":false},"excerpt":{"rendered":"Kansainv\u00e4linen ja koulun ulkopuolinen toimintaLukion matkakurssit ulkomaille RUB110 Ruotsin matkakurssi (2op) Tehd\u00e4\u00e4n matka Tukholmaan, jossa tutustutaan ruotsalaiseen kulttuuriin&hellip;\n","protected":false},"author":2,"featured_media":141009,"comment_status":"","ping_status":"","sticky":false,"template":"","format":"standard","meta":{"footnotes":""},"categories":[14],"tags":[22,23,26,27,33,31,30,17,24,25,28,29,15,18,21,32,19,20,56,16,59,60,61],"class_list":{"0":"post-141008","1":"post","2":"type-post","3":"status-publish","4":"format-standard","5":"has-post-thumbnail","7":"category-ulkomaat","8":"tag-breaking-news","9":"tag-breakingnews","10":"tag-featured-news","11":"tag-featurednews","12":"tag-fi","13":"tag-finland","14":"tag-finnish","15":"tag-headlines","16":"tag-latest-news","17":"tag-latestnews","18":"tag-main-news","19":"tag-mainnews","20":"tag-news","21":"tag-otsikot","22":"tag-paauutiset","23":"tag-suomi","24":"tag-top-stories","25":"tag-topstories","26":"tag-ulkomaat","27":"tag-uutiset","28":"tag-world","29":"tag-world-news","30":"tag-worldnews"},"share_on_mastodon":{"url":"https:\/\/pubeurope.com\/@fi\/115886748062141530","error":""},"_links":{"self":[{"href":"https:\/\/www.europesays.com\/fi\/wp-json\/wp\/v2\/posts\/141008","targetHints":{"allow":["GET"]}}],"collection":[{"href":"https:\/\/www.europesays.com\/fi\/wp-json\/wp\/v2\/posts"}],"about":[{"href":"https:\/\/www.europesays.com\/fi\/wp-json\/wp\/v2\/types\/post"}],"author":[{"embeddable":true,"href":"https:\/\/www.europesays.com\/fi\/wp-json\/wp\/v2\/users\/2"}],"replies":[{"embeddable":true,"href":"https:\/\/www.europesays.com\/fi\/wp-json\/wp\/v2\/comments?post=141008"}],"version-history":[{"count":0,"href":"https:\/\/www.europesays.com\/fi\/wp-json\/wp\/v2\/posts\/141008\/revisions"}],"wp:featuredmedia":[{"embeddable":true,"href":"https:\/\/www.europesays.com\/fi\/wp-json\/wp\/v2\/media\/141009"}],"wp:attachment":[{"href":"https:\/\/www.europesays.com\/fi\/wp-json\/wp\/v2\/media?parent=141008"}],"wp:term":[{"taxonomy":"category","embeddable":true,"href":"https:\/\/www.europesays.com\/fi\/wp-json\/wp\/v2\/categories?post=141008"},{"taxonomy":"post_tag","embeddable":true,"href":"https:\/\/www.europesays.com\/fi\/wp-json\/wp\/v2\/tags?post=141008"}],"curies":[{"name":"wp","href":"https:\/\/api.w.org\/{rel}","templated":true}]}}