{"id":141020,"date":"2026-01-13T08:24:07","date_gmt":"2026-01-13T08:24:07","guid":{"rendered":"https:\/\/www.europesays.com\/fi\/141020\/"},"modified":"2026-01-13T08:24:07","modified_gmt":"2026-01-13T08:24:07","slug":"pikku-kakkosen-ja-galaxin-mediataitoviikko-2026-pikku-kakkonen-yle-fi","status":"publish","type":"post","link":"https:\/\/www.europesays.com\/fi\/141020\/","title":{"rendered":"Pikku Kakkosen ja Galaxin mediataitoviikko 2026 \u2013 Pikku Kakkonen \u2013 yle.fi"},"content":{"rendered":"<p class=\"ydd-lead font-bold text-lg owl:text-xl\">  Mediataitoviikon teema on vuonna 2026 median k\u00e4ytt\u00f6.<\/p>\n<p>Pikku Kakkonen on Ylen turvallinen mediapalvelu alle kouluik\u00e4isille lapsille.<br \/>Ohjelmat Areenassa ja TV2:lla ovat pian jo 50 vuotta viihdytt\u00e4neet ja tarjonneet lapselle mahdollisuuden oppia uusia asioita. Tv-ohjelmien lis\u00e4ksi Pikku Kakkosessa tehd\u00e4\u00e4n kuunneltavia ohjelmia, sovelluksia ja j\u00e4rjestet\u00e4\u00e4n tapahtumiin. Kaikki tehd\u00e4\u00e4n lapsen ehdoilla ja alle kouluik\u00e4isen lapsen tasoisesti. <a class=\"link\" href=\"https:\/\/yle.fi\/aihe\/a\/20-10009209\" rel=\"nofollow noopener\" target=\"_blank\">Listasimme<\/a> kymmenen turvallista tapaa kuluttaa ja k\u00e4ytt\u00e4\u00e4 Pikku Kakkosta.<\/p>\n<p>Ylell\u00e4, niin Areenassa kuin TV2:lla, on runsas valikoima pienille lapsille ja koululaisille suunnattuja kansainv\u00e4lisi\u00e4 animaatioita. Niit\u00e4 ostetaan ymp\u00e4ri maailmaa ja alkuper\u00e4iskieli voi olla niin englanti kuin vaikkapa ranska, saksa tai ruotsi. Pienimm\u00e4t, viel\u00e4 lukutaidottomat katsojat saatellaan n\u00e4iden tarinoiden maailmaan suomenkielisen dubbauksen avulla.<\/p>\n<p>Dubbaus on kokonaan oma taiteenlajinsa. Galaxin Saku k\u00e4vi tutustumassa koululaissarja Vuohityt\u00f6n dubbaushetkiin Uptempon tiloissa Helsingin Pasilassa. Mukana on my\u00f6s \u00e4\u00e4nin\u00e4yttelij\u00e4 <strong>Jenny Ye<\/strong> ja ohjaaja <strong>Joonas L\u00e4hteenm\u00e4ki<\/strong>.<\/p>\n<p>Supernormaalia-sarjan Tiktok-tili ker\u00e4\u00e4 sarjan fanit kanavalle yhteis\u00f6\u00f6n, jossa jaetaan sarjan tekemiseen liittyv\u00e4\u00e4 tietoa ja syvennet\u00e4\u00e4n ymm\u00e4rryst\u00e4 tv-ohjelman teosta ja n\u00e4yttelij\u00e4nuorien kokemuksia mukanaolosta. Nuorimmalle kohdeyleis\u00f6lle on osin yll\u00e4tt\u00e4v\u00e4\u00e4, ett\u00e4 n\u00e4yttelij\u00e4 ja roolihahmo ovat eri henkil\u00f6it\u00e4, tilin videot pyrkii avaamaan t\u00e4t\u00e4 ja tutustuttaa lapset fiktion kuvaamisen ja tekemisen maailmaan. Tilill\u00e4 on my\u00f6s ammattiesittelyj\u00e4, kuten kamera-assistentin ja kuvaajan ty\u00f6h\u00f6n tutustuminen.<\/p>\n<p>Tiktok-tilin yksi tarkoitus on luoda vuorovaikutuksellista sis\u00e4lt\u00f6\u00e4. Seuraajilta pyydet\u00e4\u00e4n kysymyksi\u00e4 ja niihin vastataan n\u00e4yttelij\u00f6iden kanssa videoilla tai mediatoimittajan tekstivastauksilla.<\/p>\n<p>Lue my\u00f6s:<br \/><a class=\"link\" href=\"https:\/\/yle.fi\/aihe\/a\/20-10006872\" rel=\"nofollow noopener\" target=\"_blank\">Supernormaalia-sarjassa nuorten n\u00e4yttelij\u00f6iden hyvinvointi etusijalla<\/a><br \/><a class=\"link\" href=\"https:\/\/yle.fi\/aihe\/a\/20-10006873\" rel=\"nofollow noopener\" target=\"_blank\">Lukivaikeudesta oma voimavara my\u00f6s n\u00e4yttelemiseen<\/a><\/p>\n<p><strong>Emma Nummela<\/strong> tapaa idoleita ja p\u00e4\u00e4see kurkistamaan heid\u00e4n lapsuuskuviaan. Mink\u00e4laisia muistoja valokuvat her\u00e4tt\u00e4v\u00e4t? Mitk\u00e4 asiat olivat heille t\u00e4rkeit\u00e4 lapsina ja milloin tuleva ammatti pilkahti el\u00e4m\u00e4\u00e4n ensimm\u00e4ist\u00e4 kertaa? Mik\u00e4 oli haastavaa, ja mist\u00e4 sai apua vaikeuksiin? Lopuksi jokainen vieras l\u00e4hett\u00e4\u00e4 terveisi\u00e4 itselleen lapsuuteen.<\/p>\n<p>Ohjelman ensimm\u00e4isell\u00e4 kaudella lapsuudesta keskustelevat tubettaja Pinkku Pinsku eli <strong>Pinja Sanaksenaho<\/strong>, jalkapalloilija <strong>Perparim Hetemaj<\/strong>, koomikko <strong>Hanad \u201dDosdela\u201d Hassan<\/strong>, n\u00e4yttelij\u00e4 <strong>Eino Heiskanen<\/strong> ja tanssija <strong>Atte Kilpinen<\/strong>.<\/p>\n<p>Sarja tarjoaa vertaistukea ja n\u00e4kym\u00e4n, ett\u00e4 idoli on ollut mahdollisesti samojen haasteiden edess\u00e4 kuin itse. Sarjan kantava teema on toivo. Idolit muistelevat rehellisesti kokemuksiaan. Ja katsoja n\u00e4kee, ett\u00e4 vaikeuksista voi p\u00e4\u00e4st\u00e4 yli ja ne ovat osa persoonaa ja henkil\u00f6n historiaa, joka on muokannut h\u00e4nest\u00e4 juuri omanlaisen. Sarjan 2. tuotantokausi julkaistaan Yle Areenassa 5.3.2026.<\/p>\n<p>Lue my\u00f6s:<br \/><a class=\"link\" href=\"https:\/\/yle.fi\/aihe\/a\/20-10009024\" rel=\"nofollow noopener\" target=\"_blank\">Alakoululainen kaipaa ohjausta ymm\u00e4rt\u00e4\u00e4kseen, ett\u00e4 haasteiden edess\u00e4 el\u00e4m\u00e4 kantaa<\/a><\/p>\n<p>Galaxin uusi <a class=\"link\" href=\"https:\/\/yle.fi\/galaxi\/file\/Galaxi-Lukemisen-Lukujarjestys.pdf\" rel=\"nofollow noopener\" target=\"_blank\">lukemisen lukuj\u00e4rjestys<\/a> on suunniteltu yhteisty\u00f6ss\u00e4 <a class=\"link\" href=\"https:\/\/lukukeskus.fi\/\" rel=\"nofollow noopener\" target=\"_blank\">Lukukeskuksen<\/a> kanssa. Sen tarkoituksena on innostaa koululaisia merkitsem\u00e4\u00e4n muistiin lukemiaan kirjoja ja luoda lukemisesta s\u00e4\u00e4nn\u00f6llinen toistuva arjen lepotauko. Lukuj\u00e4rjestys toimii samalla lukup\u00e4iv\u00e4kirjana, johon voi kirjata paitsi luetut teokset my\u00f6s lukufiilikset ja antaa kirjoille t\u00e4htiarvioinnin.<\/p>\n<p>Mediataitoviikko-arkisto<\/p>\n<p>Pikku Kakkosen tuttu hahmo Botti leikkii medialeikkej\u00e4 yhdess\u00e4 Tessan kanssa <a class=\"link\" href=\"https:\/\/areena.yle.fi\/podcastit\/1-72833706\" rel=\"nofollow noopener\" target=\"_blank\">Botin ja Tessan medialeikit -audiosarjassa.<\/a> Botti ja Tessa juttelevat muun muassa sanomalehdist\u00e4, ensimm\u00e4isest\u00e4 puhelimesta ja ruutuajasta. Sarja kannustaa k\u00e4ytt\u00e4m\u00e4\u00e4n mediaa monipuolisesti yhdess\u00e4 perheen tai ryhm\u00e4n kanssa. Jokaiseen jaksoon liittyy my\u00f6s <a class=\"link\" href=\"https:\/\/yle.fi\/aihe\/a\/20-10002088\" rel=\"nofollow noopener\" target=\"_blank\">valmis toimintatuokioehdotus<\/a>.<\/p>\n<p>Botti on mukana my\u00f6s huikeassa <a class=\"link\" href=\"https:\/\/areena.yle.fi\/1-64867301\" rel=\"nofollow noopener\" target=\"_blank\">Reppu-Heppu ja Botti median mestareina<\/a> -tv-sarjassa. Toimeliaalle Reppu-Hepulle sattuu ja tapahtuu median \u00e4\u00e4rell\u00e4. V\u00e4lill\u00e4 media tuntuu menev\u00e4n jopa tunteisiin, mutta maltillisen Botin opastuksella pulmallisiinkin kokemuksiin l\u00f6ytyy aina yhdess\u00e4 pohdiskellen sopiva ratkaisu.<\/p>\n<p>Muista tutustua my\u00f6s Pikku Kakkosen <a class=\"link\" href=\"https:\/\/yle.fi\/aihe\/a\/20-10002088\" rel=\"nofollow noopener\" target=\"_blank\">mediakasvatusaiheisiin toimintatuokioihin<\/a>!<\/p>\n<p><a class=\"link\" href=\"https:\/\/yle.fi\/aihe\/a\/20-10008162\" rel=\"nofollow noopener\" target=\"_blank\">Pikku Kakkosen ja Galaxin mediataitoviikko 2025<\/a><\/p>\n<p><a class=\"link\" href=\"https:\/\/yle.fi\/aihe\/a\/20-10006102\" rel=\"nofollow noopener\" target=\"_blank\">Pikku Kakkosen Mediataitoviikko 2024<\/a><\/p>\n<p><a class=\"link\" href=\"https:\/\/yle.fi\/aihe\/a\/20-10003895\" rel=\"nofollow noopener\" target=\"_blank\">Pikku Kakkosen Mediataitoviikko 2023<\/a><\/p>\n<p><a class=\"link\" href=\"https:\/\/yle.fi\/aihe\/a\/20-10002032\" rel=\"nofollow noopener\" target=\"_blank\">Pikku Kakkosen Mediataitoviikko 2022<\/a><\/p>\n<p><a class=\"link\" href=\"https:\/\/yle.fi\/aihe\/a\/20-307777\" rel=\"nofollow noopener\" target=\"_blank\">Pikku Kakkosen Mediataitoviikko 2021<\/a><\/p>\n<p><a class=\"link\" href=\"https:\/\/yle.fi\/aihe\/a\/20-297085\" rel=\"nofollow noopener\" target=\"_blank\">Pikku Kakkosen Mediataitoviikko 2020<\/a><\/p>\n<p><a class=\"link\" href=\"https:\/\/yle.fi\/aihe\/a\/20-281987\" rel=\"nofollow noopener\" target=\"_blank\">Pikku Kakkosen Mediataitoviikko 2019<\/a><\/p>\n<p>Kaikki Pikku Kakkosen aiemmat <a class=\"link\" href=\"https:\/\/yle.fi\/t\/18-269665\/fi\" rel=\"nofollow noopener\" target=\"_blank\">Mediataitoviikko-sis\u00e4ll\u00f6t<\/a>.<\/p>\n","protected":false},"excerpt":{"rendered":"Mediataitoviikon teema on vuonna 2026 median k\u00e4ytt\u00f6. Pikku Kakkonen on Ylen turvallinen mediapalvelu alle kouluik\u00e4isille lapsille.Ohjelmat Areenassa ja&hellip;\n","protected":false},"author":2,"featured_media":141021,"comment_status":"","ping_status":"","sticky":false,"template":"","format":"standard","meta":{"footnotes":""},"categories":[130],"tags":[8450,137,33,31,30,24304,24305,842,99,2164,1388,24314,676,24313,2162,32,2166,109],"class_list":{"0":"post-141020","1":"post","2":"type-post","3":"status-publish","4":"format-standard","5":"has-post-thumbnail","7":"category-viihde","8":"tag-animaatio","9":"tag-entertainment","10":"tag-fi","11":"tag-finland","12":"tag-finnish","13":"tag-galaxi","14":"tag-jalkiaanitys","15":"tag-koululaiset","16":"tag-lapset","17":"tag-lastenohjelmat","18":"tag-lukeminen","19":"tag-mediakasvatus","20":"tag-mediataidot","21":"tag-mediataitoviikko","22":"tag-pikku-kakkonen","23":"tag-suomi","24":"tag-televisio-ohjelmat","25":"tag-viihde"},"share_on_mastodon":{"url":"https:\/\/pubeurope.com\/@fi\/115886834483655259","error":""},"_links":{"self":[{"href":"https:\/\/www.europesays.com\/fi\/wp-json\/wp\/v2\/posts\/141020","targetHints":{"allow":["GET"]}}],"collection":[{"href":"https:\/\/www.europesays.com\/fi\/wp-json\/wp\/v2\/posts"}],"about":[{"href":"https:\/\/www.europesays.com\/fi\/wp-json\/wp\/v2\/types\/post"}],"author":[{"embeddable":true,"href":"https:\/\/www.europesays.com\/fi\/wp-json\/wp\/v2\/users\/2"}],"replies":[{"embeddable":true,"href":"https:\/\/www.europesays.com\/fi\/wp-json\/wp\/v2\/comments?post=141020"}],"version-history":[{"count":0,"href":"https:\/\/www.europesays.com\/fi\/wp-json\/wp\/v2\/posts\/141020\/revisions"}],"wp:featuredmedia":[{"embeddable":true,"href":"https:\/\/www.europesays.com\/fi\/wp-json\/wp\/v2\/media\/141021"}],"wp:attachment":[{"href":"https:\/\/www.europesays.com\/fi\/wp-json\/wp\/v2\/media?parent=141020"}],"wp:term":[{"taxonomy":"category","embeddable":true,"href":"https:\/\/www.europesays.com\/fi\/wp-json\/wp\/v2\/categories?post=141020"},{"taxonomy":"post_tag","embeddable":true,"href":"https:\/\/www.europesays.com\/fi\/wp-json\/wp\/v2\/tags?post=141020"}],"curies":[{"name":"wp","href":"https:\/\/api.w.org\/{rel}","templated":true}]}}