{"id":141022,"date":"2026-01-13T08:27:07","date_gmt":"2026-01-13T08:27:07","guid":{"rendered":"https:\/\/www.europesays.com\/fi\/141022\/"},"modified":"2026-01-13T08:27:07","modified_gmt":"2026-01-13T08:27:07","slug":"mantsalan-autopalvelu-ja-fhra-yhteistyohon-tukemassa-positiivista-kierretta-finnish-hot-rod-association-fhra-ry","status":"publish","type":"post","link":"https:\/\/www.europesays.com\/fi\/141022\/","title":{"rendered":"M\u00e4nts\u00e4l\u00e4n Autopalvelu ja FHRA yhteisty\u00f6h\u00f6n \u2013 \u201cTukemassa positiivista kierrett\u00e4\u201d \u2013 Finnish Hot Rod Association FHRA ry"},"content":{"rendered":"<p><a href=\"https:\/\/www.fhra.fi\/mantsalan-autopalvelu-ja-fhra-yhteistyohon-tukemassa-positiivista-kierretta\/nimeton-8\/\" rel=\"nofollow noopener\" target=\"_blank\"><img decoding=\"async\" src=\"https:\/\/www.europesays.com\/fi\/wp-content\/uploads\/2026\/01\/Nimeton.png\" alt=\"\" title=\"Nimet\u00f6n\"\/><\/a><\/p>\n<p><strong>Kaudella 2026 M\u00e4nts\u00e4l\u00e4n\u00a0Autopalvelu\u00a0on S\/SS-ryhm\u00e4n yhteisty\u00f6kumppani. Kilpailuryhm\u00e4n nimi on M\u00e4nts\u00e4l\u00e4n\u00a0Autopalvelu\u00a0Stock\/Super Stock.<\/strong><\/p>\n<p>\u00a0<\/p>\n<p>Kiihdytysajon SM-sarjan yhteisty\u00f6kumppanuuksien tarkoitus on mahdollistaa harrastajille matalammat kilpailukustannukset.<\/p>\n<p>\u201cOlemme ilolla mukana tukemassa positiivista kierrett\u00e4 \u2013 jos panoksemme auttaa harrastuksen jatkuvuutta, koemme sen kunniateht\u00e4v\u00e4n\u00e4. Olemme my\u00f6s kiitollisia siit\u00e4, ett\u00e4 FHRA on tarjonnut mahdollisuuden harrastaa kiihdytysajoa vaikeinakin hetkin\u00e4, ja nyt on hienoa antaa takaisinp\u00e4in. Olen ollut mukana yli nelj\u00e4 vuosikymment\u00e4, ja sin\u00e4 aikana FHRA on luonut vahvan perustan amerikanautoharrastukselle sek\u00e4 sen ymp\u00e4rille syntyneille liiketoimintamalleille. My\u00f6s M\u00e4nts\u00e4l\u00e4n Autopalvelu on pitk\u00e4lti nykyinen itsens\u00e4 kilpailutoiminnan kautta syntyneiden verkostojen ansiosta. FHRA:n tapahtumat tarjoavat edelleen arvokasta n\u00e4kyvyytt\u00e4 \u2013 kohderyhm\u00e4\u00e4 l\u00f6ytyy lapsista el\u00e4kel\u00e4isiin. Toivon, ett\u00e4 esimerkkimme kannustaa muitakin tarttumaan t\u00e4h\u00e4n edulliseen ja tehokkaaseen markkinointikeinoon\u201d, <strong>Arto Sulopuisto<\/strong> M\u00e4nts\u00e4l\u00e4n Autopalvelusta kommentoi.<\/p>\n<p>\u201cYhteisty\u00f6kumppanuudet ovat elinehto kehittyv\u00e4lle Kiihdytysajon SM-sarjalle. Kiihdytysajossa meill\u00e4 on 10-15 eri kilparyhm\u00e4\u00e4, joista jokaisen nimen voi tulevalle kaudelle ostaa edulliseen 1500\u20ac hintaan. Kuten viimevuonnakin, tulemme k\u00e4ytt\u00e4m\u00e4\u00e4n sponsorimyynneist\u00e4 saadut tuotot suoraan kilpailumaksujen alentamiseen, ja yhteisty\u00f6 M\u00e4nts\u00e4l\u00e4n Autopalvelun kanssa on yksi askel t\u00e4ll\u00e4 polulla. Pienell\u00e4 kustannuksella voi kauttamme saada laajaa n\u00e4kyvyytt\u00e4 kotimaassa ja samalla yritykset ovat mukana mahdollistamassa kiihdytysurheilua Suomessa\u201d, FHRA Marketing Oy:n toimitusjohtaja <strong>Anssi Pinola<\/strong> iloitsee.<\/p>\n<p>Kiihdytysajon SM-sarjassa ajetaan kaudella 2026 yhteens\u00e4 nelj\u00e4 osakilpailua. Bl\u00e5kl\u00e4der Drag Racing Series 2026 -kilpailupaikkakunnat ovat Kauhava ja Pieks\u00e4m\u00e4ki.<\/p>\n<p>***<\/p>\n<p><strong>Bl\u00e5kl\u00e4der Drag Racing Series 2026, Kiihdytysajon SM-sarja <\/strong><\/p>\n<p>15.-17.5. \/ LSK Business Park, Kauhava<br \/>12.-14.6. \/ Motopark\u202f, Pieks\u00e4m\u00e4ki<br \/>17.-19.7. \/ LSK Business Park, Kauhava<br \/>4.-6.9. \/ Motopark\u202f, Pieks\u00e4m\u00e4ki<\/p>\n<p>***<\/p>\n<p><strong>Stock\/Super Stock\u00a0<\/strong>-ryhm\u00e4ss\u00e4 on yhdistetty kaksi ryhm\u00e4\u00e4, Stock- ja Super\u00a0 Stock -ryhm\u00e4t. Lajitteluissa vedet\u00e4\u00e4n t\u00e4ysill\u00e4 ja haetaan enn\u00e4tyksi\u00e4 sek\u00e4 dial-in -aikaa (tavoiteaika) pudotuskisaa\u00a0 varten. Pudotuskisa ajetaan bracket racingina, jolloin hitaampi auto saa tasoitusta ja ovat laskennallisesti yht\u00e4 aikaa maalissa. Tasaisuuden vuoksi\u00a0 reaktioajat ovat erityisen merkitt\u00e4v\u00e4ss\u00e4 osassa ja siksi my\u00f6s kokemus on valttia. Stock- ja Super Stock -kilpurit perustuvat tuotantoautoihin ja viritt\u00e4minen on hyvin rajattua.<\/p>\n<p>\u00a0<\/p>\n<p>\u00a0<\/p>\n<p>kiihdytysurheilu.fi <a href=\"https:\/\/kiihdytysurheilu.fi\/\" rel=\"nofollow noopener\" target=\"_blank\">t\u00e4st\u00e4<\/a>.<\/p>\n<p>\u00a0<\/p>\n","protected":false},"excerpt":{"rendered":"Kaudella 2026 M\u00e4nts\u00e4l\u00e4n\u00a0Autopalvelu\u00a0on S\/SS-ryhm\u00e4n yhteisty\u00f6kumppani. Kilpailuryhm\u00e4n nimi on M\u00e4nts\u00e4l\u00e4n\u00a0Autopalvelu\u00a0Stock\/Super Stock. \u00a0 Kiihdytysajon SM-sarjan yhteisty\u00f6kumppanuuksien tarkoitus on mahdollistaa harrastajille&hellip;\n","protected":false},"author":2,"featured_media":141023,"comment_status":"","ping_status":"","sticky":false,"template":"","format":"standard","meta":{"footnotes":""},"categories":[76],"tags":[79,77,33,31,30,32,78],"class_list":{"0":"post-141022","1":"post","2":"type-post","3":"status-publish","4":"format-standard","5":"has-post-thumbnail","7":"category-talous","8":"tag-business","9":"tag-economy","10":"tag-fi","11":"tag-finland","12":"tag-finnish","13":"tag-suomi","14":"tag-talous"},"share_on_mastodon":{"url":"https:\/\/pubeurope.com\/@fi\/115886846322363260","error":""},"_links":{"self":[{"href":"https:\/\/www.europesays.com\/fi\/wp-json\/wp\/v2\/posts\/141022","targetHints":{"allow":["GET"]}}],"collection":[{"href":"https:\/\/www.europesays.com\/fi\/wp-json\/wp\/v2\/posts"}],"about":[{"href":"https:\/\/www.europesays.com\/fi\/wp-json\/wp\/v2\/types\/post"}],"author":[{"embeddable":true,"href":"https:\/\/www.europesays.com\/fi\/wp-json\/wp\/v2\/users\/2"}],"replies":[{"embeddable":true,"href":"https:\/\/www.europesays.com\/fi\/wp-json\/wp\/v2\/comments?post=141022"}],"version-history":[{"count":0,"href":"https:\/\/www.europesays.com\/fi\/wp-json\/wp\/v2\/posts\/141022\/revisions"}],"wp:featuredmedia":[{"embeddable":true,"href":"https:\/\/www.europesays.com\/fi\/wp-json\/wp\/v2\/media\/141023"}],"wp:attachment":[{"href":"https:\/\/www.europesays.com\/fi\/wp-json\/wp\/v2\/media?parent=141022"}],"wp:term":[{"taxonomy":"category","embeddable":true,"href":"https:\/\/www.europesays.com\/fi\/wp-json\/wp\/v2\/categories?post=141022"},{"taxonomy":"post_tag","embeddable":true,"href":"https:\/\/www.europesays.com\/fi\/wp-json\/wp\/v2\/tags?post=141022"}],"curies":[{"name":"wp","href":"https:\/\/api.w.org\/{rel}","templated":true}]}}