{"id":141026,"date":"2026-01-13T08:29:07","date_gmt":"2026-01-13T08:29:07","guid":{"rendered":"https:\/\/www.europesays.com\/fi\/141026\/"},"modified":"2026-01-13T08:29:07","modified_gmt":"2026-01-13T08:29:07","slug":"savonlinnan-vesi-tekee-asennustoita-vesikatko-tuunaansaaressa-ja-haataansaaressa-keskiviikkona-14-1","status":"publish","type":"post","link":"https:\/\/www.europesays.com\/fi\/141026\/","title":{"rendered":"Savonlinnan Vesi tekee asennust\u00f6it\u00e4 \u2013 vesikatko Tuunaansaaressa ja Haataansaaressa keskiviikkona 14.1."},"content":{"rendered":"<p>\ttiistaina 13. tammikuuta 2026<\/p>\n<p>Savonlinnan Vesi tekee vesijohtoventtiilin liitosty\u00f6n keskiviikkona 14.1.2026 kello 8 \u201315 v\u00e4lisen\u00e4 aikana. Ty\u00f6 aiheuttaa vesikatkon sek\u00e4 vedenlaadun vaihtelua Tuunaansaaressa ja Haataansaaressa Kes\u00e4maanlinjan urakka-alueen l\u00e4heisyydess\u00e4.<\/p>\n<p>Vesikatkon vaikutusalue:<\/p>\n<ul class=\"wp-block-list\">\n<li>Savonlinnantie 2825<\/li>\n<li>Savonlinnantie 2871<\/li>\n<li>Tuunaansaarentie 9 -32<\/li>\n<li>Kes\u00e4maantie 7-32<\/li>\n<li>Jaskantie<\/li>\n<li>Koivuhovintie<\/li>\n<li>Katajikkotie<\/li>\n<li>M\u00e4nnikk\u00f6tie<\/li>\n<li>Saarelantie<\/li>\n<li>Haataansaarentie<\/li>\n<li>Haataanniemenkuja<\/li>\n<\/ul>\n<p><img fetchpriority=\"high\" decoding=\"async\" width=\"745\" height=\"520\" src=\"https:\/\/www.europesays.com\/fi\/wp-content\/uploads\/2026\/01\/image-3.png\" alt=\"\" class=\"wp-image-75452\"  \/><\/p>\n<p>Vedenjakelu keskeytyy kiinteist\u00f6iss\u00e4 yll\u00e4 mainittuna aikana. Katko voi olla arvioitua aikaa lyhyempi tai pidempi. <strong>Talousvett\u00e4 tulee varata etuk\u00e4teen astioihin p\u00e4iv\u00e4n ajaksi<\/strong>. Vesijohtoverkostoon liitetyt laitteet eiv\u00e4t toimi katkon aikana.<\/p>\n<p>Asennusty\u00f6n j\u00e4lkeen vesijohtoverkostossa saattaa ilmet\u00e4 v\u00e4rihaittaa, ilmaa sek\u00e4 paineenlaskua my\u00f6s laajemmalla alueella. Jos v\u00e4rihaittaa ilmenee, pyyd\u00e4mme juoksuttamaan kylm\u00e4\u00e4 vett\u00e4 hanasta niin kauan, kunnes vesi kirkastuu. Vesi ei ole terveydelle haitallista, mutta v\u00e4rj\u00e4ytynytt\u00e4 vett\u00e4 ei tulisi k\u00e4ytt\u00e4\u00e4 talousveten\u00e4 sek\u00e4 pesukoneiden k\u00e4ytt\u00f6\u00e4 tulisi v\u00e4ltt\u00e4\u00e4.<\/p>\n<p>Lis\u00e4tietoja antavat:<\/p>\n<ul class=\"wp-block-list\">\n<li>ty\u00f6njohtaja Marko Raitakivi, 044 417 4818<\/li>\n<\/ul>\n<ul class=\"wp-block-list\">\n<li>verkostoinsin\u00f6\u00f6ri Leena Vihavainen, 044 417 4811<\/li>\n<\/ul>\n<p>Pahoittelemme ty\u00f6st\u00e4 aiheutuvaa h\u00e4iri\u00f6t\u00e4.<\/p>\n","protected":false},"excerpt":{"rendered":"tiistaina 13. tammikuuta 2026 Savonlinnan Vesi tekee vesijohtoventtiilin liitosty\u00f6n keskiviikkona 14.1.2026 kello 8 \u201315 v\u00e4lisen\u00e4 aikana. Ty\u00f6 aiheuttaa&hellip;\n","protected":false},"author":2,"featured_media":141027,"comment_status":"","ping_status":"","sticky":false,"template":"","format":"standard","meta":{"footnotes":""},"categories":[12],"tags":[22,23,26,27,33,31,30,17,24,25,28,29,15,18,21,32,19,20,16],"class_list":{"0":"post-141026","1":"post","2":"type-post","3":"status-publish","4":"format-standard","5":"has-post-thumbnail","7":"category-suomi","8":"tag-breaking-news","9":"tag-breakingnews","10":"tag-featured-news","11":"tag-featurednews","12":"tag-fi","13":"tag-finland","14":"tag-finnish","15":"tag-headlines","16":"tag-latest-news","17":"tag-latestnews","18":"tag-main-news","19":"tag-mainnews","20":"tag-news","21":"tag-otsikot","22":"tag-paauutiset","23":"tag-suomi","24":"tag-top-stories","25":"tag-topstories","26":"tag-uutiset"},"share_on_mastodon":{"url":"https:\/\/pubeurope.com\/@fi\/115886854242958207","error":""},"_links":{"self":[{"href":"https:\/\/www.europesays.com\/fi\/wp-json\/wp\/v2\/posts\/141026","targetHints":{"allow":["GET"]}}],"collection":[{"href":"https:\/\/www.europesays.com\/fi\/wp-json\/wp\/v2\/posts"}],"about":[{"href":"https:\/\/www.europesays.com\/fi\/wp-json\/wp\/v2\/types\/post"}],"author":[{"embeddable":true,"href":"https:\/\/www.europesays.com\/fi\/wp-json\/wp\/v2\/users\/2"}],"replies":[{"embeddable":true,"href":"https:\/\/www.europesays.com\/fi\/wp-json\/wp\/v2\/comments?post=141026"}],"version-history":[{"count":0,"href":"https:\/\/www.europesays.com\/fi\/wp-json\/wp\/v2\/posts\/141026\/revisions"}],"wp:featuredmedia":[{"embeddable":true,"href":"https:\/\/www.europesays.com\/fi\/wp-json\/wp\/v2\/media\/141027"}],"wp:attachment":[{"href":"https:\/\/www.europesays.com\/fi\/wp-json\/wp\/v2\/media?parent=141026"}],"wp:term":[{"taxonomy":"category","embeddable":true,"href":"https:\/\/www.europesays.com\/fi\/wp-json\/wp\/v2\/categories?post=141026"},{"taxonomy":"post_tag","embeddable":true,"href":"https:\/\/www.europesays.com\/fi\/wp-json\/wp\/v2\/tags?post=141026"}],"curies":[{"name":"wp","href":"https:\/\/api.w.org\/{rel}","templated":true}]}}