{"id":141030,"date":"2026-01-13T08:40:43","date_gmt":"2026-01-13T08:40:43","guid":{"rendered":"https:\/\/www.europesays.com\/fi\/141030\/"},"modified":"2026-01-13T08:40:43","modified_gmt":"2026-01-13T08:40:43","slug":"seon-kevatpaivat-toi-ihmiset-yhteen-%e2%88%92-koneet-ja-laitteet-kiinnostivat-kaikenikaisia-jarviseudun-sanomat","status":"publish","type":"post","link":"https:\/\/www.europesays.com\/fi\/141030\/","title":{"rendered":"SEOn Kev\u00e4tp\u00e4iv\u00e4t toi ihmiset yhteen \u2212 koneet ja laitteet kiinnostivat kaikenik\u00e4isi\u00e4 \u2013 J\u00e4rviseudun sanomat"},"content":{"rendered":"<p>Viihtyis\u00e4 tapahtuma ker\u00e4si ison joukon n\u00e4ytteilleasettajia ja runsaasti hyv\u00e4ntuulisia k\u00e4vij\u00f6it\u00e4. Ulkotiloissa p\u00e4\u00e4si tutustumaan muun muassa koneisiin ja laitteisiin, sis\u00e4tiloissa j\u00e4rjest\u00f6t ja yritykset esitteliv\u00e4t toimintaansa ja myiv\u00e4t tuotteitaan. SEO Kortesj\u00e4rvi ja J\u00e4rviseudun Sanomat tarjosivat yhteisty\u00f6ss\u00e4 ilmaiset konsertit, joiden musiikista vastasi kortesj\u00e4rvel\u00e4inen STREET-yhtye.<\/p>\n<p><strong>Lassi Vesakoski<\/strong> ja <strong>Sanna Salo<\/strong> olivat tulleet Kev\u00e4tp\u00e4iville kolmevuotiaan <strong>Joonan<\/strong> ja <strong>Juuson, <\/strong>5kk<strong>, <\/strong>kanssa.<\/p>\n<p>\u2013 Koneet kiinnostavat, Joonaa etenkin mets\u00e4koneet ja paloauto, kertoi Vesakoski. Koneet ovatkin perheelle tuttuja, sill\u00e4 heill\u00e4 on kotona maatila. Perheen mielest\u00e4 tapahtumassa oli kivaa ja kelitkin suosivat. Joonalle maistui j\u00e4\u00e4tel\u00f6 ja pikkuveli Juuso nukkui p\u00e4iv\u00e4unia vaunuissaan.<\/p>\n<p>Voimakasta maatalousurakointialuetta<\/p>\n<p>J\u00e4reiden traktoreiden vierest\u00e4 l\u00f6ytyi <strong>Kimmo Marttila<\/strong>, joka on Wihurin teknisen kaupan myyj\u00e4 Etel\u00e4-Pohjanmaan alueella. Witraktor on maahantuonut reilut kolme vuotta John Deeren maatalouskoneita. \u00a0\u2212Olen ensimm\u00e4isen kerran mukana n\u00e4ill\u00e4 Kev\u00e4tp\u00e4ivill\u00e4. Muuten t\u00e4m\u00e4 on tuttua seutua, sill\u00e4 olen kulkenut maatalousalan t\u00f6iss\u00e4 Kortesj\u00e4rvell\u00e4 ja t\u00e4ss\u00e4 l\u00e4hiymp\u00e4rist\u00f6ss\u00e4. Yll\u00e4tt\u00e4v\u00e4n positiivista on ollut kiinnostus ja osasin siihen v\u00e4h\u00e4n varautuakin, sill\u00e4 t\u00e4m\u00e4 on voimakasta maatalousurakointialuetta. Potentiaalia on reilusti. Nytkin on tarkoitus traktori j\u00e4tt\u00e4\u00e4 useampaan taloon koeajoon.<\/p>\n<p><strong>Pentti Lindfors<\/strong> k\u00e4y ty\u00f6ns\u00e4 puolesta usein Kortesj\u00e4rvell\u00e4. Kev\u00e4tp\u00e4ivill\u00e4 h\u00e4n oli esittelem\u00e4ss\u00e4 nurmij\u00e4rvel\u00e4isen Salhydro Oy:n hydraulisia ty\u00f6kaluja. H\u00e4n muisteli olleensa joka kerta mukana Kev\u00e4tp\u00e4ivill\u00e4.<\/p>\n<p>\u2013Ei t\u00e4llaisissa tapahtumissa yleens\u00e4 kauppoja tehd\u00e4, mutta kiinnostuneita on ja kovasti kysell\u00e4\u00e4n. T\u00e4\u00e4ll\u00e4 on aina mukavaa v\u00e4ke\u00e4 liikkeell\u00e4, kuten t\u00e4n\u00e4\u00e4nkin. Minuahan pidet\u00e4\u00e4n t\u00e4\u00e4ll\u00e4 Kortesj\u00e4rvell\u00e4 jo oman kyl\u00e4n poikana, vaikka Vantaalla asun, naurahti Lindfors.<\/p>\n<p>Tuttuja tapaamassa<\/p>\n<p>Kev\u00e4tp\u00e4iville oli tultu katselemaan koneita ja laitteita, mutta my\u00f6s viihtym\u00e4\u00e4n.<\/p>\n<p>\u2212Is\u00e4nt\u00e4 l\u00e4hti t\u00e4nne ja pyysi meit\u00e4 mukaan. Kaunis ilmakin houkutteli paikalle. Kiva n\u00e4hd\u00e4 paikkakuntalaisia, totesi <strong>Pauliina Paloj\u00e4rvi<\/strong>.<\/p>\n<p><strong>Reijo <\/strong>ja <strong>Anna Rantala<\/strong> sek\u00e4 <strong>Vesa Pellinen<\/strong> tulivat kev\u00e4tp\u00e4iville katsomaan koneiden sijaan ihmisi\u00e4. \u2013 Aina ollaan t\u00e4\u00e4ll\u00e4 oltu. Muutoin n\u00e4en ihmisi\u00e4 l\u00e4hinn\u00e4 kirkossa, mutta v\u00e4hemm\u00e4n kerralla, veisteli Pellinen.<\/p>\n<p>Anna Rantala lis\u00e4si, ett\u00e4 elokuun lopussa markkinoilla on my\u00f6s v\u00e4ke\u00e4 liikkeell\u00e4, samoin kuin Kortesj\u00e4rven Suvip\u00e4ivill\u00e4 Rantamajalla.<\/p>\n<p>Onnistunut tapahtuma<\/p>\n<p>\u2212Olen tosi tyytyv\u00e4inen ja ilmakin oli kohdallaan, kuvaili Kev\u00e4tp\u00e4ivien j\u00e4lkitunnelmiaan SEOn myym\u00e4l\u00e4p\u00e4\u00e4llikk\u00f6 <strong>Marita Huhmarsalo<\/strong>.<\/p>\n<p>Huhmarsalo iloitsee siit\u00e4, ett\u00e4 v\u00e4ki l\u00e4htee liikenteeseen, kun jotain j\u00e4rjestet\u00e4\u00e4n ja nyt v\u00e4ke\u00e4 olikin todella paljon liikkeell\u00e4. Tapahtuma poikii aina my\u00f6s uusia vinkkej\u00e4 ja kehitysideoita seuraavaa vuotta varten. <strong>Kauko Ukonm\u00e4ke\u00e4<\/strong> h\u00e4n kiitteli juontajaksi viimeisen p\u00e4\u00e4lle.<\/p>\n<p>\u2212Tapahtuman j\u00e4rjestelykuviot ovat aina l\u00e4hteneet liikkeelle siit\u00e4, kun min\u00e4 tai <strong>Pekka M\u00e4enp\u00e4\u00e4<\/strong> olemme ottaneet toisiimme yhteytt\u00e4. T\u00e4n\u00e4 vuonna mukana oli uusia yhteisty\u00f6kumppaneita, jotka olivat positiivisesti yll\u00e4ttyneit\u00e4 v\u00e4kim\u00e4\u00e4r\u00e4st\u00e4 sek\u00e4 markkinav\u00e4en kiinnostuksesta.<\/p>\n<p><img loading=\"lazy\" decoding=\"async\" width=\"1024\" height=\"769\" data-id=\"39560\" src=\"data:image\/svg+xml,%3Csvg%20xmlns=\" http:=\"\" alt=\"\" class=\"wp-image-39560\" data-lazy- data-lazy- data-lazy-src=\"https:\/\/www.europesays.com\/fi\/wp-content\/uploads\/2026\/01\/Lindfors-1024x769.jpg\"\/>Pentti Lindfors on ollut mukana Kev\u00e4tp\u00e4ivill\u00e4 joka vuosi.<\/p>\n<p><img loading=\"lazy\" decoding=\"async\" width=\"1024\" height=\"769\" data-id=\"39559\" src=\"data:image\/svg+xml,%3Csvg%20xmlns=\" http:=\"\" alt=\"\" class=\"wp-image-39559\" data-lazy- data-lazy- data-lazy-src=\"https:\/\/www.europesays.com\/fi\/wp-content\/uploads\/2026\/01\/Marttila-1024x769.jpg\"\/>Markkinav\u00e4en kiinnostus traktoreihin yll\u00e4tti Kimmo Marttilan.<\/p>\n<p><img loading=\"lazy\" decoding=\"async\" width=\"1024\" height=\"468\" data-id=\"39558\" src=\"data:image\/svg+xml,%3Csvg%20xmlns=\" http:=\"\" alt=\"\" class=\"wp-image-39558\" data-lazy- data-lazy- data-lazy-src=\"https:\/\/www.europesays.com\/fi\/wp-content\/uploads\/2026\/01\/Rantalat-ja-Pellinen-1024x468.jpg\"\/>Reijo Rantala, Vesa Pellinen ja Anna Rantala tulivat Kev\u00e4tp\u00e4iville katsomaan ihmisi\u00e4.<\/p>\n<p><img loading=\"lazy\" decoding=\"async\" width=\"1024\" height=\"733\" data-id=\"39557\" src=\"data:image\/svg+xml,%3Csvg%20xmlns=\" http:=\"\" alt=\"\" class=\"wp-image-39557\" data-lazy- data-lazy- data-lazy-src=\"https:\/\/www.europesays.com\/fi\/wp-content\/uploads\/2026\/01\/MLL-Kortesjarvi-pomppulinna-1024x733.jpg\"\/>Pomppulinna oli yksi lasten suosikkikohteista.<\/p>\n<p><img loading=\"lazy\" decoding=\"async\" width=\"690\" height=\"1024\" data-id=\"39556\" src=\"data:image\/svg+xml,%3Csvg%20xmlns=\" http:=\"\" alt=\"\" class=\"wp-image-39556\" data-lazy- data-lazy- data-lazy-src=\"https:\/\/www.europesays.com\/fi\/wp-content\/uploads\/2026\/01\/Kytomaki-690x1024.jpg\"\/>Seppo Kyt\u00f6m\u00e4ki Pirttisest\u00e4 oli Kev\u00e4tp\u00e4ivill\u00e4 myym\u00e4ss\u00e4 nikkaroimiaan linnunp\u00f6ntt\u00f6j\u00e4. Kauppa oli k\u00e4ynyt hyvin.<\/p>\n<p><img loading=\"lazy\" decoding=\"async\" width=\"740\" height=\"1024\" data-id=\"39555\" src=\"data:image\/svg+xml,%3Csvg%20xmlns=\" http:=\"\" alt=\"\" class=\"wp-image-39555\" data-lazy- data-lazy- data-lazy-src=\"https:\/\/www.europesays.com\/fi\/wp-content\/uploads\/2026\/01\/ylailmoissa-740x1024.jpg\"\/>Yl\u00e4ilmoista oli mukava katsella markkinamenoa.<\/p>\n<p><img loading=\"lazy\" decoding=\"async\" width=\"1024\" height=\"800\" data-id=\"39554\" src=\"data:image\/svg+xml,%3Csvg%20xmlns=\" http:=\"\" alt=\"\" class=\"wp-image-39554\" data-lazy- data-lazy- data-lazy-src=\"https:\/\/www.europesays.com\/fi\/wp-content\/uploads\/2026\/01\/Vesakoski-ja-perhe-1024x800.jpg\"\/>Lassi Vesakoski ja Sanna Salo viihtyiv\u00e4t perheens\u00e4 kanssa Kev\u00e4tp\u00e4ivill\u00e4.<\/p>\n<p><img loading=\"lazy\" decoding=\"async\" width=\"1024\" height=\"683\" src=\"data:image\/svg+xml,%3Csvg%20xmlns=\" http:=\"\" alt=\"\" class=\"wp-image-39577\" data-lazy- data-lazy- data-lazy-src=\"https:\/\/www.europesays.com\/fi\/wp-content\/uploads\/2026\/01\/DSC_1221-1024x683.jpg\"\/>STREET-b\u00e4ndi musisoi Kev\u00e4tp\u00e4ivill\u00e4.<\/p>\n<p>Lis\u00e4\u00e4 uutisia ja juttuja Kortesj\u00e4rvelt\u00e4<\/p>\n","protected":false},"excerpt":{"rendered":"Viihtyis\u00e4 tapahtuma ker\u00e4si ison joukon n\u00e4ytteilleasettajia ja runsaasti hyv\u00e4ntuulisia k\u00e4vij\u00f6it\u00e4. Ulkotiloissa p\u00e4\u00e4si tutustumaan muun muassa koneisiin ja laitteisiin,&hellip;\n","protected":false},"author":2,"featured_media":141031,"comment_status":"","ping_status":"","sticky":false,"template":"","format":"standard","meta":{"footnotes":""},"categories":[86],"tags":[420,33,31,30,9127,421,32,91,92,480,14059,1356],"class_list":{"0":"post-141030","1":"post","2":"type-post","3":"status-publish","4":"format-standard","5":"has-post-thumbnail","7":"category-laitteet","8":"tag-equipment","9":"tag-fi","10":"tag-finland","11":"tag-finnish","12":"tag-kulttuuri-ja-ihmiset","13":"tag-laitteet","14":"tag-suomi","15":"tag-technology","16":"tag-teknologia","17":"tag-tilaajille","18":"tag-yhteisot","19":"tag-yritykset"},"share_on_mastodon":{"url":"https:\/\/pubeurope.com\/@fi\/115886897403629382","error":""},"_links":{"self":[{"href":"https:\/\/www.europesays.com\/fi\/wp-json\/wp\/v2\/posts\/141030","targetHints":{"allow":["GET"]}}],"collection":[{"href":"https:\/\/www.europesays.com\/fi\/wp-json\/wp\/v2\/posts"}],"about":[{"href":"https:\/\/www.europesays.com\/fi\/wp-json\/wp\/v2\/types\/post"}],"author":[{"embeddable":true,"href":"https:\/\/www.europesays.com\/fi\/wp-json\/wp\/v2\/users\/2"}],"replies":[{"embeddable":true,"href":"https:\/\/www.europesays.com\/fi\/wp-json\/wp\/v2\/comments?post=141030"}],"version-history":[{"count":0,"href":"https:\/\/www.europesays.com\/fi\/wp-json\/wp\/v2\/posts\/141030\/revisions"}],"wp:featuredmedia":[{"embeddable":true,"href":"https:\/\/www.europesays.com\/fi\/wp-json\/wp\/v2\/media\/141031"}],"wp:attachment":[{"href":"https:\/\/www.europesays.com\/fi\/wp-json\/wp\/v2\/media?parent=141030"}],"wp:term":[{"taxonomy":"category","embeddable":true,"href":"https:\/\/www.europesays.com\/fi\/wp-json\/wp\/v2\/categories?post=141030"},{"taxonomy":"post_tag","embeddable":true,"href":"https:\/\/www.europesays.com\/fi\/wp-json\/wp\/v2\/tags?post=141030"}],"curies":[{"name":"wp","href":"https:\/\/api.w.org\/{rel}","templated":true}]}}