{"id":141034,"date":"2026-01-13T08:50:10","date_gmt":"2026-01-13T08:50:10","guid":{"rendered":"https:\/\/www.europesays.com\/fi\/141034\/"},"modified":"2026-01-13T08:50:10","modified_gmt":"2026-01-13T08:50:10","slug":"vuoden-2016-muoti-12-kuvaa-tyyleista","status":"publish","type":"post","link":"https:\/\/www.europesays.com\/fi\/141034\/","title":{"rendered":"Vuoden 2016 muoti \u2013 12 kuvaa tyyleist\u00e4"},"content":{"rendered":"<p>Kokosimme tyylit, jotka viev\u00e4t suoraan vuoden 2016 kuumimpien trendien \u00e4\u00e4relle.<\/p>\n<p class=\"article-body mb-nof-24 px-nof-16\">Bomber-takit, choker-kaulakorut ja Adidaksen Superstarit.<\/p>\n<p class=\"article-body mb-nof-24 px-nof-16\">Muun muassa n\u00e4ist\u00e4 oli vuoden 2016 muoti tehty.<\/p>\n<p class=\"article-body mb-nof-24 px-nof-16\">Viel\u00e4k\u00f6 muistat, mit\u00e4 kaikkia trendej\u00e4 itse k\u00e4ytit? Kokosimme arkistojen k\u00e4tk\u00f6ist\u00e4 12 kuvaa, jotka n\u00e4ytt\u00e4v\u00e4t, millaista muoti oli tasan kymmenen vuotta sitten.<\/p>\n<p>Revityt farkut ja sukkabuutsit<\/p>\n<p class=\"article-body mb-nof-24 px-nof-16\">Vuonna 2016 farkkumuoti n\u00e4ytti t\u00e4lt\u00e4: mit\u00e4 revitympi, sen parempi.<\/p>\n<p class=\"article-body mb-nof-24 px-nof-16\">Muistatko my\u00f6s trendanneet sukkamaiset nilkkurit?<\/p>\n<p><img decoding=\"async\" src=\"https:\/\/www.europesays.com\/fi\/wp-content\/uploads\/2026\/01\/1768294207_475_468.jpg\" alt=\"Huippumallien Kendall Jennerin ja Hailey Baldwinin (nyk. Bieber) farkkutyylit vuonna 2016. Molemmilla my\u00f6s jalkaa nuolevat joustavat kangasnilkkurit.\" class=\"_Img_1rerz_1\" style=\"aspect-ratio:0.7046875\" loading=\"eager\"\/><\/p>\n<p class=\"article-picture-caption\">Huippumallien Kendall Jennerin ja Hailey Baldwinin (nyk. Bieber) farkkutyylit vuonna 2016. Molemmilla my\u00f6s jalkaa nuolevat joustavat kangasnilkkurit. Kuva:\u00a0MV photos<\/p>\n<p><img decoding=\"async\" src=\"https:\/\/www.europesays.com\/fi\/wp-content\/uploads\/2026\/01\/1768294207_137_468.jpg\" alt=\"Polvet saivat paistaa oikein kunnolla, kuten malli Gigi Hadidilla.\" class=\"_Img_1rerz_1\" style=\"aspect-ratio:0.6114583333333333\" loading=\"eager\"\/><\/p>\n<p class=\"article-picture-caption\">Polvet saivat paistaa oikein kunnolla, kuten malli Gigi Hadidilla. Kuva:\u00a0MV photos<\/p>\n<p>Minimekot ja chokerit<\/p>\n<p class=\"article-body mb-nof-24 px-nof-16\">Hameen tai mekon helma sai olla mahdollisimman lyhyt ja malli mahdollisimman ihonmy\u00f6t\u00e4inen. My\u00f6s shortseissa sai vilauttaa reippaasti paljasta reitt\u00e4.<\/p>\n<p class=\"article-body mb-nof-24 px-nof-16\">Ehdoton asustehitti oli tiukka kaulanauha tai -koru eli choker.<\/p>\n<p><img decoding=\"async\" src=\"https:\/\/www.europesays.com\/fi\/wp-content\/uploads\/2026\/01\/1768294208_670_468.jpg\" alt=\"Vaikuttaja Kylie Jenner yhdisti kimaltavan minimekon rennompaan farkkutakkiin.\" class=\"_Img_1rerz_1\" style=\"aspect-ratio:0.6666666666666666\" loading=\"eager\"\/><\/p>\n<p class=\"article-picture-caption\">Vaikuttaja Kylie Jenner yhdisti kimaltavan minimekon rennompaan farkkutakkiin. Kuva:\u00a0MV photos<\/p>\n<p><img decoding=\"async\" src=\"https:\/\/www.europesays.com\/fi\/wp-content\/uploads\/2026\/01\/1768294208_575_468.jpg\" alt=\"Choker-kaulakoru komeili vartalonmy\u00f6t\u00e4isen mekon seurana artisti Taylor Swiftin kaulassa vuonna 2016.\" class=\"_Img_1rerz_1\" style=\"aspect-ratio:0.7447916666666666\" loading=\"eager\"\/><\/p>\n<p class=\"article-picture-caption\">Choker-kaulakoru komeili vartalonmy\u00f6t\u00e4isen mekon seurana artisti Taylor Swiftin kaulassa vuonna 2016. Kuva:\u00a0MV photos<\/p>\n<p><img decoding=\"async\" src=\"https:\/\/www.europesays.com\/fi\/wp-content\/uploads\/2026\/01\/1768294208_784_468.jpg\" alt=\"Mekot olivat niukkoja, kuten laulaja Rihannalla vuonna 2016.\" class=\"_Img_1rerz_1\" style=\"aspect-ratio:0.6651041666666667\" loading=\"eager\"\/><\/p>\n<p class=\"article-picture-caption\">Mekot olivat niukkoja, kuten laulaja Rihannalla vuonna 2016. Kuva:\u00a0MV photos<\/p>\n<p><img decoding=\"async\" src=\"https:\/\/www.europesays.com\/fi\/wp-content\/uploads\/2026\/01\/1768294209_913_468.jpg\" alt=\"Laulaja Pia Mia trendikk\u00e4iss\u00e4 farkkushortseissa, ylipolvensaappaissa, cut out -aukkopaidassa ja chokerissa vuonna 2016.\" class=\"_Img_1rerz_1\" style=\"aspect-ratio:0.6526041666666667\" loading=\"eager\"\/><\/p>\n<p class=\"article-picture-caption\">Laulaja Pia Mia trendikk\u00e4iss\u00e4 farkkushortseissa, ylipolvensaappaissa, cut out -aukkopaidassa ja chokerissa vuonna 2016. Kuva:\u00a0MV photos<\/p>\n<p>Bomberia ja bikeria<\/p>\n<p class=\"article-body mb-nof-24 px-nof-16\">Vuonna 2016 takki oli tyypillisesti joko bomber- tai biker-mallia. Erityisesti maastonvihre\u00e4 bomber oli kuumaa kamaa.<\/p>\n<p><img decoding=\"async\" src=\"https:\/\/www.europesays.com\/fi\/wp-content\/uploads\/2026\/01\/1768294209_407_468.jpg\" alt=\"Laulaja Demi Lovato bomber-takissaan kes\u00e4ll\u00e4 2016. Pillifarkut eiv\u00e4t viel\u00e4 olleet v\u00e4istyneet leveiden lahkeiden tielt\u00e4.\" class=\"_Img_1rerz_1\" style=\"aspect-ratio:0.6541666666666667\" loading=\"eager\"\/><\/p>\n<p class=\"article-picture-caption\">Laulaja Demi Lovato bomber-takissaan kes\u00e4ll\u00e4 2016. Pillifarkut eiv\u00e4t viel\u00e4 olleet v\u00e4istyneet leveiden lahkeiden tielt\u00e4. Kuva:\u00a0MV photos<\/p>\n<p><img decoding=\"async\" src=\"https:\/\/www.europesays.com\/fi\/wp-content\/uploads\/2026\/01\/1768294209_344_468.jpg\" alt=\"Biker-henkinen nahkatakki kruunasi asun kuin asun. Leggingsit alkoivat n\u00e4ky\u00e4 housuina.\" class=\"_Img_1rerz_1\" style=\"aspect-ratio:0.6661458333333333\" loading=\"eager\"\/><\/p>\n<p class=\"article-picture-caption\">Biker-henkinen nahkatakki kruunasi asun kuin asun. Leggingsit alkoivat n\u00e4ky\u00e4 housuina. Kuva:\u00a0Launchmetrics\/Spotlight<\/p>\n<p><img decoding=\"async\" src=\"https:\/\/www.europesays.com\/fi\/wp-content\/uploads\/2026\/01\/1768294209_573_468.jpg\" alt=\"Vihre\u00e4 bomber-takki oli yksi katumuodin kulmakivist\u00e4.\" class=\"_Img_1rerz_1\" style=\"aspect-ratio:0.6661458333333333\" loading=\"eager\"\/><\/p>\n<p class=\"article-picture-caption\">Vihre\u00e4 bomber-takki oli yksi katumuodin kulmakivist\u00e4. Kuva:\u00a0launchmetrics\/spotlight<\/p>\n<p><img decoding=\"async\" src=\"https:\/\/www.europesays.com\/fi\/wp-content\/uploads\/2026\/01\/1768294209_15_468.jpg\" alt=\"N\u00e4yttelij\u00e4 Dakota Johnson kev\u00e4\u00e4ll\u00e4 2016 farkuissa, Converse-tennareissa ja nahkatakissa.\" class=\"_Img_1rerz_1\" style=\"aspect-ratio:0.6666666666666666\" loading=\"eager\"\/><\/p>\n<p class=\"article-picture-caption\">N\u00e4yttelij\u00e4 Dakota Johnson kev\u00e4\u00e4ll\u00e4 2016 farkuissa, Converse-tennareissa ja nahkatakissa. Kuva:\u00a0mv photos<\/p>\n<p>Hatut<\/p>\n<p class=\"article-body mb-nof-24 px-nof-16\">Muotitietoiset viimeisteliv\u00e4t asunsa lierihatulla tai veturinkuljettajalakilla. Hatut olivat etenkin <a class=\"underline underline-offset-[0.12em] [text-decoration-thickness:var(--generic-link-underline-thickness)] [text-decoration-color:var(--generic-link-underline-color)] [text-decoration-skip-ink:var(--generic-link-underline-skip-ink)] break-words\" href=\"https:\/\/www.is.fi\/menaiset\/tyyli\/art-2000011419366.html\" rel=\"nofollow noopener\" target=\"_blank\">muotibloggaajien suosiossa<\/a>.<\/p>\n<p><img decoding=\"async\" src=\"https:\/\/www.europesays.com\/fi\/wp-content\/uploads\/2026\/01\/1768294210_421_468.jpg\" alt=\"Malli Gigi Hadid sonnustautui trendikk\u00e4\u00e4seen lierihattuun ja py\u00f6reisiin aurinkolaseihin. Jalassa trendikk\u00e4\u00e4t vajaamittaiset pillifarkut.\" class=\"_Img_1rerz_1\" style=\"aspect-ratio:0.6666666666666666\" loading=\"eager\"\/><\/p>\n<p class=\"article-picture-caption\">Malli Gigi Hadid sonnustautui trendikk\u00e4\u00e4seen lierihattuun ja py\u00f6reisiin aurinkolaseihin. Jalassa trendikk\u00e4\u00e4t vajaamittaiset pillifarkut. Kuva:\u00a0MV photos<\/p>\n<p><img decoding=\"async\" src=\"https:\/\/www.europesays.com\/fi\/wp-content\/uploads\/2026\/01\/1768294210_216_468.jpg\" alt=\"Lierihattu, culottes-housut ja v\u00e4rik\u00e4s tekokarva ovat t\u00e4ydellisi\u00e4 esimerkkej\u00e4 vuoden 2016 muodista.\" class=\"_Img_1rerz_1\" style=\"aspect-ratio:0.6661458333333333\" loading=\"eager\"\/><\/p>\n<p class=\"article-picture-caption\">Lierihattu, culottes-housut ja v\u00e4rik\u00e4s tekokarva ovat t\u00e4ydellisi\u00e4 esimerkkej\u00e4 vuoden 2016 muodista. Kuva:\u00a0launchmetrics\/spotlight<\/p>\n","protected":false},"excerpt":{"rendered":"Kokosimme tyylit, jotka viev\u00e4t suoraan vuoden 2016 kuumimpien trendien \u00e4\u00e4relle. Bomber-takit, choker-kaulakorut ja Adidaksen Superstarit. Muun muassa n\u00e4ist\u00e4&hellip;\n","protected":false},"author":2,"featured_media":141035,"comment_status":"","ping_status":"","sticky":false,"template":"","format":"standard","meta":{"footnotes":""},"categories":[130],"tags":[137,33,31,30,34,32,109],"class_list":{"0":"post-141034","1":"post","2":"type-post","3":"status-publish","4":"format-standard","5":"has-post-thumbnail","7":"category-viihde","8":"tag-entertainment","9":"tag-fi","10":"tag-finland","11":"tag-finnish","12":"tag-ilta-sanomat","13":"tag-suomi","14":"tag-viihde"},"share_on_mastodon":{"url":"https:\/\/pubeurope.com\/@fi\/115886936809620098","error":""},"_links":{"self":[{"href":"https:\/\/www.europesays.com\/fi\/wp-json\/wp\/v2\/posts\/141034","targetHints":{"allow":["GET"]}}],"collection":[{"href":"https:\/\/www.europesays.com\/fi\/wp-json\/wp\/v2\/posts"}],"about":[{"href":"https:\/\/www.europesays.com\/fi\/wp-json\/wp\/v2\/types\/post"}],"author":[{"embeddable":true,"href":"https:\/\/www.europesays.com\/fi\/wp-json\/wp\/v2\/users\/2"}],"replies":[{"embeddable":true,"href":"https:\/\/www.europesays.com\/fi\/wp-json\/wp\/v2\/comments?post=141034"}],"version-history":[{"count":0,"href":"https:\/\/www.europesays.com\/fi\/wp-json\/wp\/v2\/posts\/141034\/revisions"}],"wp:featuredmedia":[{"embeddable":true,"href":"https:\/\/www.europesays.com\/fi\/wp-json\/wp\/v2\/media\/141035"}],"wp:attachment":[{"href":"https:\/\/www.europesays.com\/fi\/wp-json\/wp\/v2\/media?parent=141034"}],"wp:term":[{"taxonomy":"category","embeddable":true,"href":"https:\/\/www.europesays.com\/fi\/wp-json\/wp\/v2\/categories?post=141034"},{"taxonomy":"post_tag","embeddable":true,"href":"https:\/\/www.europesays.com\/fi\/wp-json\/wp\/v2\/tags?post=141034"}],"curies":[{"name":"wp","href":"https:\/\/api.w.org\/{rel}","templated":true}]}}