{"id":141036,"date":"2026-01-13T08:53:06","date_gmt":"2026-01-13T08:53:06","guid":{"rendered":"https:\/\/www.europesays.com\/fi\/141036\/"},"modified":"2026-01-13T08:53:06","modified_gmt":"2026-01-13T08:53:06","slug":"yritykset-ovat-sitoutuneet-edistamaan-yhdessa-konkreettisia-ratkaisuja-saaristomeren-hyvaksi","status":"publish","type":"post","link":"https:\/\/www.europesays.com\/fi\/141036\/","title":{"rendered":"Yritykset ovat sitoutuneet edist\u00e4m\u00e4\u00e4n yhdess\u00e4 konkreettisia ratkaisuja Saaristomeren hyv\u00e4ksi"},"content":{"rendered":"<p>Ruokaketjun yritykset suunnittelevat nyt ensi kertaa yhdess\u00e4 yhteisi\u00e4 toimia vesivastuullisuuden edist\u00e4miseksi Saaristomeren valuma-alueella. Mukana ovat mm. Apetit, Atria, DAVA Foods, HKFoods, Kesko, Lantm\u00e4nnen Agro, Munax, Naapurin Maalaiskana, Olvi, Raisio, S-ryhm\u00e4, Valio, Vaasan ja Viking Malt.\u00a0<\/p>\n<p>Yritysten yhteinen tahtotila ja yhteisty\u00f6 ovat avainasemassa Saaristomeren tilan parantamisessa. Vesivastuullisuus n\u00e4hd\u00e4\u00e4n t\u00e4rke\u00e4n\u00e4 osana vastuullista liiketoimintaa, ja yritykset etsiv\u00e4t yhdess\u00e4 keinoja edist\u00e4\u00e4 kehityst\u00e4 ruokaketjussa. T\u00e4m\u00e4n hankkeen osalta yritysten yhteinen tavoite on, ett\u00e4 yhteisty\u00f6ll\u00e4 ja kollektiivisella toiminnalla voidaan konkreettisella tasolla edist\u00e4\u00e4 vesivastuullisuutta ja toteuttaa arvoketjussa toimenpiteit\u00e4 ravinnekuormituksen v\u00e4hent\u00e4miseksi.\u00a0<\/p>\n<p>\u201dElintarvikealan yritysten sitoutuminen vesivastuullisuuteen on erityisen merkitt\u00e4v\u00e4\u00e4, koska maatalous on Saaristomeren suurin kuormittaja. Elintarvikealan osallistuminen on t\u00e4rke\u00e4\u00e4 my\u00f6s siksi, ett\u00e4 kustannukset eiv\u00e4t n\u00e4in j\u00e4\u00e4 pelk\u00e4st\u00e4\u00e4n maatalouden katettaviksi. Tarvitsemme mukaan koko ruokaketjun alkutuotannosta elintarviketeollisuuteen, jotta onnistumme Saaristomeri-ohjelman t\u00e4rkeimm\u00e4ss\u00e4 tavoitteessa k\u00e4\u00e4nt\u00e4\u00e4 maatalouden hajakuormitus pysyv\u00e4\u00e4n laskuun\u201d, ymp\u00e4rist\u00f6- ja ilmastoministeri <strong>Sari Multala<\/strong> sanoo.<\/p>\n<p>Hankkeen t\u00e4rkeimm\u00e4t tavoitteet<\/p>\n<p>Viimeisen vuoden aikana yritykset ovat yhdess\u00e4 pohtineet keinoja yhteisten toimenpiteiden toteuttamiseksi arvoketjuissaan. Seuraavassa vaiheessa selvitet\u00e4\u00e4n mahdollisuuksia konkreettisten toimenpiteiden toteuttamiseen alkutuotannossa, jotta ravinteiden kierr\u00e4tys ja alueen ravinnetase tasapainottuisivat. T\u00e4t\u00e4 varten suunnitellaan yhteisty\u00f6n ja osallistamisen tapoja tuottajatasolla sek\u00e4 kontaktoidaan Saaristomeren valuma-alueen tuottajia ja muita keskeisi\u00e4 sidosryhmi\u00e4.<\/p>\n<p>Hankkeessa suunnitellaan toimenpiteit\u00e4, jotka luovat mahdollisuuksia Saaristomeren valuma-alueen vesien tilan parantamiseksi. Ravinnekuormituksen v\u00e4heneminen, maaper\u00e4n kasvukunnon parantuminen ja ravinteiden kierr\u00e4tyksen tehostuminen ovat keskeisi\u00e4 vaikutuksia, joita toimenpiteill\u00e4 pyrit\u00e4\u00e4n saavuttamaan. Samalla vahvistetaan alueellista vesivastuullisuutta ja lis\u00e4t\u00e4\u00e4n ymp\u00e4rist\u00f6my\u00f6nteisen maatalouden ja alkutuotannon n\u00e4kyvyytt\u00e4 ja vaikuttavuutta.\u00a0<\/p>\n<p>Yritysten v\u00e4linen yhteisty\u00f6 on hankkeen keskeinen voimavara. Hanke perustuu collective action -l\u00e4hestymistapaan, jossa eri toimijat yhdist\u00e4v\u00e4t osaamisensa ja resurssinsa yhteisten tavoitteiden saavuttamiseksi. Yhteisty\u00f6 mahdollistaa laaja-alaisemman vaikuttavuuden kuin yksitt\u00e4iset toimet, ja luo pohjan pitk\u00e4j\u00e4nteiselle kehitt\u00e4miselle.<\/p>\n<p>\u201dSaaristomeren hyvinvointi on meille t\u00e4rke\u00e4\u00e4. Olemme investoineet merkitt\u00e4v\u00e4sti ravinteiden kierr\u00e4tykseen ja uskomme, ett\u00e4 yhteisty\u00f6ll\u00e4 l\u00f6yd\u00e4mme ratkaisuja ravinnekuormituksen v\u00e4hent\u00e4miseksi. T\u00e4m\u00e4 hanke tuo yhteen alan toimijat ja vahvistaa yhteist\u00e4 tahtotilaa. Yhteisty\u00f6 on avain siihen, ett\u00e4 vaikutukset n\u00e4kyv\u00e4t konkreettisesti Saaristomeren tilassa\u201d, korostaa <strong>Matti Nyfors<\/strong>, Munax Oy.<\/p>\n<p>Hanke jatkuu vuonna 2026 konkreettisten hankkeiden edist\u00e4misen ja tiedonjaon kautta. Yritykset jatkavat yhteisty\u00f6t\u00e4 hankkeiden toteuttamiseksi valituilla hankealueilla, ja samalla kehitet\u00e4\u00e4n seurantaa, vaikuttavuusarviointia sek\u00e4 toimintamallien skaalautuvuutta tulevaisuuden tarpeisiin.<\/p>\n<p>Yhteyshenkil\u00f6t:<\/p>\n<ul>\n<li>Mikko Jaakkola, johtava asiantuntija, Lounais-Suomen elinvoimakeskus, mikko.j.jaakkola@elinvoimakeskus.fi, +358 295 022 870<\/li>\n<li>Andrea Weckman, projektip\u00e4\u00e4llikk\u00f6, AFRY Finland Oy, andrea.weckman@afry.com, +358 50 435 4664<\/li>\n<\/ul>\n","protected":false},"excerpt":{"rendered":"Ruokaketjun yritykset suunnittelevat nyt ensi kertaa yhdess\u00e4 yhteisi\u00e4 toimia vesivastuullisuuden edist\u00e4miseksi Saaristomeren valuma-alueella. Mukana ovat mm. Apetit, Atria,&hellip;\n","protected":false},"author":2,"featured_media":141037,"comment_status":"","ping_status":"","sticky":false,"template":"","format":"standard","meta":{"footnotes":""},"categories":[76],"tags":[79,77,33,31,30,32,78],"class_list":{"0":"post-141036","1":"post","2":"type-post","3":"status-publish","4":"format-standard","5":"has-post-thumbnail","7":"category-talous","8":"tag-business","9":"tag-economy","10":"tag-fi","11":"tag-finland","12":"tag-finnish","13":"tag-suomi","14":"tag-talous"},"share_on_mastodon":{"url":"https:\/\/pubeurope.com\/@fi\/115886948627052656","error":""},"_links":{"self":[{"href":"https:\/\/www.europesays.com\/fi\/wp-json\/wp\/v2\/posts\/141036","targetHints":{"allow":["GET"]}}],"collection":[{"href":"https:\/\/www.europesays.com\/fi\/wp-json\/wp\/v2\/posts"}],"about":[{"href":"https:\/\/www.europesays.com\/fi\/wp-json\/wp\/v2\/types\/post"}],"author":[{"embeddable":true,"href":"https:\/\/www.europesays.com\/fi\/wp-json\/wp\/v2\/users\/2"}],"replies":[{"embeddable":true,"href":"https:\/\/www.europesays.com\/fi\/wp-json\/wp\/v2\/comments?post=141036"}],"version-history":[{"count":0,"href":"https:\/\/www.europesays.com\/fi\/wp-json\/wp\/v2\/posts\/141036\/revisions"}],"wp:featuredmedia":[{"embeddable":true,"href":"https:\/\/www.europesays.com\/fi\/wp-json\/wp\/v2\/media\/141037"}],"wp:attachment":[{"href":"https:\/\/www.europesays.com\/fi\/wp-json\/wp\/v2\/media?parent=141036"}],"wp:term":[{"taxonomy":"category","embeddable":true,"href":"https:\/\/www.europesays.com\/fi\/wp-json\/wp\/v2\/categories?post=141036"},{"taxonomy":"post_tag","embeddable":true,"href":"https:\/\/www.europesays.com\/fi\/wp-json\/wp\/v2\/tags?post=141036"}],"curies":[{"name":"wp","href":"https:\/\/api.w.org\/{rel}","templated":true}]}}