{"id":141040,"date":"2026-01-13T08:55:07","date_gmt":"2026-01-13T08:55:07","guid":{"rendered":"https:\/\/www.europesays.com\/fi\/141040\/"},"modified":"2026-01-13T08:55:07","modified_gmt":"2026-01-13T08:55:07","slug":"li-anderssonin-politiikkafestareihin-ei-kayteta-enaa-eu-rahaa","status":"publish","type":"post","link":"https:\/\/www.europesays.com\/fi\/141040\/","title":{"rendered":"Li Anderssonin politiikkafestareihin ei k\u00e4ytet\u00e4 en\u00e4\u00e4 EU-rahaa"},"content":{"rendered":"<p>Festivaalit|Li Anderssonin ideoima K\u00e4\u00e4nne-festivaali j\u00e4rjestet\u00e4\u00e4n tulevana viikonloppuna kolmatta kertaa.<\/p>\n<p class=\"article-body mb-nof-24 px-nof-16\">Europarlamentaarikko <a class=\"font-bold underline-offset-[0.12em] [text-decoration:var(--person-link-text-decoration)] ![text-decoration-color:var(--person-link-text-decoration-color)]\" href=\"https:\/\/www.hs.fi\/haku\/?query=Li%20Anderssonin\" rel=\"nofollow noopener\" target=\"_blank\">Li Anderssonin<\/a> (vas) vuosi sitten k\u00e4ynnist\u00e4m\u00e4 K\u00e4\u00e4nne-festivaali kokoaa taas ensi viikonloppuna Helsingin Korjaamolle joukon politiikasta kiinnostuneita keskustelijoita.<\/p>\n<p class=\"article-body mb-nof-24 px-nof-16\">Andersson kertoo Helsingin Sanomille, ettei t\u00e4ll\u00e4 kertaa k\u00e4yt\u00e4 nyt kolmatta kertaa j\u00e4rjestett\u00e4v\u00e4\u00e4n K\u00e4\u00e4nne-festivaaliin en\u00e4\u00e4 europarlamentaarikkojen viestint\u00e4\u00e4n tarkoitettua rahaa. Euroopan unioni maksaa parlamentin j\u00e4senille kuukausittain jopa 30\u202f000 euroa k\u00e4ytett\u00e4v\u00e4ksi esimerkiksi viestint\u00e4\u00e4n ja avustajien palkkaamiseen.<\/p>\n","protected":false},"excerpt":{"rendered":"Festivaalit|Li Anderssonin ideoima K\u00e4\u00e4nne-festivaali j\u00e4rjestet\u00e4\u00e4n tulevana viikonloppuna kolmatta kertaa. Europarlamentaarikko Li Anderssonin (vas) vuosi sitten k\u00e4ynnist\u00e4m\u00e4 K\u00e4\u00e4nne-festivaali kokoaa&hellip;\n","protected":false},"author":2,"featured_media":141041,"comment_status":"","ping_status":"","sticky":false,"template":"","format":"standard","meta":{"footnotes":""},"categories":[12],"tags":[22,23,26,27,33,31,30,17,46,24,25,28,29,15,18,21,32,19,20,16],"class_list":{"0":"post-141040","1":"post","2":"type-post","3":"status-publish","4":"format-standard","5":"has-post-thumbnail","7":"category-suomi","8":"tag-breaking-news","9":"tag-breakingnews","10":"tag-featured-news","11":"tag-featurednews","12":"tag-fi","13":"tag-finland","14":"tag-finnish","15":"tag-headlines","16":"tag-helsingin-sanomat","17":"tag-latest-news","18":"tag-latestnews","19":"tag-main-news","20":"tag-mainnews","21":"tag-news","22":"tag-otsikot","23":"tag-paauutiset","24":"tag-suomi","25":"tag-top-stories","26":"tag-topstories","27":"tag-uutiset"},"share_on_mastodon":{"url":"https:\/\/pubeurope.com\/@fi\/115886956456777355","error":""},"_links":{"self":[{"href":"https:\/\/www.europesays.com\/fi\/wp-json\/wp\/v2\/posts\/141040","targetHints":{"allow":["GET"]}}],"collection":[{"href":"https:\/\/www.europesays.com\/fi\/wp-json\/wp\/v2\/posts"}],"about":[{"href":"https:\/\/www.europesays.com\/fi\/wp-json\/wp\/v2\/types\/post"}],"author":[{"embeddable":true,"href":"https:\/\/www.europesays.com\/fi\/wp-json\/wp\/v2\/users\/2"}],"replies":[{"embeddable":true,"href":"https:\/\/www.europesays.com\/fi\/wp-json\/wp\/v2\/comments?post=141040"}],"version-history":[{"count":0,"href":"https:\/\/www.europesays.com\/fi\/wp-json\/wp\/v2\/posts\/141040\/revisions"}],"wp:featuredmedia":[{"embeddable":true,"href":"https:\/\/www.europesays.com\/fi\/wp-json\/wp\/v2\/media\/141041"}],"wp:attachment":[{"href":"https:\/\/www.europesays.com\/fi\/wp-json\/wp\/v2\/media?parent=141040"}],"wp:term":[{"taxonomy":"category","embeddable":true,"href":"https:\/\/www.europesays.com\/fi\/wp-json\/wp\/v2\/categories?post=141040"},{"taxonomy":"post_tag","embeddable":true,"href":"https:\/\/www.europesays.com\/fi\/wp-json\/wp\/v2\/tags?post=141040"}],"curies":[{"name":"wp","href":"https:\/\/api.w.org\/{rel}","templated":true}]}}