{"id":141042,"date":"2026-01-13T08:56:08","date_gmt":"2026-01-13T08:56:08","guid":{"rendered":"https:\/\/www.europesays.com\/fi\/141042\/"},"modified":"2026-01-13T08:56:08","modified_gmt":"2026-01-13T08:56:08","slug":"lahden-lasten-talvikarnevaalit-tuo-iloa-ja-taikaa-talven-sydameen","status":"publish","type":"post","link":"https:\/\/www.europesays.com\/fi\/141042\/","title":{"rendered":"Lahden Lasten Talvikarnevaalit tuo iloa ja taikaa talven syd\u00e4meen"},"content":{"rendered":"<p>Talvikarnevaalit on paljon enemm\u00e4n kuin vain talvinen festivaali: se on yhteinen juhla, joka kokoaa yhteen kaikenik\u00e4iset ja tarjoaa unohtumattomia kokemuksia. Lahden Lasten 43. Talvikarnevaalit j\u00e4rjestet\u00e4\u00e4n 24.1.\u201315.2.2026. Teemana tulevilla Talvikarnevaaleilla on Hissun kissun vaapula vissun.<\/p>\n<p>Ohjelmanj\u00e4rjest\u00e4jilt\u00e4 on toivottu monipuolisia, innostavia, uudenlaisia ja eri taiteen aloilta tulevia esityksi\u00e4 sek\u00e4 ty\u00f6pajoja Talvikarnevaaleille. Toiveena on saada aikaisempien vuosien tapaan laaja yhteisty\u00f6kumppaneiden joukko mukaan toteuttamaan iloista koko perheen festivaalia. Tavoitteena on, ett\u00e4 lapset eri ik\u00e4ryhmiss\u00e4 tulisivat huomioiduksi ohjelmistossa.<\/p>\n<p><strong>Odotettu lastenkulttuurifestivaali<\/strong><\/p>\n<p>Talvikarnevaalit on yksi kaupungin odotetuimmista talvitapahtumista, joka tuo yhteen perheet, lapset ja lapsenmieliset. Tapahtuma on vakiinnuttanut paikkansa talvikuukausien kulttuuritarjonnassa. Karnevaalit j\u00e4rjestet\u00e4\u00e4n vuosittain tammi-helmikuussa ja ne t\u00e4ytt\u00e4v\u00e4t Lahden alueen v\u00e4rikk\u00e4\u00e4ll\u00e4 ja monipuolisella ohjelmalla, joka ilahduttaa ja viihdytt\u00e4\u00e4 talven keskell\u00e4. Mukana on kymmeni\u00e4 eri lastenkulttuurin ohjelmanj\u00e4rjest\u00e4ji\u00e4. Voit tutustua ohjelmistoon tarkemmin sivustolla talvikarnevaalit.fi.<\/p>\n<p><strong>Avajaistapahtuma <\/strong><\/p>\n<p>Talvikarnevaalien avajaistapahtuma lauantaina 24.1. kello 13\u201316 Lahden Konserttitalolla k\u00e4ynnist\u00e4\u00e4 Talvikarnevaalit. Tapahtumassa esiintyv\u00e4t Mutaveijarit ja Taikuri Kari. Lavalla n\u00e4hd\u00e4\u00e4n lis\u00e4ksi my\u00f6s Lahden Tanssiopiston sirkus- ja tanssiryhm\u00e4t sek\u00e4 Lahden musiikkiopiston kuoro yhdess\u00e4 Lotilan kuorojen Laulupuu, Minilaulupuu ja 5. musiikkiluokka kanssa, Amadeu Vivesin &amp; Terhi Tuomikon katkelma esityksest\u00e4 Planeetta nimelt\u00e4 maa sek\u00e4 V\u00e4in\u00f6 Karhoksen &amp; Lotta Malaskan katkelmalla musiikkin\u00e4ytelm\u00e4st\u00e4 Nuhainen Talvi(kki).<\/p>\n<p>Tapahtumassa on monia ty\u00f6pajoja, joissa p\u00e4\u00e4see askartelemaan tai leikkim\u00e4\u00e4n. Mannerheimin Lastensuojeluliiton Lahden yhdistyksen pisteell\u00e4 on k\u00e4ynniss\u00e4 Lahjoita lelu lapselle -ker\u00e4ys. Uutena aktiviteettina on Suomen Punaisen Ristin Nallesairaala. Tuo nallesi tai jokin muu lelusi tutkittavaksi sairaalaan. Klinikalle tehd\u00e4\u00e4n pienoperaatioita ja annetaan neuvontaa lelujen hyv\u00e4\u00e4n hoitoon.<\/p>\n<p>Tapahtumaan on vapaa p\u00e4\u00e4sy. Tervetuloa viihtym\u00e4\u00e4n koko perheen voimin.<\/p>\n<p><strong>Leikkipuistokarnevaalit<\/strong><\/p>\n<p>Jo perinteeksi muodostuneet Leikkipuistokarnevaalit j\u00e4rjestet\u00e4\u00e4n j\u00e4lleen leikkipuistoissa. Sirkus Kolmen Koplan LUMIJAMIT on talvis\u00e4\u00e4n seikkailu, jossa selvi\u00e4\u00e4, voiko ihmisist\u00e4 rakentaa lumiukkoja, onko kaksijalkaisia pulkkia olemassa ja minne sukset viev\u00e4t silloin, kun LUMIJAMIT on valloillaan?! Sirkus Kolmen Koplan trioakrobaattiset temput rytmittyv\u00e4t esityksess\u00e4 yhteiseen leikkiin ja kekseli\u00e4isyyden riemuun! Tapahtuman pakkasraja on -15 C.<\/p>\n<p>Esitysp\u00e4iv\u00e4t ja leikkipuistot:<\/p>\n<p>ma 26.1. klo 9.30 Loviisanp\u00e4ssinpuiston leikkialue, Keskusta (Puusep\u00e4nkatu 9)<br \/>ti 27.1. klo 9.30 Reppurinpuiston leikkialue, Mukkula (kulku Ritaniemenkadun tai Lapakadun kautta)<br \/>ma 2.2. klo 9.30 Mett\u00e4sm\u00e4enpuiston leikkialue 2, Karisto (\u201dP\u00e4\u00e4tt\u00e4rinpuisto\u201d, Karistonkatu 168)<br \/>ti 3.2. klo 9.30 Vill\u00e4hteen Vanhankartanonpuisto, Vill\u00e4hde (Vanhankartanontie 25)<br \/>to 5.2. klo 9.30 Launeen perhepuisto, Laune (Kaarikatu 26)<\/p>\n<p><strong>Festivaali t\u00e4ynn\u00e4 hauskanpitoa ja kulttuuriel\u00e4myksi\u00e4<\/strong><\/p>\n<p>Lahden Lasten Talvikarnevaalit tarjoaa ohjelmaa, joka vie osallistujat mukaansa satumaiseen maailmaan. Tapahtuman ohjelma on suunniteltu erityisesti lapsille, mutta perheet ja aikuiset voivat nauttia siit\u00e4 yht\u00e4 lailla. Talvikarnevaalit toivottavat yleis\u00f6n taianomaiselle matkalle.<\/p>\n<p><strong>Mahdollistajana Lahden kaupungin tapahtuma- ja kulttuuripalvelut<\/strong><\/p>\n<p>Lahden kaupungin tapahtuma- ja kulttuuripalvelut koordinoi festivaaleja sek\u00e4 vastaa markkinoinnista ja tiedottamisesta. Lastenkulttuurin ammattilaisille on esitetty haaste kehitt\u00e4\u00e4 uusia toimintamuotoja ja my\u00f6s festivaali on luvannut osallistua erilaisiin yhteistuotantoihin.<\/p>\n<p><strong>Lis\u00e4tietoja:<\/strong><br \/>Lahden kaupunki<br \/>kulttuurituottaja<br \/>Sari Tuominen<br \/><a href=\"https:\/\/www.lahti.fi\/uutiset\/lahden-lasten-talvikarnevaalit-tuo-iloa-ja-taikaa-talven-sydameen-2\/mailto:sari.tuominen2@lahti.fi\" rel=\"nofollow noopener\" target=\"_blank\">sari.tuominen2@lahti.fi<\/a><br \/>p. 044 769 8649<\/p>\n","protected":false},"excerpt":{"rendered":"Talvikarnevaalit on paljon enemm\u00e4n kuin vain talvinen festivaali: se on yhteinen juhla, joka kokoaa yhteen kaikenik\u00e4iset ja tarjoaa&hellip;\n","protected":false},"author":2,"featured_media":141043,"comment_status":"","ping_status":"","sticky":false,"template":"","format":"standard","meta":{"footnotes":""},"categories":[5],"tags":[22,23,26,27,33,31,30,17,24,25,28,29,15,18,21,32,19,20,16],"class_list":{"0":"post-141042","1":"post","2":"type-post","3":"status-publish","4":"format-standard","5":"has-post-thumbnail","7":"category-otsikot","8":"tag-breaking-news","9":"tag-breakingnews","10":"tag-featured-news","11":"tag-featurednews","12":"tag-fi","13":"tag-finland","14":"tag-finnish","15":"tag-headlines","16":"tag-latest-news","17":"tag-latestnews","18":"tag-main-news","19":"tag-mainnews","20":"tag-news","21":"tag-otsikot","22":"tag-paauutiset","23":"tag-suomi","24":"tag-top-stories","25":"tag-topstories","26":"tag-uutiset"},"share_on_mastodon":{"url":"https:\/\/pubeurope.com\/@fi\/115886960363652878","error":""},"_links":{"self":[{"href":"https:\/\/www.europesays.com\/fi\/wp-json\/wp\/v2\/posts\/141042","targetHints":{"allow":["GET"]}}],"collection":[{"href":"https:\/\/www.europesays.com\/fi\/wp-json\/wp\/v2\/posts"}],"about":[{"href":"https:\/\/www.europesays.com\/fi\/wp-json\/wp\/v2\/types\/post"}],"author":[{"embeddable":true,"href":"https:\/\/www.europesays.com\/fi\/wp-json\/wp\/v2\/users\/2"}],"replies":[{"embeddable":true,"href":"https:\/\/www.europesays.com\/fi\/wp-json\/wp\/v2\/comments?post=141042"}],"version-history":[{"count":0,"href":"https:\/\/www.europesays.com\/fi\/wp-json\/wp\/v2\/posts\/141042\/revisions"}],"wp:featuredmedia":[{"embeddable":true,"href":"https:\/\/www.europesays.com\/fi\/wp-json\/wp\/v2\/media\/141043"}],"wp:attachment":[{"href":"https:\/\/www.europesays.com\/fi\/wp-json\/wp\/v2\/media?parent=141042"}],"wp:term":[{"taxonomy":"category","embeddable":true,"href":"https:\/\/www.europesays.com\/fi\/wp-json\/wp\/v2\/categories?post=141042"},{"taxonomy":"post_tag","embeddable":true,"href":"https:\/\/www.europesays.com\/fi\/wp-json\/wp\/v2\/tags?post=141042"}],"curies":[{"name":"wp","href":"https:\/\/api.w.org\/{rel}","templated":true}]}}