{"id":141044,"date":"2026-01-13T09:15:07","date_gmt":"2026-01-13T09:15:07","guid":{"rendered":"https:\/\/www.europesays.com\/fi\/141044\/"},"modified":"2026-01-13T09:15:07","modified_gmt":"2026-01-13T09:15:07","slug":"tps-hankki-toisenkin-pelaajan-ranskasta","status":"publish","type":"post","link":"https:\/\/www.europesays.com\/fi\/141044\/","title":{"rendered":"TPS hankki toisenkin pelaajan Ranskasta"},"content":{"rendered":"<p class=\"teksti\">TPS hankki t\u00e4lle vuodelle jo toisen pelaajan Ranskan liigasta, kun keskushy\u00f6kk\u00e4\u00e4j\u00e4 Kalle Myllymaa saapuu Turkuun Spartiates de Marseillesta. Viime viikolla TPS hankki saman sarjan Grenoblesta ruotsalaispakki Alexis Binnerin, jonka ensimm\u00e4iset askeleet Suomessa ovat olleet lupaavia.<\/p>\n<p class=\"teksti\">24-vuotias Myllymaa on \u00c4ssien kasvatti, joka on pelannut Porissa kolmen vajaan kauden aikana 51 runkosarjaottelua tehoin 4+8. Toissa kaudella hy\u00f6kk\u00e4\u00e4j\u00e4 siirtyi It\u00e4valtaan ja pelasi keskieurooppalaista Alps Hockey Leagueta.<\/p>\n<p class=\"teksti\">Ranskan liigassa h\u00e4n on puolessatoista kaudessa ker\u00e4nnyt 70 ottelussa 21+37=58 pistett\u00e4. <a href=\"https:\/\/www.satakunnankansa.fi\/jaakiekko\/art-2000011745709.html\" target=\"_blank\" rel=\"noopener nofollow\" class=\"teos\">Satakunnan Kansan<\/a><a href=\"https:\/\/www.satakunnankansa.fi\/jaakiekko\/art-2000011745709.html\" target=\"_blank\" rel=\"noopener nofollow\"> mukaan<\/a> Myllymaa oli Marseillessa jatkuvasti sairaana. Syyksi ep\u00e4iltiin sis\u00e4ilmaongelmia, joiden takia h\u00e4n halusi j\u00e4tt\u00e4\u00e4 seuran.<\/p>\n<p>Jatkuu mainoksen j\u00e4lkeen <\/p>\n<p> Mainos p\u00e4\u00e4ttyy<\/p>\n<p class=\"teksti\">Myllymaan sopimus kattaa loppukauden, mutta siihen kuuluu my\u00f6s TPS:n optio kaudesta 2026\u201327.<\/p>\n<p class=\"teksti\">\u2013\u2009Kallen hankinta tuo lis\u00e4\u00e4 leveytt\u00e4 ja vaihtoehtoja kokoonpanoomme erityisesti keskikaistalle, jossa olemme k\u00e4rsineet poissaoloista kauden aikana. Kalle on kiekollisesti vahva pelaaja, jolle on kertynyt viime kausilta kansainv\u00e4list\u00e4 kokemusta Keski-Euroopan sarjoista, urheilujohtaja Mika Suoraniemi toteaa TPS:n sivuilla.<\/p>\n<p class=\"teksti\">On mahdollista, ett\u00e4 kyseess\u00e4 ei ole TPS:n kauden viimeinen siirto.<\/p>\n<p class=\"teksti\">\u2013\u2009Seuraamme edelleen aktiivisesti pelaajamarkkinoita ja kartoitamme sek\u00e4 pohdimme mahdollisia ratkaisuja joukkueen osalta loppukautta ajatellen, Suoraniemi kommentoi.<\/p>\n","protected":false},"excerpt":{"rendered":"TPS hankki t\u00e4lle vuodelle jo toisen pelaajan Ranskan liigasta, kun keskushy\u00f6kk\u00e4\u00e4j\u00e4 Kalle Myllymaa saapuu Turkuun Spartiates de Marseillesta.&hellip;\n","protected":false},"author":2,"featured_media":141045,"comment_status":"","ping_status":"","sticky":false,"template":"","format":"standard","meta":{"footnotes":""},"categories":[158],"tags":[33,31,30,159,32,160],"class_list":{"0":"post-141044","1":"post","2":"type-post","3":"status-publish","4":"format-standard","5":"has-post-thumbnail","7":"category-urheilu","8":"tag-fi","9":"tag-finland","10":"tag-finnish","11":"tag-sports","12":"tag-suomi","13":"tag-urheilu"},"share_on_mastodon":{"url":"https:\/\/pubeurope.com\/@fi\/115887035145558924","error":""},"_links":{"self":[{"href":"https:\/\/www.europesays.com\/fi\/wp-json\/wp\/v2\/posts\/141044","targetHints":{"allow":["GET"]}}],"collection":[{"href":"https:\/\/www.europesays.com\/fi\/wp-json\/wp\/v2\/posts"}],"about":[{"href":"https:\/\/www.europesays.com\/fi\/wp-json\/wp\/v2\/types\/post"}],"author":[{"embeddable":true,"href":"https:\/\/www.europesays.com\/fi\/wp-json\/wp\/v2\/users\/2"}],"replies":[{"embeddable":true,"href":"https:\/\/www.europesays.com\/fi\/wp-json\/wp\/v2\/comments?post=141044"}],"version-history":[{"count":0,"href":"https:\/\/www.europesays.com\/fi\/wp-json\/wp\/v2\/posts\/141044\/revisions"}],"wp:featuredmedia":[{"embeddable":true,"href":"https:\/\/www.europesays.com\/fi\/wp-json\/wp\/v2\/media\/141045"}],"wp:attachment":[{"href":"https:\/\/www.europesays.com\/fi\/wp-json\/wp\/v2\/media?parent=141044"}],"wp:term":[{"taxonomy":"category","embeddable":true,"href":"https:\/\/www.europesays.com\/fi\/wp-json\/wp\/v2\/categories?post=141044"},{"taxonomy":"post_tag","embeddable":true,"href":"https:\/\/www.europesays.com\/fi\/wp-json\/wp\/v2\/tags?post=141044"}],"curies":[{"name":"wp","href":"https:\/\/api.w.org\/{rel}","templated":true}]}}