{"id":141046,"date":"2026-01-13T09:16:07","date_gmt":"2026-01-13T09:16:07","guid":{"rendered":"https:\/\/www.europesays.com\/fi\/141046\/"},"modified":"2026-01-13T09:16:07","modified_gmt":"2026-01-13T09:16:07","slug":"kutsu-medialle-vuoden-nuori-taiteilija-2026-julkistetaan-tampereen-taidemuseossa-23-1-2026","status":"publish","type":"post","link":"https:\/\/www.europesays.com\/fi\/141046\/","title":{"rendered":"KUTSU MEDIALLE &#8211; Vuoden nuori taiteilija 2026 julkistetaan Tampereen taidemuseossa 23.1.2026"},"content":{"rendered":"<p><strong><\/p>\n<p>Tampereen taidemuseo julkistaa Vuoden nuoren taiteilijan 2026 perjantaina 23.1.2026 klo 10 Tampereen taidemuseossa, os. Puutarhakatu 34. Median edustajat ovat tervetulleita seuraamaan julkistusta. Julkistamistilaisuudessa on mahdollista kuvata ja haastatella taiteilijaa. <strong>Ilmoittaudu mukaan tapahtumaan etuk\u00e4teen s\u00e4hk\u00f6postilla <a href=\"https:\/\/www.sttinfo.fi\/tiedote\/71731116\/mailto:heli.hakala@tampere.fi\" rel=\"nofollow noopener\" target=\"_blank\">heli.hakala@tampere.fi<\/a>.<\/strong><\/p>\n<p><\/strong><\/p>\n<p>Vuoden nuoren taiteilijan nimi julkistetaan tiedotteessa, jonka l\u00e4het\u00e4mme 23.1. klo 10.15. Kuvia julkistustilaisuudesta l\u00f6ytyy taidemuseon verkkosivuilta julkistuksen j\u00e4lkeen. Vuoden nuorta taiteilijaa voi haastatella my\u00f6s puhelimitse klo 13 j\u00e4lkeen. Puhelinnumero tulee tiedotteeseen.\u00a0<\/p>\n<p>Vuoden nuori taiteilija on t\u00e4hti, joka hehkuu rohkeutta, luovuutta ja kyky\u00e4. Vuoden nuoreksi taiteilijaksi valittu henkil\u00f6 saa Tampereen kaupungin my\u00f6nt\u00e4m\u00e4n stipendin, jonka summa on 25 000 euroa. Stipendin lis\u00e4ksi h\u00e4n saa mahdollisuuden yksityisn\u00e4yttelyn j\u00e4rjest\u00e4miseen ja n\u00e4yttelyjulkaisun Tampereen taidemuseon tuottamina.\u00a0<\/p>\n<p>Tampereen taidemuseon vuosittainen Vuoden nuori taiteilija -n\u00e4yttely juhlistaa kansainv\u00e4lisesti kiinnostavia alle 35-vuotiaita suunnann\u00e4ytt\u00e4ji\u00e4, tarjoten tilan ja tuen loistaa. Jo nelj\u00e4n vuosikymmenen ajan t\u00e4m\u00e4 Pohjoismaiden merkitt\u00e4vimpiin kuuluva kuvataidepalkinto on nostanut esiin uutta suomalaista nykytaidetta ja s\u00e4ilytt\u00e4nyt aikansa lupaavimpien nuorten taiteilijoiden t\u00f6it\u00e4 tuleville sukupolville.\u00a0<\/p>\n<p>Tervetuloa!<\/p>\n","protected":false},"excerpt":{"rendered":"Tampereen taidemuseo julkistaa Vuoden nuoren taiteilijan 2026 perjantaina 23.1.2026 klo 10 Tampereen taidemuseossa, os. Puutarhakatu 34. Median edustajat&hellip;\n","protected":false},"author":2,"featured_media":141047,"comment_status":"","ping_status":"","sticky":false,"template":"","format":"standard","meta":{"footnotes":""},"categories":[130],"tags":[137,33,31,30,32,109],"class_list":{"0":"post-141046","1":"post","2":"type-post","3":"status-publish","4":"format-standard","5":"has-post-thumbnail","7":"category-viihde","8":"tag-entertainment","9":"tag-fi","10":"tag-finland","11":"tag-finnish","12":"tag-suomi","13":"tag-viihde"},"share_on_mastodon":{"url":"https:\/\/pubeurope.com\/@fi\/115887038944136565","error":""},"_links":{"self":[{"href":"https:\/\/www.europesays.com\/fi\/wp-json\/wp\/v2\/posts\/141046","targetHints":{"allow":["GET"]}}],"collection":[{"href":"https:\/\/www.europesays.com\/fi\/wp-json\/wp\/v2\/posts"}],"about":[{"href":"https:\/\/www.europesays.com\/fi\/wp-json\/wp\/v2\/types\/post"}],"author":[{"embeddable":true,"href":"https:\/\/www.europesays.com\/fi\/wp-json\/wp\/v2\/users\/2"}],"replies":[{"embeddable":true,"href":"https:\/\/www.europesays.com\/fi\/wp-json\/wp\/v2\/comments?post=141046"}],"version-history":[{"count":0,"href":"https:\/\/www.europesays.com\/fi\/wp-json\/wp\/v2\/posts\/141046\/revisions"}],"wp:featuredmedia":[{"embeddable":true,"href":"https:\/\/www.europesays.com\/fi\/wp-json\/wp\/v2\/media\/141047"}],"wp:attachment":[{"href":"https:\/\/www.europesays.com\/fi\/wp-json\/wp\/v2\/media?parent=141046"}],"wp:term":[{"taxonomy":"category","embeddable":true,"href":"https:\/\/www.europesays.com\/fi\/wp-json\/wp\/v2\/categories?post=141046"},{"taxonomy":"post_tag","embeddable":true,"href":"https:\/\/www.europesays.com\/fi\/wp-json\/wp\/v2\/tags?post=141046"}],"curies":[{"name":"wp","href":"https:\/\/api.w.org\/{rel}","templated":true}]}}