{"id":141048,"date":"2026-01-13T09:19:07","date_gmt":"2026-01-13T09:19:07","guid":{"rendered":"https:\/\/www.europesays.com\/fi\/141048\/"},"modified":"2026-01-13T09:19:07","modified_gmt":"2026-01-13T09:19:07","slug":"abc-keuruun-sulkemista-harkitaan-ilta-sanomat","status":"publish","type":"post","link":"https:\/\/www.europesays.com\/fi\/141048\/","title":{"rendered":"ABC Keuruun sulkemista harkitaan &#8211; Ilta-Sanomat"},"content":{"rendered":"<p>Huoltamokiinteist\u00f6 olisi remontin edess\u00e4.<\/p>\n<p class=\"article-body mb-nof-24 px-nof-16\">ABC Keuruuta uhkaa lakkautus. Asiasta kertoo Osuuskauppa Keskimaa <a class=\"underline underline-offset-[0.12em] [text-decoration-thickness:var(--generic-link-underline-thickness)] [text-decoration-color:var(--generic-link-underline-color)] [text-decoration-skip-ink:var(--generic-link-underline-skip-ink)] break-words\" href=\"https:\/\/www.sttinfo.fi\/tiedote\/71729306\/osuuskauppa-keskimaa-kaynnistaa-osaa-ravintoloitaan-ja-abc-keuruuta-koskevat-muutosneuvottelut?publisherId=68574138&amp;lang=fi\" rel=\"nofollow noopener\" target=\"_blank\">tiedotteessaan<\/a>.<\/p>\n<p class=\"article-body mb-nof-24 px-nof-16\">Harkinta k\u00e4yd\u00e4\u00e4n osana osuuskaupan muutosneuvotteluja, joiden piiriss\u00e4 on yhteens\u00e4 211 henkil\u00f6\u00e4. Neuvottelujen taustalla on ABC Keuruun ja osuuskaupan ravintoloiden tappiollinen liiketoiminta.<\/p>\n<p class=\"article-body mb-nof-24 px-nof-16\">\u2013 ABC Keuruun 1990-luvun alussa rakennetussa huoltamoliikekiinteist\u00f6ss\u00e4 on edess\u00e4 merkitt\u00e4vi\u00e4 kiinteist\u00f6n elinkaareen liittyvi\u00e4 korjaus- ja uudistustarpeita, joiden toteuttaminen on taloudellisesti haasteellista liiketoiminnan pitk\u00e4\u00e4n jatkunut tappiollisuus huomioiden, kertoo Osuuskauppa Keskimaan liikennekaupan toimialajohtaja <a class=\"font-bold underline-offset-[0.12em] [text-decoration:var(--person-link-text-decoration)] ![text-decoration-color:var(--person-link-text-decoration-color)]\" href=\"https:\/\/www.is.fi\/haku\/?query=Heikki%20Tervanen\" rel=\"nofollow noopener\" target=\"_blank\">Heikki Tervanen<\/a>.<\/p>\n<p class=\"article-body mb-nof-24 px-nof-16\">ABC:n lakkauttaminen johtaisi kymmenen henkil\u00f6n nykyisten ty\u00f6sopimusten irtisanomiseen. Osuuskauppa pyrkii kuitenkin l\u00f6yt\u00e4m\u00e4\u00e4n henkil\u00f6st\u00f6lle mahdollisuuksien mukaan muuta ty\u00f6t\u00e4.<\/p>\n<p class=\"article-body mb-nof-24 px-nof-16\">Maanantaina k\u00e4ynnistyvien neuvottelujen ennakoidaan kest\u00e4v\u00e4n kolme viikkoa.<\/p>\n<p><img decoding=\"async\" src=\"https:\/\/www.europesays.com\/fi\/wp-content\/uploads\/2026\/01\/1768295947_215_468.jpg\" alt=\"Huoltamon tulevaisuus selvi\u00e4\u00e4 l\u00e4hiviikkoina.\" class=\"_Img_1rerz_1\" style=\"aspect-ratio:1.4849187935034802\" loading=\"eager\"\/><\/p>\n<p class=\"article-picture-caption\">Huoltamon tulevaisuus selvi\u00e4\u00e4 l\u00e4hiviikkoina. Kuva:\u00a0Markku Piilem\u00e4<\/p>\n<p class=\"article-body mb-nof-24 px-nof-16\">Huoltamoketju kertoi viime vuonna useiden asemiensa sulkemisesta. Muun muassa Ilmajoen, Jalasj\u00e4rven, Perni\u00f6n ja Turun Koulukadun ABC:t sulkivat ovensa. Kaikkien toimipaikkojen on kerrottu olevan tappiollisia.<\/p>\n<p class=\"article-body mb-nof-24 px-nof-16\">Liikennepalvelualan muutoksen syyn\u00e4 on ollut muun muassa kauppojen aukioloaikojen vapautuminen.<\/p>\n","protected":false},"excerpt":{"rendered":"Huoltamokiinteist\u00f6 olisi remontin edess\u00e4. ABC Keuruuta uhkaa lakkautus. Asiasta kertoo Osuuskauppa Keskimaa tiedotteessaan. Harkinta k\u00e4yd\u00e4\u00e4n osana osuuskaupan muutosneuvotteluja,&hellip;\n","protected":false},"author":2,"featured_media":141049,"comment_status":"","ping_status":"","sticky":false,"template":"","format":"standard","meta":{"footnotes":""},"categories":[76],"tags":[79,77,33,31,30,34,32,78],"class_list":{"0":"post-141048","1":"post","2":"type-post","3":"status-publish","4":"format-standard","5":"has-post-thumbnail","7":"category-talous","8":"tag-business","9":"tag-economy","10":"tag-fi","11":"tag-finland","12":"tag-finnish","13":"tag-ilta-sanomat","14":"tag-suomi","15":"tag-talous"},"share_on_mastodon":{"url":"https:\/\/pubeurope.com\/@fi\/115887050858037998","error":""},"_links":{"self":[{"href":"https:\/\/www.europesays.com\/fi\/wp-json\/wp\/v2\/posts\/141048","targetHints":{"allow":["GET"]}}],"collection":[{"href":"https:\/\/www.europesays.com\/fi\/wp-json\/wp\/v2\/posts"}],"about":[{"href":"https:\/\/www.europesays.com\/fi\/wp-json\/wp\/v2\/types\/post"}],"author":[{"embeddable":true,"href":"https:\/\/www.europesays.com\/fi\/wp-json\/wp\/v2\/users\/2"}],"replies":[{"embeddable":true,"href":"https:\/\/www.europesays.com\/fi\/wp-json\/wp\/v2\/comments?post=141048"}],"version-history":[{"count":0,"href":"https:\/\/www.europesays.com\/fi\/wp-json\/wp\/v2\/posts\/141048\/revisions"}],"wp:featuredmedia":[{"embeddable":true,"href":"https:\/\/www.europesays.com\/fi\/wp-json\/wp\/v2\/media\/141049"}],"wp:attachment":[{"href":"https:\/\/www.europesays.com\/fi\/wp-json\/wp\/v2\/media?parent=141048"}],"wp:term":[{"taxonomy":"category","embeddable":true,"href":"https:\/\/www.europesays.com\/fi\/wp-json\/wp\/v2\/categories?post=141048"},{"taxonomy":"post_tag","embeddable":true,"href":"https:\/\/www.europesays.com\/fi\/wp-json\/wp\/v2\/tags?post=141048"}],"curies":[{"name":"wp","href":"https:\/\/api.w.org\/{rel}","templated":true}]}}