{"id":141054,"date":"2026-01-13T09:22:06","date_gmt":"2026-01-13T09:22:06","guid":{"rendered":"https:\/\/www.europesays.com\/fi\/141054\/"},"modified":"2026-01-13T09:22:06","modified_gmt":"2026-01-13T09:22:06","slug":"perussuomalaisten-kansanedustaja-aikoo-jattaa-eduskunnan-talous-ei-yksinkertaisesti-kesta","status":"publish","type":"post","link":"https:\/\/www.europesays.com\/fi\/141054\/","title":{"rendered":"Perussuomalaisten kansanedustaja aikoo j\u00e4tt\u00e4\u00e4 eduskunnan \u2013 \u201dTalous ei yksinkertaisesti kest\u00e4\u201d"},"content":{"rendered":"<p>Antti Kangas ei hae jatkokautta.<\/p>\n<p class=\"article-body mb-nof-24 px-nof-16\">Perussuomalaisten ensimm\u00e4isen kauden kansanedustaja <a class=\"font-bold underline-offset-[0.12em] [text-decoration:var(--person-link-text-decoration)] ![text-decoration-color:var(--person-link-text-decoration-color)]\" href=\"https:\/\/www.is.fi\/haku\/?query=Antti%20Kangas\" rel=\"nofollow noopener\" target=\"_blank\">Antti Kangas<\/a> ilmoittaa Facebook-sivuillaan, ettei h\u00e4n aio olla ehdolla kev\u00e4\u00e4n 2027 eduskuntavaaleissa.<\/p>\n<p class=\"article-body mb-nof-24 px-nof-16\">\u2013 Yksi suurimpia asioita on se, ettei yritt\u00e4j\u00e4n talous yksinkertaisesti kest\u00e4 hommaa, ty\u00f6voima mill\u00e4 korvaat itsesi maksaa enemm\u00e4n kuin edustajan ty\u00f6st\u00e4 j\u00e4\u00e4 k\u00e4teen, Kangas perustelee.<\/p>\n<p class=\"article-body mb-nof-24 px-nof-16\">\u2013 Maatalous kun ei ole ollut mit\u00e4\u00e4n miljoonabisnest\u00e4 aikoihin, ei useita tuhansia kuukaudessa maksava harrastus vain sovi mukaan, Kangas jatkaa.<\/p>\n<p class=\"article-body mb-nof-24 px-nof-16\">Kangas on taustaltaan maatalousyritt\u00e4j\u00e4.<\/p>\n<p class=\"article-body mb-nof-24 px-nof-16\">\u2013 Kotona maitotilan puolella <a class=\"font-bold underline-offset-[0.12em] [text-decoration:var(--person-link-text-decoration)] ![text-decoration-color:var(--person-link-text-decoration-color)]\" href=\"https:\/\/www.is.fi\/haku\/?query=Jenika\" rel=\"nofollow noopener\" target=\"_blank\">Jenika <\/a>on onneksi pit\u00e4nyt suitset tiukasti hallinnassa, ja siksi navetalla asiat ovat rullanneet normaalisti, vaikka itse olen poissa paljon, Kangas kirjoittaa.<\/p>\n<p class=\"article-body mb-nof-24 px-nof-16\">Kangas py\u00f6ritt\u00e4\u00e4 my\u00f6s lihanautatilaa Oulaisissa yhti\u00f6kumppaninsa kanssa.<\/p>\n<p class=\"article-body mb-nof-24 px-nof-16\">Lis\u00e4ksi Kangas toimii hallituksen varapuheenjohtajana Carboreal Oy:ss\u00e4, joka ilmoittaa verkkosivuillaan istuttavansa uusia metsi\u00e4 viljelyk\u00e4ytt\u00f6\u00f6n soveltumattomille pelloille ja tarjoaa yrityksille tavan kompensoida p\u00e4\u00e4st\u00f6j\u00e4.<\/p>\n<p class=\"article-body mb-nof-24 px-nof-16\">Kangas kirjoittaa, ett\u00e4 Carborealista on tarkoitus tehd\u00e4 merkitt\u00e4v\u00e4 kasvuyhti\u00f6, ja katsoo, ettei yrityksen asioita voi hoitaa \u201dpuolilla valoilla\u201d.<\/p>\n<p class=\"article-body mb-nof-24 px-nof-16\">Kangas valittiin viime eduskuntavaaleissa eduskuntaan Oulun vaalipiirist\u00e4 5\u202f566 \u00e4\u00e4nell\u00e4.<\/p>\n<p class=\"article-body mb-nof-24 px-nof-16\">Kangas on edustanut aiemmin Sievin kuntapolitiikassa keskustaa.<\/p>\n<p class=\"article-body mb-nof-24 px-nof-16\">Kankaan p\u00e4\u00e4t\u00f6ksest\u00e4 <a class=\"underline underline-offset-[0.12em] [text-decoration-thickness:var(--generic-link-underline-thickness)] [text-decoration-color:var(--generic-link-underline-color)] [text-decoration-skip-ink:var(--generic-link-underline-skip-ink)] break-words\" href=\"https:\/\/www.maaseuduntulevaisuus.fi\/uutiset\/15560e93-4ba9-4614-9d7a-6330cdf79013\" rel=\"nofollow noopener\" target=\"_blank\">kertoi<\/a> ensimm\u00e4isen\u00e4 Maaseudun Tulevaisuus.<\/p>\n","protected":false},"excerpt":{"rendered":"Antti Kangas ei hae jatkokautta. Perussuomalaisten ensimm\u00e4isen kauden kansanedustaja Antti Kangas ilmoittaa Facebook-sivuillaan, ettei h\u00e4n aio olla ehdolla&hellip;\n","protected":false},"author":2,"featured_media":141055,"comment_status":"","ping_status":"","sticky":false,"template":"","format":"standard","meta":{"footnotes":""},"categories":[5],"tags":[22,23,26,27,33,31,30,17,34,24,25,28,29,15,18,21,32,19,20,16],"class_list":{"0":"post-141054","1":"post","2":"type-post","3":"status-publish","4":"format-standard","5":"has-post-thumbnail","7":"category-otsikot","8":"tag-breaking-news","9":"tag-breakingnews","10":"tag-featured-news","11":"tag-featurednews","12":"tag-fi","13":"tag-finland","14":"tag-finnish","15":"tag-headlines","16":"tag-ilta-sanomat","17":"tag-latest-news","18":"tag-latestnews","19":"tag-main-news","20":"tag-mainnews","21":"tag-news","22":"tag-otsikot","23":"tag-paauutiset","24":"tag-suomi","25":"tag-top-stories","26":"tag-topstories","27":"tag-uutiset"},"share_on_mastodon":{"url":"https:\/\/pubeurope.com\/@fi\/115887062599917892","error":""},"_links":{"self":[{"href":"https:\/\/www.europesays.com\/fi\/wp-json\/wp\/v2\/posts\/141054","targetHints":{"allow":["GET"]}}],"collection":[{"href":"https:\/\/www.europesays.com\/fi\/wp-json\/wp\/v2\/posts"}],"about":[{"href":"https:\/\/www.europesays.com\/fi\/wp-json\/wp\/v2\/types\/post"}],"author":[{"embeddable":true,"href":"https:\/\/www.europesays.com\/fi\/wp-json\/wp\/v2\/users\/2"}],"replies":[{"embeddable":true,"href":"https:\/\/www.europesays.com\/fi\/wp-json\/wp\/v2\/comments?post=141054"}],"version-history":[{"count":0,"href":"https:\/\/www.europesays.com\/fi\/wp-json\/wp\/v2\/posts\/141054\/revisions"}],"wp:featuredmedia":[{"embeddable":true,"href":"https:\/\/www.europesays.com\/fi\/wp-json\/wp\/v2\/media\/141055"}],"wp:attachment":[{"href":"https:\/\/www.europesays.com\/fi\/wp-json\/wp\/v2\/media?parent=141054"}],"wp:term":[{"taxonomy":"category","embeddable":true,"href":"https:\/\/www.europesays.com\/fi\/wp-json\/wp\/v2\/categories?post=141054"},{"taxonomy":"post_tag","embeddable":true,"href":"https:\/\/www.europesays.com\/fi\/wp-json\/wp\/v2\/tags?post=141054"}],"curies":[{"name":"wp","href":"https:\/\/api.w.org\/{rel}","templated":true}]}}