{"id":141056,"date":"2026-01-13T09:23:07","date_gmt":"2026-01-13T09:23:07","guid":{"rendered":"https:\/\/www.europesays.com\/fi\/141056\/"},"modified":"2026-01-13T09:23:07","modified_gmt":"2026-01-13T09:23:07","slug":"lukio-ja-luonto-toivat-utsjoelle","status":"publish","type":"post","link":"https:\/\/www.europesays.com\/fi\/141056\/","title":{"rendered":"Lukio ja luonto toivat Utsjoelle"},"content":{"rendered":"<p><strong>Merja Paakkanen<\/strong> muutti viime kes\u00e4n\u00e4 Kilpisj\u00e4rvelt\u00e4 Utsjoelle lastensa <strong>Eemelin<\/strong> ja <strong>Millan<\/strong> kanssa. Asunto, ty\u00f6t ja kouluasiat j\u00e4rjestyiv\u00e4t nopeasti.<\/p>\n<p>&#8211; Meid\u00e4t toi t\u00e4nne Utsjoen lukio, sill\u00e4 Eemeli aloitti syksyll\u00e4 lukion ensimm\u00e4isell\u00e4, kertoo Merja Paakkanen muuton syist\u00e4. \u2013 Asuimme Kilpisj\u00e4rvell\u00e4 viisi vuotta ja luulin meid\u00e4n sinne j\u00e4\u00e4v\u00e4nkin. Pojan olisi kuitenkin pit\u00e4nyt l\u00e4hte\u00e4 muualle lukioon, eik\u00e4 perheen erill\u00e4\u00e4n olo ollut tuntunut hyv\u00e4lt\u00e4 vaihtoehdolta.<\/p>\n<p>&#8211; K\u00e4vimme viime kev\u00e4\u00e4n\u00e4 tutustumassa Utsjoen lukioon ja meille j\u00e4i kaikin puolin ihana kuva koulusta. Eik\u00e4 mielikuva ole juurikaan muuttunut ensivaikutelmasta. Uudet ja raikasilmaiset tilat opiskella edesauttavat viihtymist\u00e4.<\/p>\n<p>&#8211; N\u00e4in vanhemman n\u00e4k\u00f6kulmasta on hienoa, ett\u00e4 t\u00e4\u00e4ll\u00e4 on p\u00e4tevi\u00e4 ja ammattitaitoisia aineenopettajia opettamassa omaa alaansa. Samoin se, ett\u00e4 apua ja ohjausta saa aina, kun sit\u00e4 tarvitaan.Silloin kun opiskeluun tarvitsee tukea, on hienoa, ettei kaikki tuki ole vain kodin varassa, sanoo Merja.<\/p>\n<p>Eemeli aikoo suorittaa lukion nelj\u00e4ss\u00e4 vuodessa.<\/p>\n<p>&#8211; Opiskelu lukiossa on rankempaa kuin yl\u00e4asteella, toteaa Eemeli. \u2013 Lukion ryhm\u00e4t ovat t\u00e4\u00e4ll\u00e4 pieni\u00e4, joten opetus on yksil\u00f6llist\u00e4 ja opettajilla on aikaa kaikille opiskelijoille. Tunneilla on tosi hyv\u00e4 ty\u00f6rauha, mik\u00e4 helpottaa oppimista.<\/p>\n<p>Lukio huomioi erilaiset oppijat.<\/p>\n<p>&#8211; Lapsilta kysyt\u00e4\u00e4n, miten kukin oppii parhaiten ja kunkin omia vahvuuksia hy\u00f6dynnet\u00e4\u00e4n, kertoo Merja. \u2013 Pienten ryhmien vuoksi koulussa on rauhallista ja n\u00e4in ollen v\u00e4h\u00e4n ylim\u00e4\u00e4r\u00e4isi\u00e4 kuormittavia tekij\u00f6it\u00e4, jolloin on voimia oppimiseen ja muuhunkin el\u00e4m\u00e4\u00e4n.<\/p>\n<p>Merjan mukaan yhteisty\u00f6 kodin kanssa on erinomaista.<\/p>\n<p>&#8211; Kotona tiet\u00e4\u00e4 koko ajan, miss\u00e4 lapsen opinnoissa menn\u00e4\u00e4n. Lukio vastuuttaa nuoria tekem\u00e4\u00e4n paljon itse ja ottamaan asioista selv\u00e4\u00e4.<\/p>\n<p>Sek\u00e4 poika ett\u00e4 \u00e4iti ovat innoissaan lukion tekem\u00e4st\u00e4 yhteisty\u00f6st\u00e4 eri toimijoiden kanssa. \u2028<\/p>\n<p>&#8211; Viimesyksyinen korkeakouluviikko Turun yliopiston kanssa oli aivan mahtava.<\/p>\n<p>Turun yliopiston kanssa teht\u00e4v\u00e4 yhteisty\u00f6 toteutui yliopisto-opiskelijoiden ja Utsjoen lukiolaisten yhteisell\u00e4 opiskeluviikolla Kevon tutkimusasemalla, lukiolla ja opintoreissulla Varangin vuonon alueelle. Pohjoisen biologisen tutkimuksen lis\u00e4ksi opiskelijat perehtyiv\u00e4t yhdess\u00e4 saamelaiskulttuuriin ja alueen elinkeinoihin.<\/p>\n<p>Eemeli haluaa lukion j\u00e4lkeen opiskella biologiaa.<\/p>\n<p>&#8211; P\u00e4iv\u00e4t Kevon tutkimusasemalla ja tutustuminen tutkimukseen siell\u00e4 vain vahvistivat ajatusta biologian opiskelusta.<\/p>\n<p>My\u00f6s Lapin yliopiston taidealan opiskelijoiden ja opettajien vierailut koululla t\u00e4ydent\u00e4v\u00e4t lukiolaisille annettavaa opetusta ja lapset p\u00e4\u00e4sev\u00e4t tekem\u00e4\u00e4n monenlaista normaalista kouluarjesta poikkeavaa.<\/p>\n<p>&#8211; Utsjoen koulujen into j\u00e4rjest\u00e4\u00e4 yhteisty\u00f6t\u00e4 monipuolisesti eri toimijoiden kanssa on iso vahvuus pienelle kouluyhteis\u00f6lle, kehuu Merja.<\/p>\n<p>Lukiota markkinoidaan saamelaislukiona. Opetus j\u00e4rjestet\u00e4\u00e4n suomen kielell\u00e4, mutta saamen kieli on vahvasti l\u00e4sn\u00e4 koulun arjessa. Lukiossa voi opiskella saamelaisuuden ja pohjoisuuden teemojen ymp\u00e4rille rakennettuja opintojaksoja, jotka yhdess\u00e4 saamen kielen kurssien kanssa tarjoavat kattavasti pohjoisuutta k\u00e4sittelev\u00e4n kokonaisuuden. Sek\u00e4 Eemeli ett\u00e4 Milla opiskelevat saamea koulussa ja Merja Lapin yliopiston avoimen kautta.<\/p>\n<p>&#8211; Mahdollisuus opiskella saamen kielt\u00e4 ja kulttuuria on keino tutustua paikalliseen el\u00e4m\u00e4ntapaan my\u00f6s meille muualta tulleille, sanovat Eemeli ja Merja. \u2013 Saamen kielt\u00e4 kuulee t\u00e4\u00e4ll\u00e4 paljon, joten kaksikielisyys on t\u00e4\u00e4ll\u00e4 el\u00e4v\u00e4\u00e4 arkea.<\/p>\n<p>Perheen vapaa-aika kuluu ulkoillessa, sill\u00e4 tunturit, Norjan puolen maastot ja merenrannat houkuttelevat retkeilem\u00e4\u00e4n. Luonnon lis\u00e4ksi on tosi kivasti kaikkea.<\/p>\n<p>&#8211; Vaikka kyl\u00e4 vaikuttaa hiljaiselta, on t\u00e4\u00e4ll\u00e4 kerhoja, kursseja, jumppaa, kuntosali, kirjasto, uimahalli, elokuvakerho, kertoo Merja. &#8211; Milla harrastaa akrobatiaa, musiikkia ja kuvataidetta. Norjan l\u00e4heisyys lis\u00e4\u00e4 pienen kyl\u00e4n mahdollisuuksia, sill\u00e4 tied\u00e4n, ett\u00e4 meilt\u00e4 k\u00e4y lapsia Norjan puolella Tanassa jalkapallotreeneiss\u00e4. Matkailijalle kyl\u00e4 voi n\u00e4ytt\u00e4\u00e4 hiljaiselta, mutta kun t\u00e4\u00e4ll\u00e4 asuu, t\u00e4\u00e4lt\u00e4 l\u00f6ytyy ihana, eloisa ja l\u00e4mmin sisin. El\u00e4m\u00e4 on ihanan tavallista, mutta ymp\u00e4rill\u00e4 on sitten uskomattoman upea luonto.<\/p>\n<p>&#8211; Muutto oli meille aika pelottavaakin ja \u00e4itin\u00e4 mietin, ett\u00e4 sujuvatko asiat lasten kannalta parhain p\u00e4in. Nyt ensimm\u00e4isen lukukauden j\u00e4lkeen on kyll\u00e4 tosi helpottunut olo. Toivon, ett\u00e4 Millalla on halutessaan mahdollisuus my\u00f6s k\u00e4yd\u00e4 lukio t\u00e4\u00e4ll\u00e4.<\/p>\n<p><strong>Lis\u00e4tiedot:<\/strong> Merja Paakkanen, 040 766 9232, <a href=\"https:\/\/www.epressi.com\/cdn-cgi\/l\/email-protection\" class=\"__cf_email__\" data-cfemail=\"c8a5adbaa2a988a5adbaa2a9b8a9a9a3a3a9a6ada6e6aea1\" rel=\"nofollow noopener\" target=\"_blank\">[email\u00a0protected]<\/a><\/p>\n","protected":false},"excerpt":{"rendered":"Merja Paakkanen muutti viime kes\u00e4n\u00e4 Kilpisj\u00e4rvelt\u00e4 Utsjoelle lastensa Eemelin ja Millan kanssa. Asunto, ty\u00f6t ja kouluasiat j\u00e4rjestyiv\u00e4t nopeasti.&hellip;\n","protected":false},"author":2,"featured_media":141057,"comment_status":"","ping_status":"","sticky":false,"template":"","format":"standard","meta":{"footnotes":""},"categories":[117],"tags":[33,31,30,72,476,118,32,119,477],"class_list":{"0":"post-141056","1":"post","2":"type-post","3":"status-publish","4":"format-standard","5":"has-post-thumbnail","7":"category-luonto","8":"tag-fi","9":"tag-finland","10":"tag-finnish","11":"tag-luonto","12":"tag-nature","13":"tag-science","14":"tag-suomi","15":"tag-tiede","16":"tag-wildlife"},"share_on_mastodon":{"url":"https:\/\/pubeurope.com\/@fi\/115887066499438301","error":""},"_links":{"self":[{"href":"https:\/\/www.europesays.com\/fi\/wp-json\/wp\/v2\/posts\/141056","targetHints":{"allow":["GET"]}}],"collection":[{"href":"https:\/\/www.europesays.com\/fi\/wp-json\/wp\/v2\/posts"}],"about":[{"href":"https:\/\/www.europesays.com\/fi\/wp-json\/wp\/v2\/types\/post"}],"author":[{"embeddable":true,"href":"https:\/\/www.europesays.com\/fi\/wp-json\/wp\/v2\/users\/2"}],"replies":[{"embeddable":true,"href":"https:\/\/www.europesays.com\/fi\/wp-json\/wp\/v2\/comments?post=141056"}],"version-history":[{"count":0,"href":"https:\/\/www.europesays.com\/fi\/wp-json\/wp\/v2\/posts\/141056\/revisions"}],"wp:featuredmedia":[{"embeddable":true,"href":"https:\/\/www.europesays.com\/fi\/wp-json\/wp\/v2\/media\/141057"}],"wp:attachment":[{"href":"https:\/\/www.europesays.com\/fi\/wp-json\/wp\/v2\/media?parent=141056"}],"wp:term":[{"taxonomy":"category","embeddable":true,"href":"https:\/\/www.europesays.com\/fi\/wp-json\/wp\/v2\/categories?post=141056"},{"taxonomy":"post_tag","embeddable":true,"href":"https:\/\/www.europesays.com\/fi\/wp-json\/wp\/v2\/tags?post=141056"}],"curies":[{"name":"wp","href":"https:\/\/api.w.org\/{rel}","templated":true}]}}