{"id":141058,"date":"2026-01-13T09:41:07","date_gmt":"2026-01-13T09:41:07","guid":{"rendered":"https:\/\/www.europesays.com\/fi\/141058\/"},"modified":"2026-01-13T09:41:07","modified_gmt":"2026-01-13T09:41:07","slug":"jyvaskylan-hipposkeskuksen-infratyot-alkavat-jyvaskyla-fi","status":"publish","type":"post","link":"https:\/\/www.europesays.com\/fi\/141058\/","title":{"rendered":"Jyv\u00e4skyl\u00e4n Hipposkeskuksen infraty\u00f6t alkavat | Jyv\u00e4skyl\u00e4.fi"},"content":{"rendered":"<p>Alvan aloittamat ty\u00f6t laajentavat Hipposkeskuksen ty\u00f6maata vaikuttaen liikkumiseen AaltoAlvarin ymp\u00e4rist\u00f6ss\u00e4. Pitk\u00e4kadun p\u00e4\u00e4ss\u00e4 sijaitseva hiekkapys\u00e4k\u00f6intialue suljetaan torstaina 15. tammikuuta Alvan ty\u00f6maan valmisteluiden alkaessa. Pys\u00e4k\u00f6inti ei ole en\u00e4\u00e4 mahdollista, sill\u00e4 alue otetaan ty\u00f6maak\u00e4ytt\u00f6\u00f6n ty\u00f6maatilojen, materiaalien varastoinnin ja ty\u00f6maaliikenteen vuoksi.<\/p>\n<p>Hippokselta l\u00f6ytyy vaihtoehtoisia pys\u00e4k\u00f6intipaikkoja<\/p>\n<p>AaltoAlvarin liikuntapalveluiden k\u00e4ytt\u00e4ji\u00e4 pyydet\u00e4\u00e4n hy\u00f6dynt\u00e4m\u00e4\u00e4n alueen muita pys\u00e4k\u00f6intimahdollisuuksia. Korvaavia pys\u00e4k\u00f6intialueita l\u00f6ytyy Hippokselta Kalle Rutasen polun molemmin puolin sek\u00e4 Hipposhallin ja Rautpohjankadun ja Hipposhallin ja K\u00f6yh\u00e4lammen v\u00e4lisilt\u00e4 pys\u00e4k\u00f6intialueilta. Kyseiset pys\u00e4k\u00f6intialueet ovat nelj\u00e4n tunnin kiekollisia pys\u00e4k\u00f6intipaikkoja. Lis\u00e4ksi maksullisia pys\u00e4k\u00f6intipaikkoja l\u00f6ytyy AaltoAlvarin pys\u00e4k\u00f6intikannelta ja pys\u00e4k\u00f6intihallista.<\/p>\n<p>Hiekkaparkkialue ei palaa sellaisenaan k\u00e4ytt\u00f6\u00f6n Hipposkeskuksen rakentumisen j\u00e4lkeen, sill\u00e4 sen tilalle tulee kulkuyhteys uuteen pys\u00e4k\u00f6intitaloon sek\u00e4 pys\u00e4k\u00f6intipaikkoja saattoliikenteelle. AaltoAlvariin ja muihin liikuntapalveluihin sek\u00e4 Hippoksen alueen tapahtumiin ja otteluihin p\u00e4\u00e4see my\u00f6s k\u00e4vellen, py\u00f6r\u00e4ll\u00e4 tai Linkki-paikallisliikenteell\u00e4.<\/p>\n<p>Pitk\u00e4kadun jalankulku- ja py\u00f6r\u00e4v\u00e4yl\u00e4osuus uimahallilta Keskussairaalantielle suljetaan ty\u00f6maan vuoksi viikolla 4. Korvaava reitti opastetaan kulkemaan yliopiston Seminaarinm\u00e4en kampuksen kautta. Korvaava reitti j\u00e4\u00e4 k\u00e4ytt\u00f6\u00f6n toistaiseksi.<\/p>\n<p>Infrarakentaminen etenee vaiheittain \u2013 kulkuopasteita noudatettava alueella<\/p>\n<p>Alva rakentaa alueelle Hipposkeskuksen k\u00e4ytt\u00f6\u00e4 palvelevan perusinfrastruktuurin, johon kuuluu vesihuolto-, s\u00e4hk\u00f6- ja kaukol\u00e4mp\u00f6verkot. Viikon 3 aikana aloitetaan ty\u00f6maan perustamisty\u00f6t. Viikolla 4 alueella k\u00e4ynnistyv\u00e4t vesihuollon ja hulevesilinjojen rakentamiseen liittyv\u00e4t maanrakennus- ja asennusty\u00f6t. Helmikuussa alkavat kaukol\u00e4mp\u00f6- ja s\u00e4hk\u00f6verkkoihin liittyv\u00e4t ty\u00f6t. Infrarakentamisen osalta Alvan p\u00e4\u00e4urakka valmistuu arviolta lokakuussa.<\/p>\n<p>Rakentamisen ymp\u00e4rist\u00f6vaikutukset ja luontoselvitykset on otettu mukaan suunnitteluun heti hankkeen alkuvaiheista alkaen. Viikolla 4 ty\u00f6maan alueella suoritetaan puustonpoistoa. Tavoitteena on toteuttaa rakennusty\u00f6t mahdollisimman v\u00e4hin h\u00e4iri\u00f6in alueen k\u00e4ytt\u00e4jille ja varmistaa my\u00f6s turvalliset ty\u00f6maaolosuhteet koko projektin ajan.<\/p>\n<p>Ty\u00f6maan l\u00e4heisyydess\u00e4 liikkuvia pyydet\u00e4\u00e4n noudattamaan opasteita ja huomioimaan, ett\u00e4 alueella liikkuu ty\u00f6maaliikennett\u00e4.<\/p>\n<p>Kaukol\u00e4mp\u00f6ty\u00f6maa Rautpohjankadulla on valmistumassa. Ty\u00f6maan ajan suljettuna ollut joukkoliikennepys\u00e4kki Rautpohja 1 palaa k\u00e4ytt\u00f6\u00f6n viikolla 4. Jalankulku- ja py\u00f6r\u00e4v\u00e4yl\u00e4 avataan viikolla 4 osittain siten, ett\u00e4 kulku pys\u00e4kille on mahdollista.<\/p>\n<p>Hankkeen etenemist\u00e4, vaikutuksia alueen liikennej\u00e4rjestelyihin ja pys\u00e4k\u00f6intiin voi seurata kaupungin verkkosivuilla osoitteessa\u00a0<a href=\"https:\/\/eur02.safelinks.protection.outlook.com\/?url=https%3A%2F%2Fwww.jyvaskyla.fi%2Fliikunta%2Fuudistuva-hippoksen-alue&amp;data=05%7C02%7CJari.Salomaa%40jyvaskyla.fi%7C856fca7b41034fe73f6c08de38b9c9ac%7Cfc34d05ca2f24ac289c5b44f3a9f451c%7C0%7C0%7C639010567870985834%7CUnknown%7CTWFpbGZsb3d8eyJFbXB0eU1hcGkiOnRydWUsIlYiOiIwLjAuMDAwMCIsIlAiOiJXaW4zMiIsIkFOIjoiTWFpbCIsIldUIjoyfQ%3D%3D%7C0%7C%7C%7C&amp;sdata=KmvNw0Y5DMKAlKej9ACVhKYutMP4zYntTFcsCaBEcI4%3D&amp;reserved=0\" rel=\"nofollow noopener\" target=\"_blank\">www.jyvaskyla.fi\/hippos<\/a>\u00a0sek\u00e4 Facebookissa\u00a0<a href=\"https:\/\/eur02.safelinks.protection.outlook.com\/?url=https%3A%2F%2Fwww.facebook.com%2Fjyvaskylanhippos&amp;data=05%7C02%7CJari.Salomaa%40jyvaskyla.fi%7C856fca7b41034fe73f6c08de38b9c9ac%7Cfc34d05ca2f24ac289c5b44f3a9f451c%7C0%7C0%7C639010567871016551%7CUnknown%7CTWFpbGZsb3d8eyJFbXB0eU1hcGkiOnRydWUsIlYiOiIwLjAuMDAwMCIsIlAiOiJXaW4zMiIsIkFOIjoiTWFpbCIsIldUIjoyfQ%3D%3D%7C0%7C%7C%7C&amp;sdata=RvYoQ13VsSrkqueBdcKleFQivVTSbxwTJTsBkJmOsOo%3D&amp;reserved=0\" rel=\"nofollow noopener\" target=\"_blank\">https:\/\/www.facebook.com\/jyvaskylanhippos<\/a>.<\/p>\n<p>Uudistuvasta Hippoksesta rakentuu Pohjoismaiden merkitt\u00e4vin liikunnan, huippu-urheilun, tapahtumien ja koulutuksen keskittym\u00e4. Hippos tarjoaa kaupunkilaisille ja seuroille upeat puitteet liikunnan harrastamiseen ja ammattimaiseen harjoitteluun. Lis\u00e4ksi se yhdist\u00e4\u00e4 liikunnan tutkimuksen ja teknologisen tuotekehityksen kansainv\u00e4lisesti merkitt\u00e4v\u00e4ksi kokonaisuudeksi.<\/p>\n","protected":false},"excerpt":{"rendered":"Alvan aloittamat ty\u00f6t laajentavat Hipposkeskuksen ty\u00f6maata vaikuttaen liikkumiseen AaltoAlvarin ymp\u00e4rist\u00f6ss\u00e4. Pitk\u00e4kadun p\u00e4\u00e4ss\u00e4 sijaitseva hiekkapys\u00e4k\u00f6intialue suljetaan torstaina 15. tammikuuta&hellip;\n","protected":false},"author":2,"featured_media":141059,"comment_status":"","ping_status":"","sticky":false,"template":"","format":"standard","meta":{"footnotes":""},"categories":[158],"tags":[33,31,30,159,32,160],"class_list":{"0":"post-141058","1":"post","2":"type-post","3":"status-publish","4":"format-standard","5":"has-post-thumbnail","7":"category-urheilu","8":"tag-fi","9":"tag-finland","10":"tag-finnish","11":"tag-sports","12":"tag-suomi","13":"tag-urheilu"},"share_on_mastodon":{"url":"https:\/\/pubeurope.com\/@fi\/115887137445481209","error":""},"_links":{"self":[{"href":"https:\/\/www.europesays.com\/fi\/wp-json\/wp\/v2\/posts\/141058","targetHints":{"allow":["GET"]}}],"collection":[{"href":"https:\/\/www.europesays.com\/fi\/wp-json\/wp\/v2\/posts"}],"about":[{"href":"https:\/\/www.europesays.com\/fi\/wp-json\/wp\/v2\/types\/post"}],"author":[{"embeddable":true,"href":"https:\/\/www.europesays.com\/fi\/wp-json\/wp\/v2\/users\/2"}],"replies":[{"embeddable":true,"href":"https:\/\/www.europesays.com\/fi\/wp-json\/wp\/v2\/comments?post=141058"}],"version-history":[{"count":0,"href":"https:\/\/www.europesays.com\/fi\/wp-json\/wp\/v2\/posts\/141058\/revisions"}],"wp:featuredmedia":[{"embeddable":true,"href":"https:\/\/www.europesays.com\/fi\/wp-json\/wp\/v2\/media\/141059"}],"wp:attachment":[{"href":"https:\/\/www.europesays.com\/fi\/wp-json\/wp\/v2\/media?parent=141058"}],"wp:term":[{"taxonomy":"category","embeddable":true,"href":"https:\/\/www.europesays.com\/fi\/wp-json\/wp\/v2\/categories?post=141058"},{"taxonomy":"post_tag","embeddable":true,"href":"https:\/\/www.europesays.com\/fi\/wp-json\/wp\/v2\/tags?post=141058"}],"curies":[{"name":"wp","href":"https:\/\/api.w.org\/{rel}","templated":true}]}}