{"id":141060,"date":"2026-01-13T09:42:09","date_gmt":"2026-01-13T09:42:09","guid":{"rendered":"https:\/\/www.europesays.com\/fi\/141060\/"},"modified":"2026-01-13T09:42:09","modified_gmt":"2026-01-13T09:42:09","slug":"seinajoen-mars-festivaali-tuo-konsertin-myos-kirjastoon","status":"publish","type":"post","link":"https:\/\/www.europesays.com\/fi\/141060\/","title":{"rendered":"Sein\u00e4joen Mars-festivaali tuo konsertin my\u00f6s kirjastoon"},"content":{"rendered":"<p>    <img decoding=\"async\" class=\"responsive-image article__image-image lozad\"   src=\"https:\/\/www.europesays.com\/fi\/wp-content\/uploads\/2026\/01\/0SYHCjgRN0e0KuVBalX83HSXwt2MvXh2UafkvXJ1WhXhazPsggZQ7MfGjwiIjj8nx_qwUFK1SyjhPLwTJ7PrbX5m7tLxfKnyUeao.jpeg\" alt=\"Talvifestivaali Mars Live jalkautuu t\u00e4n\u00e4kin vuonna Apilan lukuportaikkoon. Kuva viime vuodelta.\"\/><\/p>\n<p>\n                Talvifestivaali Mars Live jalkautuu t\u00e4n\u00e4kin vuonna Apilan lukuportaikkoon. Kuva viime vuodelta.\n              <\/p>\n<p>\n                Kuva: MikaKivisaari\n              <\/p>\n<p class=\"article__paragraph\">\n      Kaksip\u00e4iv\u00e4inen Mars-festivaali on musiikkialan tapahtuma, joka kokoaa alan ammattilaiset Sein\u00e4joen Rytmikorjaamolle 11.\u201312.2. ajankohtaisten paneelien pariin. Seminaaritapahtuman ohessa Sein\u00e4joella j\u00e4rjestet\u00e4\u00e4n talvinen musiikkifestivaali Mars Live.\n    <\/p>\n<p class=\"article__paragraph\">\n      Keskiviikkona Rytmikorjaamolla kuullaan monipuolinen kattaus poppia, rockia, kansanmusiikkia, r\u00e4ppi\u00e4 ja punkkia. Lavalle nousevat muun muassa Ylex L\u00e4pimurto 2025 -listalle ylt\u00e4nyt Ellimei, kansanmusiikkia uudistava Huippu, rautalankaa, indiet\u00e4 ja goottirockia yhdistelev\u00e4 The Vantages sek\u00e4 punk-maailmassa hurjasteleva Tove Johnson.\n    <\/p>\n<p class=\"article__paragraph\">\n      Illan p\u00e4\u00e4tt\u00e4\u00e4 kotimainen DJ-ilmi\u00f6 Junkkataxi, joka esiintyy Sein\u00e4joen keskustassa Karmassa.\n    <\/p>\n<p class=\"article__paragraph\">\n      Torstai-iltana 12.2. Rytmikorjaamolla j\u00e4rjestet\u00e4\u00e4n Nummirock-klubi. Esiintym\u00e4ss\u00e4 ovat melodista death metallia tarjoileva Irrational Cause ja elektronista pupumetallia soittava Rabbit Cult.\n    <\/p>\n<p class=\"article__paragraph\">\n      Ohjelmaa on my\u00f6s Kalevan Navetassa, miss\u00e4 esiintyy uuden albumin alkuvuonna julkaiseva Tuuletar. Yli 30 maassa kiert\u00e4nyt yhtye tuottaa kaiken musiikkinsa ihmis\u00e4\u00e4nell\u00e4.\n    <\/p>\n<p>      Ilmaista Apilassa<\/p>\n<p class=\"article__paragraph\">\n      Lis\u00e4ksi Mars Live jalkautuu t\u00e4n\u00e4 vuonna Apila-kirjastolle, miss\u00e4 j\u00e4rjestet\u00e4\u00e4n kaikille kaupunkilaisille avointa seminaariohjelmaa.\n    <\/p>\n<p class=\"article__paragraph\">\n      Apilassa kaupunkikeskustan kehitt\u00e4j\u00e4, Johanna Rintam\u00e4ki, moderoi paneelin \u201cSein\u00e4joki soi \u2013 Miten musiikki ja kulttuuri voivat el\u00e4v\u00f6itt\u00e4\u00e4 kaupunkikeskustaa?\n    <\/p>\n<p class=\"article__paragraph\">\n      Paneelin j\u00e4lkeen laulaja-lauluntekij\u00e4 Liisa Akimof tunnelmoi lukuportaikossa omalla soolokeikallaan. Tilaisuus Apilassa on maksuton.\n    <\/p>\n<p class=\"article__paragraph\">\n      Lis\u00e4tietoja tapahtumista saa Mars-festivaalin verkkosivuilta.\n    <\/p>\n<p>&#8221;Lavalle nousevat muun muassa Ylex L\u00e4pimurto 2025 -listalle ylt\u00e4nyt Ellimei.&#8221;<\/p>\n","protected":false},"excerpt":{"rendered":"Talvifestivaali Mars Live jalkautuu t\u00e4n\u00e4kin vuonna Apilan lukuportaikkoon. Kuva viime vuodelta. Kuva: MikaKivisaari Kaksip\u00e4iv\u00e4inen Mars-festivaali on musiikkialan tapahtuma,&hellip;\n","protected":false},"author":2,"featured_media":141061,"comment_status":"","ping_status":"","sticky":false,"template":"","format":"standard","meta":{"footnotes":""},"categories":[130],"tags":[137,33,31,30,32,109],"class_list":{"0":"post-141060","1":"post","2":"type-post","3":"status-publish","4":"format-standard","5":"has-post-thumbnail","7":"category-viihde","8":"tag-entertainment","9":"tag-fi","10":"tag-finland","11":"tag-finnish","12":"tag-suomi","13":"tag-viihde"},"share_on_mastodon":{"url":"https:\/\/pubeurope.com\/@fi\/115887141212894146","error":""},"_links":{"self":[{"href":"https:\/\/www.europesays.com\/fi\/wp-json\/wp\/v2\/posts\/141060","targetHints":{"allow":["GET"]}}],"collection":[{"href":"https:\/\/www.europesays.com\/fi\/wp-json\/wp\/v2\/posts"}],"about":[{"href":"https:\/\/www.europesays.com\/fi\/wp-json\/wp\/v2\/types\/post"}],"author":[{"embeddable":true,"href":"https:\/\/www.europesays.com\/fi\/wp-json\/wp\/v2\/users\/2"}],"replies":[{"embeddable":true,"href":"https:\/\/www.europesays.com\/fi\/wp-json\/wp\/v2\/comments?post=141060"}],"version-history":[{"count":0,"href":"https:\/\/www.europesays.com\/fi\/wp-json\/wp\/v2\/posts\/141060\/revisions"}],"wp:featuredmedia":[{"embeddable":true,"href":"https:\/\/www.europesays.com\/fi\/wp-json\/wp\/v2\/media\/141061"}],"wp:attachment":[{"href":"https:\/\/www.europesays.com\/fi\/wp-json\/wp\/v2\/media?parent=141060"}],"wp:term":[{"taxonomy":"category","embeddable":true,"href":"https:\/\/www.europesays.com\/fi\/wp-json\/wp\/v2\/categories?post=141060"},{"taxonomy":"post_tag","embeddable":true,"href":"https:\/\/www.europesays.com\/fi\/wp-json\/wp\/v2\/tags?post=141060"}],"curies":[{"name":"wp","href":"https:\/\/api.w.org\/{rel}","templated":true}]}}