{"id":141062,"date":"2026-01-13T09:45:11","date_gmt":"2026-01-13T09:45:11","guid":{"rendered":"https:\/\/www.europesays.com\/fi\/141062\/"},"modified":"2026-01-13T09:45:11","modified_gmt":"2026-01-13T09:45:11","slug":"tjareborg-suomessa-jo-60-vuotta","status":"publish","type":"post","link":"https:\/\/www.europesays.com\/fi\/141062\/","title":{"rendered":"Tj\u00e4reborg Suomessa jo 60 vuotta"},"content":{"rendered":"<p><strong><\/p>\n<p><strong>Perinteinen matkanj\u00e4rjest\u00e4j\u00e4 Tj\u00e4reborg on t\u00e4n\u00e4 vuonna toiminut Suomessa jo 60 vuotta. Suomen kolmanneksi suurin matkanj\u00e4rjest\u00e4j\u00e4 kuljetti vuonna 2025 etel\u00e4n aurinkoon noin 18,8 % Suomen matkatoimistoalan liiton tilastoimasta kokonaismatkustajam\u00e4\u00e4r\u00e4st\u00e4.\u00a0<\/strong><\/p>\n<p><\/strong><\/p>\n<p>Vuosi 2026 on Tj\u00e4reborgilla juhlavuosi, sill\u00e4 maaliskuussa tulee kuluneeksi 60 vuotta siit\u00e4, kun yhti\u00f6 aloitti Suomessa. Tanskalaisesta Tj\u00e6reborgin kyl\u00e4st\u00e4 nimens\u00e4 saanut yhti\u00f6 on nyky\u00e4\u00e4n osa Nordic Leisure Travel Groupia, johon kuuluvat sisaryhti\u00f6t Ving Ruotsissa ja Norjassa sek\u00e4 Spies Tanskassa.<\/p>\n<p>\u2013 Luotettavuus, pohjoismaisuus ja korkea asiakastyytyv\u00e4isyys ovat t\u00e4rkeit\u00e4 kulmakivi\u00e4 toiminnassamme. Omat hotellikonseptimme ja oma lentoyhti\u00f6mme Sunclass Airlines ovat ehdottomia vahvuuksiamme, sanoo <strong>Jessica Virtanen<\/strong>, Tj\u00e4reborgin maajohtaja.<\/p>\n<p>\u2013 Tuttu chartermatka on vuosien saatossa muuttunut joustavammaksi ja entist\u00e4 yksil\u00f6llisemm\u00e4ksi lomapalveluksi. Sen rinnalla yh\u00e4 merkitt\u00e4v\u00e4mp\u00e4\u00e4n rooliin ovat nousseet reittilennot ja majoituksen sis\u00e4lt\u00e4v\u00e4t paketit sellaisiin matkakohteisiin, joissa meill\u00e4 v\u00e4ltt\u00e4m\u00e4tt\u00e4 ole omaa henkil\u00f6kuntaa, sanoo Virtanen.<\/p>\n<p><strong>\u00a0<\/strong><\/p>\n<p><strong>Perinteiset suosikkikohteet hallitsevat edelleen<\/strong><\/p>\n<p>Tj\u00e4reborgin suosituimmat kohteet matkustajam\u00e4\u00e4rill\u00e4 mitattuna ovat pysyneet melko muuttumattomina jo pitk\u00e4\u00e4n: talvikaudella suurin kohde on Kanariansaaret ja kes\u00e4kaudella Kreikka houkuttaa eniten lomailijoita.<\/p>\n<p>\u2013 Suurien kohteiden ohella Egyptin Hurgada on ik\u00e4\u00e4n kuin kokoaan suositumpi, eli matkat varataan jo aikaisin, ja samaa voi sanoa Kosin saaresta Kreikassa, kertoo Virtanen.<\/p>\n<p>Vaikka kuluttajaluottamus on ajoittain heikentynyt ja moni kokee taloudellista ep\u00e4varmuutta, matkustushalu on s\u00e4ilynyt vahvana eik\u00e4 lomamatkoista hevin tingit\u00e4.<\/p>\n<p>\u2013 Sanoisin, ett\u00e4 meill\u00e4 se ilmenee jopa niin, ett\u00e4 asiakkaat eiv\u00e4t ensisijaisesti hae halpaa vaan hyv\u00e4\u00e4. Esimerkiksi erilaiset lis\u00e4palvelut, kuten lis\u00e4jalkatila lennoilla, suora p\u00e4\u00e4sy terassilta uima-altaaseen ja tasokkaammat hotellit ovat entist\u00e4 kysytympi\u00e4. Lomapaketti halutaan viimeistell\u00e4 oman maun mukaiseksi ja saada n\u00e4in paras vastine rahalliselle satsaukselle, sanoo Virtanen.<\/p>\n","protected":false},"excerpt":{"rendered":"Perinteinen matkanj\u00e4rjest\u00e4j\u00e4 Tj\u00e4reborg on t\u00e4n\u00e4 vuonna toiminut Suomessa jo 60 vuotta. Suomen kolmanneksi suurin matkanj\u00e4rjest\u00e4j\u00e4 kuljetti vuonna 2025&hellip;\n","protected":false},"author":2,"featured_media":141063,"comment_status":"","ping_status":"","sticky":false,"template":"","format":"standard","meta":{"footnotes":""},"categories":[76],"tags":[79,77,33,31,30,32,78],"class_list":{"0":"post-141062","1":"post","2":"type-post","3":"status-publish","4":"format-standard","5":"has-post-thumbnail","7":"category-talous","8":"tag-business","9":"tag-economy","10":"tag-fi","11":"tag-finland","12":"tag-finnish","13":"tag-suomi","14":"tag-talous"},"share_on_mastodon":{"url":"https:\/\/pubeurope.com\/@fi\/115887153084825158","error":""},"_links":{"self":[{"href":"https:\/\/www.europesays.com\/fi\/wp-json\/wp\/v2\/posts\/141062","targetHints":{"allow":["GET"]}}],"collection":[{"href":"https:\/\/www.europesays.com\/fi\/wp-json\/wp\/v2\/posts"}],"about":[{"href":"https:\/\/www.europesays.com\/fi\/wp-json\/wp\/v2\/types\/post"}],"author":[{"embeddable":true,"href":"https:\/\/www.europesays.com\/fi\/wp-json\/wp\/v2\/users\/2"}],"replies":[{"embeddable":true,"href":"https:\/\/www.europesays.com\/fi\/wp-json\/wp\/v2\/comments?post=141062"}],"version-history":[{"count":0,"href":"https:\/\/www.europesays.com\/fi\/wp-json\/wp\/v2\/posts\/141062\/revisions"}],"wp:featuredmedia":[{"embeddable":true,"href":"https:\/\/www.europesays.com\/fi\/wp-json\/wp\/v2\/media\/141063"}],"wp:attachment":[{"href":"https:\/\/www.europesays.com\/fi\/wp-json\/wp\/v2\/media?parent=141062"}],"wp:term":[{"taxonomy":"category","embeddable":true,"href":"https:\/\/www.europesays.com\/fi\/wp-json\/wp\/v2\/categories?post=141062"},{"taxonomy":"post_tag","embeddable":true,"href":"https:\/\/www.europesays.com\/fi\/wp-json\/wp\/v2\/tags?post=141062"}],"curies":[{"name":"wp","href":"https:\/\/api.w.org\/{rel}","templated":true}]}}