{"id":141064,"date":"2026-01-13T09:46:08","date_gmt":"2026-01-13T09:46:08","guid":{"rendered":"https:\/\/www.europesays.com\/fi\/141064\/"},"modified":"2026-01-13T09:46:08","modified_gmt":"2026-01-13T09:46:08","slug":"elina-valtonen-kutsuu-iranin-suurlahettilaan-puhutteluun","status":"publish","type":"post","link":"https:\/\/www.europesays.com\/fi\/141064\/","title":{"rendered":"Elina Valtonen kutsuu Iranin suurl\u00e4hettil\u00e4\u00e4n puhutteluun"},"content":{"rendered":"<p>Valtosen mukaan Suomi valmistelee yhdess\u00e4 Euroopan unionin kanssa toimia Irania vastaan.<\/p>\n<p class=\"article-body mb-nof-24 px-nof-16\">Ulkoministeri <a class=\"font-bold underline-offset-[0.12em] [text-decoration:var(--person-link-text-decoration)] ![text-decoration-color:var(--person-link-text-decoration-color)]\" href=\"https:\/\/www.is.fi\/haku\/?query=Elina%20Valtonen\" rel=\"nofollow noopener\" target=\"_blank\">Elina Valtonen<\/a> (kok) on kutsunut Iranin suurl\u00e4hettil\u00e4\u00e4n puhutteluun vastauksena Iranin viranomaisten m\u00e4\u00e4r\u00e4\u00e4m\u00e4\u00e4n internetkatkoon ja mielenosoitusten tukahduttamiseen.<\/p>\n<p class=\"article-body mb-nof-24 px-nof-16\">Valtosen mukaan Suomi valmistelee yhdess\u00e4 Euroopan unionin kanssa toimia Irania vastaan.<\/p>\n<p class=\"article-body mb-nof-24 px-nof-16\">\u2013 Olen kutsunut Iranin suurl\u00e4hettil\u00e4\u00e4n puhutteluun t\u00e4ksi aamuksi. Suomi valmistelee yhdess\u00e4 EU:n kanssa toimia, joilla edist\u00e4mme vapautta Iranin kansalle, Valtonen kirjoitti.<\/p>\n<p class=\"article-body mb-nof-24 px-nof-16\">Valtonen kirjoitti asiasta viestipalvelu X:ss\u00e4.<\/p>\n<p class=\"article-body mb-nof-24 px-nof-16\">\u2013 Iranin hallinto on sulkenut internetin jatkaakseen sortoa katseilta piilossa. T\u00e4t\u00e4 emme hyv\u00e4ksy. Seisomme Iranin kansan rinnalla \u2013 niin naisten kuin miesten, Valtonen kirjoitti.<\/p>\n<p class=\"article-body mb-nof-24 px-nof-16\">Iranin kolmatta viikkoa jatkuneissa mielenosoituksissa on ihmisoikeusj\u00e4rjest\u00f6jen arvion mukaan kuollut satoja mielenosoittajia. Mielenosoitukset alkoivat 28. joulukuuta reaktiona maan valuutan rialin heikentymiseen ja elintarvikkeiden hintojen rajuun nousuun.<\/p>\n<p class=\"article-body mb-nof-24 px-nof-16\">Tarkkoja tietoja maan tilanteesta on vaikea saada katkaistujen internetyhteyksien takia.<\/p>\n<p class=\"article-body mb-nof-24 px-nof-16\">Suomen presidentti <a class=\"font-bold underline-offset-[0.12em] [text-decoration:var(--person-link-text-decoration)] ![text-decoration-color:var(--person-link-text-decoration-color)]\" href=\"https:\/\/www.is.fi\/haku\/?query=Alexander%20Stubb\" rel=\"nofollow noopener\" target=\"_blank\">Alexander Stubb<\/a> ilmaisi sunnuntaina tukensa mielenosoittajille.<\/p>\n<p class=\"article-body mb-nof-24 px-nof-16\">\u2013 Vaadimme Iranin hallintoa pid\u00e4tt\u00e4ytym\u00e4\u00e4n v\u00e4kivallasta omia kansalaisiaan kohtaan ja kunnioittamaan iranilaisten sananvapautta ja oikeutta rauhanomaiseen kokoontumiseen, Stubb viestitti.<\/p>\n","protected":false},"excerpt":{"rendered":"Valtosen mukaan Suomi valmistelee yhdess\u00e4 Euroopan unionin kanssa toimia Irania vastaan. Ulkoministeri Elina Valtonen (kok) on kutsunut Iranin&hellip;\n","protected":false},"author":2,"featured_media":141065,"comment_status":"","ping_status":"","sticky":false,"template":"","format":"standard","meta":{"footnotes":""},"categories":[14],"tags":[22,23,26,27,33,31,30,17,34,24,25,28,29,15,18,21,32,19,20,56,16,59,60,61],"class_list":{"0":"post-141064","1":"post","2":"type-post","3":"status-publish","4":"format-standard","5":"has-post-thumbnail","7":"category-ulkomaat","8":"tag-breaking-news","9":"tag-breakingnews","10":"tag-featured-news","11":"tag-featurednews","12":"tag-fi","13":"tag-finland","14":"tag-finnish","15":"tag-headlines","16":"tag-ilta-sanomat","17":"tag-latest-news","18":"tag-latestnews","19":"tag-main-news","20":"tag-mainnews","21":"tag-news","22":"tag-otsikot","23":"tag-paauutiset","24":"tag-suomi","25":"tag-top-stories","26":"tag-topstories","27":"tag-ulkomaat","28":"tag-uutiset","29":"tag-world","30":"tag-world-news","31":"tag-worldnews"},"share_on_mastodon":{"url":"https:\/\/pubeurope.com\/@fi\/115887157054695410","error":""},"_links":{"self":[{"href":"https:\/\/www.europesays.com\/fi\/wp-json\/wp\/v2\/posts\/141064","targetHints":{"allow":["GET"]}}],"collection":[{"href":"https:\/\/www.europesays.com\/fi\/wp-json\/wp\/v2\/posts"}],"about":[{"href":"https:\/\/www.europesays.com\/fi\/wp-json\/wp\/v2\/types\/post"}],"author":[{"embeddable":true,"href":"https:\/\/www.europesays.com\/fi\/wp-json\/wp\/v2\/users\/2"}],"replies":[{"embeddable":true,"href":"https:\/\/www.europesays.com\/fi\/wp-json\/wp\/v2\/comments?post=141064"}],"version-history":[{"count":0,"href":"https:\/\/www.europesays.com\/fi\/wp-json\/wp\/v2\/posts\/141064\/revisions"}],"wp:featuredmedia":[{"embeddable":true,"href":"https:\/\/www.europesays.com\/fi\/wp-json\/wp\/v2\/media\/141065"}],"wp:attachment":[{"href":"https:\/\/www.europesays.com\/fi\/wp-json\/wp\/v2\/media?parent=141064"}],"wp:term":[{"taxonomy":"category","embeddable":true,"href":"https:\/\/www.europesays.com\/fi\/wp-json\/wp\/v2\/categories?post=141064"},{"taxonomy":"post_tag","embeddable":true,"href":"https:\/\/www.europesays.com\/fi\/wp-json\/wp\/v2\/tags?post=141064"}],"curies":[{"name":"wp","href":"https:\/\/api.w.org\/{rel}","templated":true}]}}