{"id":141066,"date":"2026-01-13T09:47:09","date_gmt":"2026-01-13T09:47:09","guid":{"rendered":"https:\/\/www.europesays.com\/fi\/141066\/"},"modified":"2026-01-13T09:47:09","modified_gmt":"2026-01-13T09:47:09","slug":"tasavallan-presidentti-alexander-stubb-avaa-euroopan-kulttuuripaakaupunkivuoden-oulussa-viikonlopun","status":"publish","type":"post","link":"https:\/\/www.europesays.com\/fi\/141066\/","title":{"rendered":"Tasavallan pre\u00adsi\u00addent\u00adti Ale\u00adxan\u00adder Stubb avaa Eu\u00adroo\u00adpan kult\u00adtuu\u00adri\u00adp\u00e4\u00e4\u00adkau\u00adpun\u00adki\u00advuo\u00adden Oulussa \u2013 viikonlopun aikana koettavissa l\u00e4hes 200 tapahtumaa"},"content":{"rendered":"<p>    <img decoding=\"async\" class=\"responsive-image article__image-image lozad\"   src=\"https:\/\/www.europesays.com\/fi\/wp-content\/uploads\/2026\/01\/-07fKxjGntKC6Fwq1vCS2R9vqI0n188i97FkY0-0clSeGa2suoGYFPp-gO1UBkkFdaMAnjPfSWhL7FqQpTFfC9Xbxd3RgirzM4T-.jpeg\" alt=\"Tasavallan presidentti Alexander Stubb avaa Oulun kulttuurip\u00e4\u00e4kaupunkivuoden perjantaina 16. tammikuuta kauppatorilla.\"\/><\/p>\n<p>\n                Tasavallan presidentti Alexander Stubb avaa Oulun kulttuurip\u00e4\u00e4kaupunkivuoden perjantaina 16. tammikuuta kauppatorilla.\n              <\/p>\n<p>\n                Kuva: Harri Tarvainen\n              <\/p>\n<p class=\"article__paragraph\">\n      Tasavallan presidentti\u202fAlexander Stubb\u202favaa Oulun kulttuurip\u00e4\u00e4kaupunkivuoden perjantaina 16. tammikuuta 2026. Presidentti pit\u00e4\u00e4 puheenvuoron avaushetkess\u00e4 klo 16 Oulun kauppatorilla.\n    <\/p>\n<p class=\"article__paragraph\">\n      Oulun vierailullaan h\u00e4n tutustuu Keskustakirjasto Saaressa Lastenkulttuurikeskus Kotiloon ja Oulun taidemuseon\u202fEanangiella \u2013\u202fMaan kieli -saamelaisen taiteen ja duodjin\u202fsuurn\u00e4yttelyyn.\u202f\u202fLis\u00e4ksi presidentti vierailee Fotografiska\u202fTallinnan\u202fPLAY-n\u00e4yttelyss\u00e4.\n    <\/p>\n<p class=\"article__paragraph\">\n      Oulun kaupunginjohtaja\u202fAri Alatossava\u202fpit\u00e4\u00e4 eritt\u00e4in merkityksellisen\u00e4 ja arvokkaana asiana sit\u00e4, ett\u00e4 presidentti saapuu Ouluun.\n    <\/p>\n<p class=\"article__paragraph\">\n      &#8221;Euroopan kulttuurip\u00e4\u00e4kaupunkivuosi alkaa arvokkaimmalla mahdollisella tavalla, kun kansainv\u00e4lisess\u00e4 diplomatiassa profiloitunut presidentti Stubb avaa juhlavuoden. Euroopan kulttuurip\u00e4\u00e4kaupunkivuosi vahvistaa Oulun asemaa kulttuurin, innovaatioiden ja pohjoisen elinvoiman keskuksena ja Oulu tunnetaan entist\u00e4kin paremmin Euroopassa ja maailmalla&#8221;, Alatossava sanoo.\n    <\/p>\n<p>      Turun joulurauhan julistaja Mika Akkanen julistaa Oulu-rauhan<\/p>\n<p class=\"article__paragraph\">\n      Presidentin puheenvuoron j\u00e4lkeen perinteisen Turun joulurauhan julistaja\u202fMika Akkanen\u202fjulistaa Oulu-rauhan. Turku on edellinen suomalainen Euroopan kulttuurip\u00e4\u00e4kaupunki vuodelta 2011. Akkanen on Turun kansainv\u00e4listen asioiden protokollap\u00e4\u00e4llikk\u00f6.\n    <\/p>\n<p class=\"article__paragraph\">\n      Paikoillanne, valmiit, Oulu!\u202fon Avajaisfestareiden ja samalla koko juhlavuoden avaushetki perjantaina klo 16 Oulun kauppatorilla. Lavalle presidentti Stubbin ja Akkasen lis\u00e4ksi nousevat muun muassa\u202fTurun pormestari\u202fPiia Elo\u202fja Oulun kaupunginjohtaja Ari Alatossava,\u202fMieskuoro Huutajat\u202fja\u202fSaara Aalto. Siit\u00e4 alkaa koko viikonlopun kest\u00e4v\u00e4 Oulu2026-Avajaisfestarit.\n    <\/p>\n<p class=\"article__paragraph\">\n      Avaushetki striimataan ja sit\u00e4 voi seurata Oulu2026-verkkosivujen lis\u00e4ksi Valkean ja Rotuaarin n\u00e4yt\u00f6ilt\u00e4.\n    <\/p>\n<p>    <img decoding=\"async\" class=\"responsive-image article__image-image lozad\"   src=\"https:\/\/www.europesays.com\/fi\/wp-content\/uploads\/2026\/01\/YnDDV6T6eSYLlHdwH-zf3nkaTWhmsyGNbE7n5hzQw0g2bctDy_4eOkDr8GUs-bS2maLpQcyyuq6cGllHEMiILPOOE9dmOZ5VPSmC.jpeg\" alt=\"My\u00f6s Saara Aalto nousee lavalle perjantaina klo 16 Oulun kauppatorilla.\"\/><\/p>\n<p>\n                My\u00f6s Saara Aalto nousee lavalle perjantaina klo 16 Oulun kauppatorilla.\n              <\/p>\n<p>\n                Kuva: Lauri Laukkanen\n              <\/p>\n<p>      L\u00e4hes 200 tapahtumaa koettavissa Avajaisfestareilla<\/p>\n<p class=\"article__paragraph\">\n      Oulun keskusta muuttuu kolmen p\u00e4iv\u00e4n ajaksi monipuolisten tapahtumien n\u00e4ytt\u00e4m\u00f6ksi. Valtaosa ohjelmasta on p\u00e4\u00e4symaksutonta ja kaikille avointa. Avajaisfestareilla on luvassa valtavasti ohjelmaa useassa eri tapahtumapaikassa, joten vierailla kannattaa useamman kerran. K\u00e4vij\u00f6ille l\u00f6ytyy vaihtoehtoja konserteista kiekkoiluun, akrobatiasta autojen tuunaamiseen, paneeleista pubivisaan ja taiden\u00e4yttelyist\u00e4 tamppausbileisiin.\n    <\/p>\n<p class=\"article__paragraph\">\n      Festareilla voi liikkua esityksest\u00e4 toiseen, poiketa mukaan vain hetkeksi tai viipyill\u00e4 yhdess\u00e4 paikassa kaikessa rauhassa pitemp\u00e4\u00e4n. Ohjelmaan kannattaa tutustua etuk\u00e4teen ja suunnitella omat reittins\u00e4 juuri itselle mielenkiintoisimpien tapahtumien mukaan. Avajaisfestareiden aikana keskustassa on mahdotonta olla t\u00f6rm\u00e4\u00e4m\u00e4tt\u00e4 juhlahumuun.\n    <\/p>\n<p class=\"article__paragraph\">\n      Avajaisfestareille saapuvaa yleis\u00f6\u00e4 kehotetaan hy\u00f6dynt\u00e4m\u00e4\u00e4n julkisia kulkuyhteyksi\u00e4 ja varaamaan riitt\u00e4v\u00e4sti aikaa liikkumiseen.\n    <\/p>\n<p class=\"article__paragraph\">\n      Oulurauhanjulistuksen voi lukea Oulu2026-verkkosivuilta julistuksen j\u00e4lkeen.\n    <\/p>\n<p>      Poimi vinkit onnistuneeseen festariviikonloppuun <a class=\"js-external-link\" href=\"https:\/\/oulu2026.eu\/poimi-vinkit-onnistuneeseen-festariviikonloppuun\/\" rel=\"sponsored nofollow noopener\" target=\"_blank\">Oulu2026-sivulta<\/a>!<\/p>\n","protected":false},"excerpt":{"rendered":"Tasavallan presidentti Alexander Stubb avaa Oulun kulttuurip\u00e4\u00e4kaupunkivuoden perjantaina 16. tammikuuta kauppatorilla. Kuva: Harri Tarvainen Tasavallan presidentti\u202fAlexander Stubb\u202favaa Oulun&hellip;\n","protected":false},"author":2,"featured_media":141067,"comment_status":"","ping_status":"","sticky":false,"template":"","format":"standard","meta":{"footnotes":""},"categories":[12],"tags":[22,23,26,27,33,31,30,17,24,25,28,29,15,18,21,32,19,20,16],"class_list":{"0":"post-141066","1":"post","2":"type-post","3":"status-publish","4":"format-standard","5":"has-post-thumbnail","7":"category-suomi","8":"tag-breaking-news","9":"tag-breakingnews","10":"tag-featured-news","11":"tag-featurednews","12":"tag-fi","13":"tag-finland","14":"tag-finnish","15":"tag-headlines","16":"tag-latest-news","17":"tag-latestnews","18":"tag-main-news","19":"tag-mainnews","20":"tag-news","21":"tag-otsikot","22":"tag-paauutiset","23":"tag-suomi","24":"tag-top-stories","25":"tag-topstories","26":"tag-uutiset"},"share_on_mastodon":{"url":"https:\/\/pubeurope.com\/@fi\/115887160975030269","error":""},"_links":{"self":[{"href":"https:\/\/www.europesays.com\/fi\/wp-json\/wp\/v2\/posts\/141066","targetHints":{"allow":["GET"]}}],"collection":[{"href":"https:\/\/www.europesays.com\/fi\/wp-json\/wp\/v2\/posts"}],"about":[{"href":"https:\/\/www.europesays.com\/fi\/wp-json\/wp\/v2\/types\/post"}],"author":[{"embeddable":true,"href":"https:\/\/www.europesays.com\/fi\/wp-json\/wp\/v2\/users\/2"}],"replies":[{"embeddable":true,"href":"https:\/\/www.europesays.com\/fi\/wp-json\/wp\/v2\/comments?post=141066"}],"version-history":[{"count":0,"href":"https:\/\/www.europesays.com\/fi\/wp-json\/wp\/v2\/posts\/141066\/revisions"}],"wp:featuredmedia":[{"embeddable":true,"href":"https:\/\/www.europesays.com\/fi\/wp-json\/wp\/v2\/media\/141067"}],"wp:attachment":[{"href":"https:\/\/www.europesays.com\/fi\/wp-json\/wp\/v2\/media?parent=141066"}],"wp:term":[{"taxonomy":"category","embeddable":true,"href":"https:\/\/www.europesays.com\/fi\/wp-json\/wp\/v2\/categories?post=141066"},{"taxonomy":"post_tag","embeddable":true,"href":"https:\/\/www.europesays.com\/fi\/wp-json\/wp\/v2\/tags?post=141066"}],"curies":[{"name":"wp","href":"https:\/\/api.w.org\/{rel}","templated":true}]}}