{"id":141068,"date":"2026-01-13T09:48:11","date_gmt":"2026-01-13T09:48:11","guid":{"rendered":"https:\/\/www.europesays.com\/fi\/141068\/"},"modified":"2026-01-13T09:48:11","modified_gmt":"2026-01-13T09:48:11","slug":"katedralskolan-suomen-vanhin-koulu-viettaa-750-vuotisjuhlaa-vuonna-2026","status":"publish","type":"post","link":"https:\/\/www.europesays.com\/fi\/141068\/","title":{"rendered":"Katedralskolan, Suomen vanhin koulu, viett\u00e4\u00e4 750-vuotisjuhlaa vuonna 2026"},"content":{"rendered":"<p>\u2013 Juhlavuosi ei ole vain Katedralskolanin merkkivuosi, vaan vuosi, jolloin juhlimme Suomen sivistyst\u00e4. 750-vuotias Katedralskolan on Suomen vanhin koulu, ja se on my\u00f6s luonut perustan suomalaiselle sivistykselle ja koulutusj\u00e4rjestelm\u00e4llemme. Vuoden aikana nostamme erilaisten tapahtumien kautta esiin sek\u00e4 historiamme, tulevaisuutemme ett\u00e4 ajan, jossa el\u00e4mme juuri nyt. Edess\u00e4 on sivistyksen, oppimisen ja tulevaisuudenuskon vuosi niin opiskelijoille, alumneille kuin turkulaisillekin, sanoo Katedralskolanin rehtori <strong>Marianne P\u00e4rn\u00e4nen<\/strong>.<\/p>\n<p>Juhlavuosi k\u00e4ynnistyy 14. tammikuuta juhlamuistolaatan paljastamisella Katedralskolanin sis\u00e4\u00e4nk\u00e4ynnill\u00e4. Muistojuhlalaatta paljastetaan kello 18 Turun kaupungin lasten ja nuorten palvelukokonaisuuden avainhenkil\u00f6iden, emeritus rehtori <strong>Bertel Wahlstr\u00f6min<\/strong> ja ministeri<strong> Christoffer Taxellin<\/strong> l\u00e4sn\u00e4ollessa.<\/p>\n<p>Samana iltana kello 19 opiskelijamusikaali Bekanta fr\u00e4mlingar esitet\u00e4\u00e4n \u00c5bo Svenska Teaterissa. Musikaali on historiallinen kavalkadi, jossa Mikael Agricola johdattaa yleis\u00f6n 750 vuoden mittaiselle matkalle historiasta nykyp\u00e4iv\u00e4\u00e4n saakka. Musikaalin ovat kirjoittaneet, ohjanneet ja esitt\u00e4v\u00e4t lukion opiskelijat. Iltaesityksen 14. tammikuuta lis\u00e4ksi j\u00e4rjestet\u00e4\u00e4n viisi koulun\u00e4yt\u00f6st\u00e4 seudun ruotsin- ja suomenkielisille yl\u00e4kouluille ja lukioille.<\/p>\n<p>Suomalaisen sivistyksen perusta<\/p>\n<p>Katedralskolan perustettin vuonna 1276, jolloin luotiin my\u00f6s perusta suomalaiselle sivistykselle. Sek\u00e4 \u00c5bo Akademilla ett\u00e4 Helsingin yliopistolla on juurensa katedraalikoulussa. Nyky\u00e4\u00e4n koulu on Turun kaupungin ruotsinkielinen lukio.<\/p>\n<p>\u2013 Olemme valtavan ylpeit\u00e4 Suomen vanhimman koulun historiasta, joka kantaa mukanaan suomalaisen sivistyksen juuria. Koululla on ollut aina ja on edelleen iso merkitys Turulle ja koko Suomelle. Onnittelemme Katedralskolania, joka on tuonut koulutuksen kunniakkaasti t\u00e4h\u00e4n p\u00e4iv\u00e4\u00e4n ja toivomme sille uusia menestyksekk\u00e4it\u00e4 vuosisatoja, sanoo <strong>Elina Rantanen<\/strong>, Turun apulaispormestari.<\/p>\n<p>750-vuotisjuhlaa vietet\u00e4\u00e4n l\u00e4pi vuoden erilaisin tapahtumin. Muun muassa 7. helmikuuta opetusministeri <strong>Anders Adlercreutz <\/strong>vihkii Henrik Tempilin polun k\u00e4ytt\u00f6\u00f6n Porthaninpuistossa. Kutsuvieraille tarkoitettu p\u00e4\u00e4juhla j\u00e4rjestet\u00e4\u00e4n musiikkitalo Fuugassa 19. marraskuuta.<\/p>\n","protected":false},"excerpt":{"rendered":"\u2013 Juhlavuosi ei ole vain Katedralskolanin merkkivuosi, vaan vuosi, jolloin juhlimme Suomen sivistyst\u00e4. 750-vuotias Katedralskolan on Suomen vanhin&hellip;\n","protected":false},"author":2,"featured_media":141069,"comment_status":"","ping_status":"","sticky":false,"template":"","format":"standard","meta":{"footnotes":""},"categories":[5],"tags":[22,23,26,27,33,31,30,17,24,25,28,29,15,18,21,32,19,20,16],"class_list":{"0":"post-141068","1":"post","2":"type-post","3":"status-publish","4":"format-standard","5":"has-post-thumbnail","7":"category-otsikot","8":"tag-breaking-news","9":"tag-breakingnews","10":"tag-featured-news","11":"tag-featurednews","12":"tag-fi","13":"tag-finland","14":"tag-finnish","15":"tag-headlines","16":"tag-latest-news","17":"tag-latestnews","18":"tag-main-news","19":"tag-mainnews","20":"tag-news","21":"tag-otsikot","22":"tag-paauutiset","23":"tag-suomi","24":"tag-top-stories","25":"tag-topstories","26":"tag-uutiset"},"share_on_mastodon":{"url":"https:\/\/pubeurope.com\/@fi\/115887164907009996","error":""},"_links":{"self":[{"href":"https:\/\/www.europesays.com\/fi\/wp-json\/wp\/v2\/posts\/141068","targetHints":{"allow":["GET"]}}],"collection":[{"href":"https:\/\/www.europesays.com\/fi\/wp-json\/wp\/v2\/posts"}],"about":[{"href":"https:\/\/www.europesays.com\/fi\/wp-json\/wp\/v2\/types\/post"}],"author":[{"embeddable":true,"href":"https:\/\/www.europesays.com\/fi\/wp-json\/wp\/v2\/users\/2"}],"replies":[{"embeddable":true,"href":"https:\/\/www.europesays.com\/fi\/wp-json\/wp\/v2\/comments?post=141068"}],"version-history":[{"count":0,"href":"https:\/\/www.europesays.com\/fi\/wp-json\/wp\/v2\/posts\/141068\/revisions"}],"wp:featuredmedia":[{"embeddable":true,"href":"https:\/\/www.europesays.com\/fi\/wp-json\/wp\/v2\/media\/141069"}],"wp:attachment":[{"href":"https:\/\/www.europesays.com\/fi\/wp-json\/wp\/v2\/media?parent=141068"}],"wp:term":[{"taxonomy":"category","embeddable":true,"href":"https:\/\/www.europesays.com\/fi\/wp-json\/wp\/v2\/categories?post=141068"},{"taxonomy":"post_tag","embeddable":true,"href":"https:\/\/www.europesays.com\/fi\/wp-json\/wp\/v2\/tags?post=141068"}],"curies":[{"name":"wp","href":"https:\/\/api.w.org\/{rel}","templated":true}]}}