{"id":14107,"date":"2025-08-23T13:33:08","date_gmt":"2025-08-23T13:33:08","guid":{"rendered":"https:\/\/www.europesays.com\/fi\/14107\/"},"modified":"2025-08-23T13:33:08","modified_gmt":"2025-08-23T13:33:08","slug":"viivi-saa-varsinkin-yhdenlaista-palautetta-moni-on-yllattynyt-siita","status":"publish","type":"post","link":"https:\/\/www.europesays.com\/fi\/14107\/","title":{"rendered":"Viivi saa varsinkin yhdenlaista palautetta: \u201dMoni on yll\u00e4ttynyt siit\u00e4\u201d"},"content":{"rendered":"<p>\n            VAIN EL\u00c4M\u00c4\u00c4. Viivi. ATTE KAJOVA.<br \/>\n            ATTE KAJOVA\n        <\/p>\n<p class=\"subtitle \">Vain el\u00e4m\u00e4\u00e4 -kaudella n\u00e4ht\u00e4v\u00e4 Viivi nautti kuunnella Pelle Miljoonan tarinoita.<\/p>\n<p class=\"article-content article-content-width !bg-background\">Muun muassa Uuden musiikin kilpailusta tuttu  on yksi t\u00e4m\u00e4n syksyn Vain el\u00e4m\u00e4\u00e4 -artisteista. 26-vuotias Viivi on t\u00e4m\u00e4n kauden nuorin laulaja.\u00a0<\/p>\n<p class=\"article-content article-content-width !bg-background\">Viivi on varsinkin nuorison keskuudessa iso nimi, mutta artisti tiedostaa itsekin, ett\u00e4 kaikki eiv\u00e4t h\u00e4nt\u00e4 v\u00e4ltt\u00e4m\u00e4tt\u00e4 tunne.<\/p>\n<p class=\"article-content article-content-width !bg-background\">\u2013 Moni on varmasti kuullut kappaleitani radiossa, mutta eiv\u00e4t osaa yhdist\u00e4\u00e4 minua t\u00e4h\u00e4n l\u00e4rviin. Ohjelmaan l\u00e4htemisen yksi suurimmista motiiveista olikin se, ett\u00e4 saisin itse\u00e4ni v\u00e4h\u00e4n tutummaksi massoille, Viivi kertoo.<\/p>\n<p>        <a itemprop=\"url\" href=\"https:\/\/www.seiska.fi\/katso\/kaarijan-temppu-jarkytti-johannes-brotherusta-shokissa\/1906220\" rel=\"nofollow noopener\" target=\"_blank\"><\/p>\n<p>\nJohannes Brotherus\n<\/p>\n<p class=\"section-date\">\n        <strong class=\"article-section\" data-section=\"katso\"><br \/>\n            katso<br \/>\n        <\/strong><br \/>\n        21.8. 13:15\n    <\/p>\n<p>    K\u00e4\u00e4rij\u00e4n temppu j\u00e4rkytti Johannes Brotherusta: \u201dShokissa!\u201d<\/p>\n<p itemprop=\"description\" class=\"subtitle \">\n    Kuumaa-laulaja Johannes Brotherus ei halunnut k\u00e4ytt\u00e4\u00e4 n\u00e4yttelij\u00e4n lahjojaan Vain el\u00e4m\u00e4\u00e4 -leirill\u00e4.\n<\/p>\n<p>        <\/a><\/p>\n<p class=\"article-content article-content-width !bg-background\">\u2013 Muiden kappaleita versioimalla sain n\u00e4ytt\u00e4\u00e4 my\u00f6s itsest\u00e4ni monenlaisia eri puolia. Samalla astuin monta kertaa ep\u00e4mukavuusalueelleni laulajana. En halunnut tehd\u00e4 kappaleista suoria kopioita, vaan paneutuneita versioita, Viivi kertoo.<\/p>\n<p>\u201dH\u00f6lm\u00f6 savolainen\u201d<\/p>\n<p class=\"article-content article-content-width !bg-background\">Tietty kahtiajakoinen suhde yleis\u00f6\u00f6n n\u00e4kyy ja kuuluu my\u00f6s siin\u00e4, millaista palautetta Viivi saa faneiltaan.<\/p>\n<p class=\"article-content article-content-width !bg-background\">\u2013 Minun kappaleissanihan on aika syv\u00e4llist\u00e4 asiaa ja on j\u00e4rk\u00e4lem\u00e4isi\u00e4 rakkauslauluja. Ihmisi\u00e4 tavatessa moni on ollut yll\u00e4ttynyt siit\u00e4, ett\u00e4 persoonana puolestani olen t\u00e4llainen v\u00e4h\u00e4n h\u00f6lm\u00f6 ja paljon puhuva savolainen, Joroisista kotoisin oleva Viivi nauraa.<\/p>\n<p>        <a itemprop=\"url\" href=\"https:\/\/www.seiska.fi\/katso\/vain-elamaa-kaarija-rikkoi-salaisen-sopimuksen\/1904779\" rel=\"nofollow noopener\" target=\"_blank\"><\/p>\n<p>\nVain el\u00e4m\u00e4\u00e4\n<\/p>\n<p class=\"section-date\">\n        <strong class=\"article-section\" data-section=\"katso\"><br \/>\n            katso<br \/>\n        <\/strong><br \/>\n        20.8. 12:15\n    <\/p>\n<p>    Vain el\u00e4m\u00e4\u00e4: K\u00e4\u00e4rij\u00e4 rikkoi salaisen sopimuksen<\/p>\n<p itemprop=\"description\" class=\"subtitle \">\n    K\u00e4\u00e4rij\u00e4 kielt\u00e4ytyi useita kertoja tarjouksesta l\u00e4hte\u00e4 mukaan Vain el\u00e4m\u00e4\u00e4 -ohjelmaan.\n<\/p>\n<p>        <\/a><\/p>\n<p class=\"article-content article-content-width !bg-background\">Ennen Vain el\u00e4m\u00e4\u00e4 -kuvauksia Viivi tosin j\u00e4nnitin, ett\u00e4 meneek\u00f6 h\u00e4n ihan jumiin kokeneiden artistien keskell\u00e4.<\/p>\n<p class=\"article-content article-content-width !bg-background\">\u2013 Sellaiset ajatukset loppuivat heti, kun p\u00e4\u00e4simme samaan bussiin matkalla leirille. Oli mahtava kuunnella esimerkiksi  tarinoita siit\u00e4, kuinka h\u00e4n on kasvanut artistina ja tehnyt kymmeni\u00e4 levyj\u00e4. Tuli v\u00e4h\u00e4n perspektiivi\u00e4 n\u00e4ihin touhuihin, kun itsell\u00e4 on vasta yksi levy tehtyn\u00e4, Viivi kertoo.<\/p>\n<p class=\"italic m-italic article-content article-content-width !bg-background\">Vain el\u00e4m\u00e4\u00e4 alkaa Ruudussa ja Nelosella perjantaina 5.9. kello 20.00.<\/p>\n<p>                <img loading=\"lazy\" decoding=\"async\" src=\"https:\/\/www.europesays.com\/fi\/wp-content\/uploads\/2025\/08\/1908112.webp\" width=\"576\" height=\"274\" alt=\"Vuoden 2025 Vain el\u00e4m\u00e4\u00e4 -kauteen osallistuvat Pelle Miljoona, Mikki Kauste, Jonna Tervomaa, Lauri Haav, Johannes Brotherus, K\u00e4\u00e4rij\u00e4, Vesta ja Viivi.\" \/>            <\/p>\n<p>\n            Vuoden 2025 Vain el\u00e4m\u00e4\u00e4 -kauteen osallistuvat Pelle Miljoona, Mikki Kauste, Jonna Tervomaa, Lauri Haav, Johannes Brotherus, K\u00e4\u00e4rij\u00e4, Vesta ja Viivi.<br \/>\n            ATTE KAJOVA\n        <\/p>\n<p>        <a itemprop=\"url\" href=\"https:\/\/www.seiska.fi\/katso\/kommentti-yksi-umk-kappale-on-kiistattomasti-paras\/1584405\" rel=\"nofollow noopener\" target=\"_blank\"><\/p>\n<p class=\"section-date\">\n        <strong class=\"article-section\" data-section=\"katso\"><br \/>\n            katso<br \/>\n        <\/strong><br \/>\n        17.1. 16:07\n    <\/p>\n<p>    Kommentti: Yksi UMK-kappale on kiistattomasti paras<\/p>\n<p itemprop=\"description\" class=\"subtitle \">\n    Kaikki t\u00e4m\u00e4nvuotisen Uuden musiikin kilpailun finalistit on nyt julkaistu.\n<\/p>\n<p>        <\/a><\/p>\n","protected":false},"excerpt":{"rendered":"VAIN EL\u00c4M\u00c4\u00c4. Viivi. ATTE KAJOVA. ATTE KAJOVA Vain el\u00e4m\u00e4\u00e4 -kaudella n\u00e4ht\u00e4v\u00e4 Viivi nautti kuunnella Pelle Miljoonan tarinoita. Muun&hellip;\n","protected":false},"author":2,"featured_media":14108,"comment_status":"","ping_status":"","sticky":false,"template":"","format":"standard","meta":{"footnotes":""},"categories":[136],"tags":[407,137,33,31,30,408,4915,5733,32,5734,4914,109,4945],"class_list":{"0":"post-14107","1":"post","2":"type-post","3":"status-publish","4":"format-standard","5":"has-post-thumbnail","7":"category-julkkikset","8":"tag-celebrities","9":"tag-entertainment","10":"tag-fi","11":"tag-finland","12":"tag-finnish","13":"tag-julkkikset","14":"tag-pelle-miljoona","15":"tag-savolainen","16":"tag-suomi","17":"tag-uuden-musiikin-kilpailu","18":"tag-vain-elamaa","19":"tag-viihde","20":"tag-viivi"},"share_on_mastodon":{"url":"","error":""},"_links":{"self":[{"href":"https:\/\/www.europesays.com\/fi\/wp-json\/wp\/v2\/posts\/14107","targetHints":{"allow":["GET"]}}],"collection":[{"href":"https:\/\/www.europesays.com\/fi\/wp-json\/wp\/v2\/posts"}],"about":[{"href":"https:\/\/www.europesays.com\/fi\/wp-json\/wp\/v2\/types\/post"}],"author":[{"embeddable":true,"href":"https:\/\/www.europesays.com\/fi\/wp-json\/wp\/v2\/users\/2"}],"replies":[{"embeddable":true,"href":"https:\/\/www.europesays.com\/fi\/wp-json\/wp\/v2\/comments?post=14107"}],"version-history":[{"count":0,"href":"https:\/\/www.europesays.com\/fi\/wp-json\/wp\/v2\/posts\/14107\/revisions"}],"wp:featuredmedia":[{"embeddable":true,"href":"https:\/\/www.europesays.com\/fi\/wp-json\/wp\/v2\/media\/14108"}],"wp:attachment":[{"href":"https:\/\/www.europesays.com\/fi\/wp-json\/wp\/v2\/media?parent=14107"}],"wp:term":[{"taxonomy":"category","embeddable":true,"href":"https:\/\/www.europesays.com\/fi\/wp-json\/wp\/v2\/categories?post=14107"},{"taxonomy":"post_tag","embeddable":true,"href":"https:\/\/www.europesays.com\/fi\/wp-json\/wp\/v2\/tags?post=14107"}],"curies":[{"name":"wp","href":"https:\/\/api.w.org\/{rel}","templated":true}]}}