{"id":141070,"date":"2026-01-13T09:49:08","date_gmt":"2026-01-13T09:49:08","guid":{"rendered":"https:\/\/www.europesays.com\/fi\/141070\/"},"modified":"2026-01-13T09:49:08","modified_gmt":"2026-01-13T09:49:08","slug":"tiedoksi-medialle-metsahallituksen-infosivu-aalistunturin-etelapuolisista-hakkuista","status":"publish","type":"post","link":"https:\/\/www.europesays.com\/fi\/141070\/","title":{"rendered":"Tiedoksi medialle: Mets\u00e4hallituksen infosivu Aalistunturin etel\u00e4puolisista hakkuista"},"content":{"rendered":"<p><strong>Mets\u00e4hallitus on julkaissut infosivun Aalistunturin etel\u00e4puolisista hakkuista. Tarkoitus on palvella mediaa julkaisemalla kolmen vuoden takaisten tapahtumien taustatietoja sek\u00e4 materiaalia, joka on median k\u00e4ytett\u00e4viss\u00e4 asian uutisoinnin yhteydess\u00e4.<\/strong><\/p>\n<p>Mets\u00e4hallituksen metsa.fi-verkkopalvelussa on julkaistu sivu, johon on koottu tietoja, valokuvia sek\u00e4 karttoja vuoden 2023 Aalistunturin etel\u00e4puolisiin hakkuisiin liittyen. Aihe on noussut esille, koska alueen ty\u00f6maan aikaisiin hakkuiden keskeytyksiin liittyv\u00e4 rikosoikeudenk\u00e4ynti pidet\u00e4\u00e4n Rovaniemell\u00e4 14.-15.1.2026. Sivulle on koottu mm. aikajana kolmen vuoden takaisista tapahtumista sek\u00e4 taustatietoja mets\u00e4talouden n\u00e4k\u00f6kulmasta.<\/p>\n<p>Linkki Mets\u00e4hallituksen sivulle: <a href=\"https:\/\/www.metsa.fi\/tiedotteet\/tietoa-aalistunturin-etelapuolisista-hakkuista-2023\/\" rel=\"nofollow noopener\" target=\"_blank\">Tietoa Aalistunturin etel\u00e4puolisista hakkuista 2023<\/a> (metsa.fi)<\/p>\n<p><strong>Lis\u00e4tietoja:<\/strong><\/p>\n<ul>\n<li>Hakkuiden suunnittelu, tapahtumat hakkuiden aikana, Lapin mets\u00e4talous:<br \/>aluejohtaja Samuli Myllym\u00e4ki, Mets\u00e4hallitus Mets\u00e4talous Oy<br \/><a href=\"https:\/\/www.epressi.com\/cdn-cgi\/l\/email-protection\" class=\"__cf_email__\" data-cfemail=\"7003111d051c195e1d091c1c091d111b19301d150403115e1619\" rel=\"nofollow noopener\" target=\"_blank\">[email\u00a0protected]<\/a><br \/>p. 0400 194 645<\/li>\n<li>Muut asiat:<br \/>viestint\u00e4p\u00e4\u00e4llikk\u00f6 P\u00e4ivi Lazarov, Mets\u00e4hallitus Mets\u00e4talous Oy<br \/><a href=\"https:\/\/www.epressi.com\/cdn-cgi\/l\/email-protection\" class=\"__cf_email__\" data-cfemail=\"681809011e0146040912091a071e28050d1c1b09460e01\" rel=\"nofollow noopener\" target=\"_blank\">[email\u00a0protected]<\/a><br \/>p. 040 821 8292<\/li>\n<\/ul>\n<p>\t\t\t\t\tTietoa julkaisijasta<\/p>\n<p>Mets\u00e4hallitus on valtion liikelaitos, jonka hoidossa on kolmasosa Suomen maa- ja vesialueita. Mets\u00e4hallituksen tarkoitus on luonnon arvon ja yhteisen varallisuuden vastuullinen kehitt\u00e4minen yli sukupolvien. L\u00e4hes 1000 mets\u00e4hallituslaista eri puolilla Suomea vastaavat alueiden kest\u00e4v\u00e4st\u00e4 k\u00e4yt\u00f6st\u00e4, hoidosta ja suojelusta \u2013 erilaiset tarpeet ja odotukset yhteensovittaen.<\/p>\n","protected":false},"excerpt":{"rendered":"Mets\u00e4hallitus on julkaissut infosivun Aalistunturin etel\u00e4puolisista hakkuista. Tarkoitus on palvella mediaa julkaisemalla kolmen vuoden takaisten tapahtumien taustatietoja sek\u00e4&hellip;\n","protected":false},"author":2,"featured_media":6775,"comment_status":"","ping_status":"","sticky":false,"template":"","format":"standard","meta":{"footnotes":""},"categories":[117],"tags":[33,31,30,72,476,118,32,119,477],"class_list":{"0":"post-141070","1":"post","2":"type-post","3":"status-publish","4":"format-standard","5":"has-post-thumbnail","7":"category-luonto","8":"tag-fi","9":"tag-finland","10":"tag-finnish","11":"tag-luonto","12":"tag-nature","13":"tag-science","14":"tag-suomi","15":"tag-tiede","16":"tag-wildlife"},"share_on_mastodon":{"url":"https:\/\/pubeurope.com\/@fi\/115887168677475363","error":""},"_links":{"self":[{"href":"https:\/\/www.europesays.com\/fi\/wp-json\/wp\/v2\/posts\/141070","targetHints":{"allow":["GET"]}}],"collection":[{"href":"https:\/\/www.europesays.com\/fi\/wp-json\/wp\/v2\/posts"}],"about":[{"href":"https:\/\/www.europesays.com\/fi\/wp-json\/wp\/v2\/types\/post"}],"author":[{"embeddable":true,"href":"https:\/\/www.europesays.com\/fi\/wp-json\/wp\/v2\/users\/2"}],"replies":[{"embeddable":true,"href":"https:\/\/www.europesays.com\/fi\/wp-json\/wp\/v2\/comments?post=141070"}],"version-history":[{"count":0,"href":"https:\/\/www.europesays.com\/fi\/wp-json\/wp\/v2\/posts\/141070\/revisions"}],"wp:featuredmedia":[{"embeddable":true,"href":"https:\/\/www.europesays.com\/fi\/wp-json\/wp\/v2\/media\/6775"}],"wp:attachment":[{"href":"https:\/\/www.europesays.com\/fi\/wp-json\/wp\/v2\/media?parent=141070"}],"wp:term":[{"taxonomy":"category","embeddable":true,"href":"https:\/\/www.europesays.com\/fi\/wp-json\/wp\/v2\/categories?post=141070"},{"taxonomy":"post_tag","embeddable":true,"href":"https:\/\/www.europesays.com\/fi\/wp-json\/wp\/v2\/tags?post=141070"}],"curies":[{"name":"wp","href":"https:\/\/api.w.org\/{rel}","templated":true}]}}