{"id":141077,"date":"2026-01-13T10:12:08","date_gmt":"2026-01-13T10:12:08","guid":{"rendered":"https:\/\/www.europesays.com\/fi\/141077\/"},"modified":"2026-01-13T10:12:08","modified_gmt":"2026-01-13T10:12:08","slug":"lakialoite-trumpille-valtuudet-vallata-gronlanti","status":"publish","type":"post","link":"https:\/\/www.europesays.com\/fi\/141077\/","title":{"rendered":"Lakialoite: Trumpille valtuudet vallata Gr\u00f6nlanti"},"content":{"rendered":"<p>Naton p\u00e4\u00e4sihteeri Mark Rutten mukaan Yhdysvaltain Gr\u00f6nlanti-puheissa ei ole mit\u00e4\u00e4n vakavaa.<\/p>\n<p><img decoding=\"async\" class=\"image image-show image-preview\" src=\"https:\/\/www.europesays.com\/fi\/wp-content\/uploads\/2026\/01\/0dc3073805bc3e303acdc4b5f15b9cec403eb4d6ed9ac88f1692f1b211edd91e.jpg\" alt=\"\"\/><img decoding=\"async\" class=\"image image-show\" src=\"https:\/\/www.europesays.com\/fi\/wp-content\/uploads\/2026\/01\/1768299128_160_0dc3073805bc3e303acdc4b5f15b9cec403eb4d6ed9ac88f1692f1b211edd91e.jpg\" alt=\"\"\/><\/p>\n<p>Tanskan laivaston alus partioimassa Gr\u00f6nlannin edustalla. EPA \/ AOP<\/p>\n<p class=\"paragraph\">Yhdysvaltalainen republikaanipuolueen kongressiedustaja <strong>Randy Fine<\/strong> on j\u00e4tt\u00e4nyt <a href=\"https:\/\/fine.house.gov\/news\/documentsingle.aspx?DocumentID=118\" target=\"_blank\" rel=\"noopener nofollow\">lakialoitteen<\/a>, joka antaisi presidentille valtuudet liitt\u00e4\u00e4 Gr\u00f6nlannin Yhdysvaltoihin ja k\u00e4ynnist\u00e4\u00e4 prosessin alueen muuttamiseksi osavaltioksi.<\/p>\n<p class=\"paragraph\">Gr\u00f6nlanti on osa Tanskaa, ja Tanska taas on puolustusliitto Naton ja EU:n j\u00e4sen.<\/p>\n<p class=\"paragraph\">Edustajan mukaan tavoitteena on vahvistaa Yhdysvaltojen kansallista turvallisuutta Arktiksella ja est\u00e4\u00e4 Kiinan ja Ven\u00e4j\u00e4n vaikutusvallan kasvu alueella.<\/p>\n<p class=\"paragraph\">\u2013 Esitt\u00e4m\u00e4ni lakiesitys suojelee kotimaatamme, turvaa taloudellisen tulevaisuutemme ja varmistaa, ett\u00e4 Yhdysvallat \u2013 ei Kiina tai Ven\u00e4j\u00e4 \u2013 asettaa s\u00e4\u00e4nn\u00f6t arktisella alueella. Sellaista on Yhdysvaltojen johtoasema ja vahvuus.<\/p>\n<p class=\"paragraph\">Lakiesitys antaisi l\u00e4pi menness\u00e4\u00e4n presidentille kongressin valtuutuksen tehd\u00e4 &#8221;mitk\u00e4 tahansa tarvittavat toimenpiteet&#8221; Gr\u00f6nlannin valloittamiseksi tai ostamiseksi Tanskalta.<\/p>\n<p>Rutte: \u201dOikea suunta\u201d<\/p>\n<p class=\"paragraph\">Naton p\u00e4\u00e4sihteeri <a href=\"https:\/\/www.iltalehti.fi\/henkilot\/Mark Rutte\" class=\"article-link-person-page\" rel=\"nofollow noopener\" target=\"_blank\">Mark Rutte<\/a> puolestaan <a href=\"https:\/\/www.politico.eu\/article\/nato-mark-rutte-donald-trump-greenland-threats-chill-out\/\" target=\"_blank\" rel=\"noopener nofollow\">v\u00e4h\u00e4tteli<\/a> Yhdysvaltain presidentti <a href=\"https:\/\/www.iltalehti.fi\/henkilot\/Donald Trump\" class=\"article-link-person-page\" rel=\"nofollow noopener\" target=\"_blank\">Donald Trumpin<\/a> puheita Gr\u00f6nlannin haltuunotosta ja vakuutti, ettei sotilasliitto ole kriisiss\u00e4.<\/p>\n<p class=\"paragraph\">Kroatiassa pit\u00e4m\u00e4ss\u00e4\u00e4n lehdist\u00f6tilaisuudessa Rutte kielt\u00e4ytyi kommentoimasta suoraan Trumpin puheita aseellisen voiman k\u00e4yt\u00f6st\u00e4 Gr\u00f6nlannin valtaamiseksi.<\/p>\n<p class=\"paragraph\">Rutten mukaan Nato \u201cei ole lainkaan\u201d vaarassa, vaikka Trump on toistanut uhkauksensa Gr\u00f6nlannin valtaamisesta jopa voimakeinoin.<\/p>\n<p class=\"paragraph\">\u2013 Mielest\u00e4ni olemme todella menossa oikeaan suuntaan.<\/p>\n<p class=\"paragraph\">Tanska on varoittanut, ett\u00e4 sotilaallinen hy\u00f6kk\u00e4ys liittolaismaata vastaan merkitsisi Naton loppua.<\/p>\n","protected":false},"excerpt":{"rendered":"Naton p\u00e4\u00e4sihteeri Mark Rutten mukaan Yhdysvaltain Gr\u00f6nlanti-puheissa ei ole mit\u00e4\u00e4n vakavaa. Tanskan laivaston alus partioimassa Gr\u00f6nlannin edustalla. EPA&hellip;\n","protected":false},"author":2,"featured_media":141078,"comment_status":"","ping_status":"","sticky":false,"template":"","format":"standard","meta":{"footnotes":""},"categories":[14],"tags":[35,22,23,26,27,33,31,30,17,24,25,28,29,15,18,21,142,637,144,32,19,20,56,16,638,59,60,61,143],"class_list":{"0":"post-141077","1":"post","2":"type-post","3":"status-publish","4":"format-standard","5":"has-post-thumbnail","7":"category-ulkomaat","8":"tag-24h","9":"tag-breaking-news","10":"tag-breakingnews","11":"tag-featured-news","12":"tag-featurednews","13":"tag-fi","14":"tag-finland","15":"tag-finnish","16":"tag-headlines","17":"tag-latest-news","18":"tag-latestnews","19":"tag-main-news","20":"tag-mainnews","21":"tag-news","22":"tag-otsikot","23":"tag-paauutiset","24":"tag-poliitikot","25":"tag-politiikka","26":"tag-presidentti","27":"tag-suomi","28":"tag-top-stories","29":"tag-topstories","30":"tag-ulkomaat","31":"tag-uutiset","32":"tag-valtiovalta","33":"tag-world","34":"tag-world-news","35":"tag-worldnews","36":"tag-yhdysvaltain-politiikka"},"share_on_mastodon":{"url":"https:\/\/pubeurope.com\/@fi\/115887259296466022","error":""},"_links":{"self":[{"href":"https:\/\/www.europesays.com\/fi\/wp-json\/wp\/v2\/posts\/141077","targetHints":{"allow":["GET"]}}],"collection":[{"href":"https:\/\/www.europesays.com\/fi\/wp-json\/wp\/v2\/posts"}],"about":[{"href":"https:\/\/www.europesays.com\/fi\/wp-json\/wp\/v2\/types\/post"}],"author":[{"embeddable":true,"href":"https:\/\/www.europesays.com\/fi\/wp-json\/wp\/v2\/users\/2"}],"replies":[{"embeddable":true,"href":"https:\/\/www.europesays.com\/fi\/wp-json\/wp\/v2\/comments?post=141077"}],"version-history":[{"count":0,"href":"https:\/\/www.europesays.com\/fi\/wp-json\/wp\/v2\/posts\/141077\/revisions"}],"wp:featuredmedia":[{"embeddable":true,"href":"https:\/\/www.europesays.com\/fi\/wp-json\/wp\/v2\/media\/141078"}],"wp:attachment":[{"href":"https:\/\/www.europesays.com\/fi\/wp-json\/wp\/v2\/media?parent=141077"}],"wp:term":[{"taxonomy":"category","embeddable":true,"href":"https:\/\/www.europesays.com\/fi\/wp-json\/wp\/v2\/categories?post=141077"},{"taxonomy":"post_tag","embeddable":true,"href":"https:\/\/www.europesays.com\/fi\/wp-json\/wp\/v2\/tags?post=141077"}],"curies":[{"name":"wp","href":"https:\/\/api.w.org\/{rel}","templated":true}]}}