{"id":141079,"date":"2026-01-13T10:13:06","date_gmt":"2026-01-13T10:13:06","guid":{"rendered":"https:\/\/www.europesays.com\/fi\/141079\/"},"modified":"2026-01-13T10:13:06","modified_gmt":"2026-01-13T10:13:06","slug":"syyte-veljekset-julkaisivat-tietoja-puolustukselle-tarkeista-kohteista","status":"publish","type":"post","link":"https:\/\/www.europesays.com\/fi\/141079\/","title":{"rendered":"Syyte: Veljekset julkaisivat tietoja puolustukselle t\u00e4rkeist\u00e4 kohteista"},"content":{"rendered":"<p>Salaliitot|Eduskuntavaaleissa ehdolla olleita veljeksi\u00e4 syytet\u00e4\u00e4n turvallisuussalaisuuden paljastamisesta.<\/p>\n<p>Lue tiivistelm\u00e4<\/p>\n<p class=\"article-body mb-nof-24 px-nof-16 sndp-summary-bullet-point-font\">Syytt\u00e4j\u00e4 vaatii kolmea henkil\u00f6\u00e4 rangaistukseen turvallisuussalaisuuden paljastamisesta, koska he julkaisivat tietoja tuhansista maanpuolustukselle t\u00e4rkeist\u00e4 kohteista.<\/p>\n<p class=\"article-body mb-nof-24 px-nof-16 sndp-summary-bullet-point-font\">Veljekset Marko ja Mikko Vapa kartoittivat vuosina 2021\u20132023 kohteita ja julkaisivat niist\u00e4 tietoja karttapalvelussa ja Youtube-videoissa.<\/p>\n<p class=\"article-body mb-nof-24 px-nof-16 sndp-summary-bullet-point-font\">Syytetyt olivat ehdolla eduskuntavaaleissa ja uskoivat Puolustusvoimien yll\u00e4pit\u00e4v\u00e4n maanalaista tunneliverkostoa Suomessa.<\/p>\n<p class=\"article-body mb-nof-24 px-nof-16 sndp-summary-bullet-point-font\">Syytt\u00e4j\u00e4 Hannu Koistinen sanoo, ett\u00e4 tiedot ovat hy\u00f6dyllisi\u00e4 vihamielisille toimijoille, mutta selv\u00e4\u00e4 Suomen vahingoittamistarkoitusta ei l\u00f6ytynyt.<\/p>\n<p class=\"article-body mb-nof-24 px-nof-16\">Syytt\u00e4j\u00e4 katsoo, ett\u00e4 niin sanotusta tunneliverkosto-salaliittoteoriasta innostuneet veljekset julkaisivat tietoja tuhansista maanpuolustukselle ja turvallisuudelle t\u00e4rkeist\u00e4 kohteista.<\/p>\n<p class=\"article-body mb-nof-24 px-nof-16\">Syytt\u00e4j\u00e4n mukaan veljekset kartoittivat vuodesta 2021 vuoteen 2023 maanpuolustukselle t\u00e4rkeit\u00e4 kohteita julkaisivat tietoja niist\u00e4. Kaksikko ker\u00e4si tietoja taulukkoon, josta he siirsiv\u00e4t tiedot karttapalveluun. Lis\u00e4ksi he k\u00e4sitteliv\u00e4t l\u00f6yd\u00f6ksi\u00e4\u00e4n Youtube-vidoissa.<\/p>\n<p class=\"article-body mb-nof-24 px-nof-16\">Syytt\u00e4j\u00e4n mukaan miehet tunkeutuivat esimerkiksi aidoin rajatuille alueille ja kannustivat seuraajiaan l\u00e4hett\u00e4m\u00e4\u00e4n tietoja heille julkaisutarkoituksessa.<\/p>\n<p class=\"article-body mb-nof-24 px-nof-16\">Maailmalla tunnelisota-teorian yhteydess\u00e4 on esitetty v\u00e4itteit\u00e4 esimerkiksi maailmanlaajuisesta eliitin salaisesta tunneliverkostosta. Syytteeseen p\u00e4\u00e4tyneet veljekset puolestaan katsoivat Puolustusvoimien yll\u00e4pit\u00e4v\u00e4n Suomessa maanalaista tunneliverkostoa.<\/p>\n<p class=\"article-body mb-nof-24 px-nof-16\">Turvallisuussalaisuuden paljastaminen kuuluu rikoslaissa maanpetosrikosten lukuun, mutta tunnusmerkist\u00f6n t\u00e4yttyminen ei edellyt\u00e4 tiedon ker\u00e4\u00e4mist\u00e4 tai v\u00e4litt\u00e4mist\u00e4 esimerkiksi vieraan valtion hyv\u00e4ksi tai tahallisessa vahingoittamistarkoituksessa.<\/p>\n<p class=\"article-body mb-nof-24 px-nof-16\">\u201dN\u00e4ytt\u00f6\u00e4 selv\u00e4st\u00e4 Suomen vahingoittamistarkoituksesta ei esitutkinnassa tullut. T\u00e4st\u00e4 syyst\u00e4 rikosnimikkeen\u00e4 on turvallisuussalaisuuden paljastaminen eik\u00e4 esimerkiksi vakoilu tai t\u00f6rke\u00e4 vakoilu\u201d, syytt\u00e4j\u00e4 <a class=\"font-bold underline-offset-[0.12em] [text-decoration:var(--person-link-text-decoration)] ![text-decoration-color:var(--person-link-text-decoration-color)]\" href=\"https:\/\/www.hs.fi\/haku\/?query=Hannu%20Koistinen\" rel=\"nofollow noopener\" target=\"_blank\">Hannu Koistinen<\/a> sanoi.<\/p>\n<p class=\"article-body mb-nof-24 px-nof-16\">Veljeksist\u00e4 vain <a class=\"font-bold underline-offset-[0.12em] [text-decoration:var(--person-link-text-decoration)] ![text-decoration-color:var(--person-link-text-decoration-color)]\" href=\"https:\/\/www.hs.fi\/haku\/?query=Marko%20Heikki%20Vapalle\" rel=\"nofollow noopener\" target=\"_blank\">Marko Heikki Vapalle<\/a> p\u00e4\u00e4stiin lukemaan aluksi syyte, koska <a class=\"font-bold underline-offset-[0.12em] [text-decoration:var(--person-link-text-decoration)] ![text-decoration-color:var(--person-link-text-decoration-color)]\" href=\"https:\/\/www.hs.fi\/haku\/?query=Mikko%20Antero%20Vapa\" rel=\"nofollow noopener\" target=\"_blank\">Mikko Antero Vapa<\/a> ei ilmaantunut paikalle. Lis\u00e4ksi Mikko Vapa oli ilmoittanut vain v\u00e4h\u00e4n ennen oikeudenk\u00e4ynti\u00e4 erottavansa avustajansa luottamuspulan takia, mik\u00e4 teki avustajan tilanteesta salissa ilmeisen hankalan.<\/p>\n<p class=\"article-body mb-nof-24 px-nof-16\">Oikeudenk\u00e4ynnin edetess\u00e4 syytt\u00e4j\u00e4 vaati Mikko Vapaa vangittavaksi poissaolevana. Mikko Vapa ei saapunut paikalla tai ilmoittanut syyt\u00e4 poissaololleen, mik\u00e4 syytt\u00e4j\u00e4n mukaan viittaa vaaraan oikeudenk\u00e4ynnin karttamisesta. Oikeus my\u00f6s katsoi, ett\u00e4 edellytykset t\u00e4yttyv\u00e4t ja Mikko Vapa voitiin vangita poissaolevana.<\/p>\n<p class=\"article-body mb-nof-24 px-nof-16\">Lis\u00e4ksi syytteen avunannosta turvallisuussalaisuuden paljastamiseen joutui <a class=\"font-bold underline-offset-[0.12em] [text-decoration:var(--person-link-text-decoration)] ![text-decoration-color:var(--person-link-text-decoration-color)]\" href=\"https:\/\/www.hs.fi\/haku\/?query=Anne%20Maria%20Vapa\" rel=\"nofollow noopener\" target=\"_blank\">Anne Maria Vapa<\/a>, joka on aiemmalta sukunimelt\u00e4\u00e4n Oikarinen. H\u00e4n osallistui syytt\u00e4j\u00e4n mukaan tietojen hankkimiseen, ja muun muassa kuvasi kohteita ja editoi videoita.<\/p>\n<p class=\"article-body mb-nof-24 px-nof-16\">Helsingin Sanomat on julkaissut kolmikon nimen jo rikosep\u00e4ilyn aikaan ep\u00e4illyn rikoksen vakavuuden takia ja siksi, ett\u00e4 kaikki ep\u00e4illyt olivat ehdolla edellisiss\u00e4 eduskuntavaaleissa.<\/p>\n<p class=\"article-body mb-nof-24 px-nof-16\">Mikko Vapa ja Oikarinen olivat kristallipuolueen ehdokkaita, ja Marko Vapa oli ehdolla Valta kuuluu kansalle -puolueen riveist\u00e4.<\/p>\n<p class=\"article-body mb-nof-24 px-nof-16\">Syytetyt ovat kiist\u00e4neet syyllistyneens\u00e4 rikokseen. Marko Vapan puolustus my\u00f6s kiisti, ett\u00e4 mies olisi tunkeutunut jonnekin.<\/p>\n<p class=\"article-body mb-nof-24 px-nof-16\">Sen sijaan Vapa oli avustajan mukaan kartoista kiinnostunut suunnistaja, jota ovat kiinnostavat my\u00f6s tunnelit. Tiedot olisivat olleet kenen tahansa ker\u00e4tt\u00e4viss\u00e4 ja n\u00e4ht\u00e4viss\u00e4, eik\u00e4 t\u00e4llaisen tiedon ker\u00e4\u00e4minen ja johtop\u00e4\u00e4t\u00f6sten tekeminen pit\u00e4isi olla avustajan mukaan rikollista.<\/p>\n<p class=\"article-body mb-nof-24 px-nof-16\">Syytt\u00e4j\u00e4 sen sijaan katsoo, ett\u00e4 teot aiheuttivat konkreettista vahinkoa.<\/p>\n<p class=\"article-body mb-nof-24 px-nof-16\">Syytt\u00e4j\u00e4 ei konkretisoinut vahinkoa, mutta sanoi tietojen olevan hy\u00f6dyllisist\u00e4 tietoa valtiollisella tasolla toimiville vihamielisille toimijoille tai terroristisessa tarkoituksessa toimiville.<\/p>\n<p class=\"article-body mb-nof-24 px-nof-16\">Miehet jakoivat sosiaalisen median kanavillaan my\u00f6s esimerkiksi maailmanpolitiikkaan liittyvi\u00e4 n\u00e4kemyksi\u00e4. Niin ik\u00e4\u00e4n he ovat esiintyneet samoilla videoilla esimerkiksi Putin-mielisen\u00e4 tunnetun dosentti <a class=\"font-bold underline-offset-[0.12em] [text-decoration:var(--person-link-text-decoration)] ![text-decoration-color:var(--person-link-text-decoration-color)]\" href=\"https:\/\/www.hs.fi\/haku\/?query=Johan%20B%C3%A4ckmanin\" rel=\"nofollow noopener\" target=\"_blank\">Johan B\u00e4ckmanin<\/a> kanssa.<\/p>\n<p>Turvallisuussalaisuuden paljastaminen<\/p>\n<p class=\"article-body mb-nof-24 px-nof-16\">\u25a0 Turvallisuussalaisuuden paljastamiseen voi syyllisty\u00e4 julkistamalla, v\u00e4litt\u00e4m\u00e4ll\u00e4, luovuttamalla, ilmaisemalla tai hankkimalla oikeudettomasti tiedon seikasta, joka on m\u00e4\u00e4r\u00e4tty Suomen ulkoisen turvallisuuden vuoksi salassa pidett\u00e4v\u00e4ksi.<\/p>\n<p class=\"article-body mb-nof-24 px-nof-16\">\u25a0 Rikoksen tunnusmerkist\u00f6 voi t\u00e4ytty\u00e4 my\u00f6s, jos tieto on omiaan aiheuttamaan vakavaa vahinkoa Suomen maanpuolustukselle, turvallisuudelle, ulkosuhteille tai kansantaloudelle.<\/p>\n<p class=\"article-body mb-nof-24 px-nof-16\">\u25a0 Rangaistusasteikko on nelj\u00e4st\u00e4 kuukaudesta nelj\u00e4\u00e4n vuotta vankeutta.<\/p>\n<p class=\"article-body mb-nof-24 px-nof-16\">L\u00e4hde: Edilex, Rikoslaki<\/p>\n","protected":false},"excerpt":{"rendered":"Salaliitot|Eduskuntavaaleissa ehdolla olleita veljeksi\u00e4 syytet\u00e4\u00e4n turvallisuussalaisuuden paljastamisesta. Lue tiivistelm\u00e4 Syytt\u00e4j\u00e4 vaatii kolmea henkil\u00f6\u00e4 rangaistukseen turvallisuussalaisuuden paljastamisesta, koska he&hellip;\n","protected":false},"author":2,"featured_media":141080,"comment_status":"","ping_status":"","sticky":false,"template":"","format":"standard","meta":{"footnotes":""},"categories":[12],"tags":[22,23,26,27,33,31,30,17,46,24,25,28,29,15,18,21,32,19,20,16],"class_list":{"0":"post-141079","1":"post","2":"type-post","3":"status-publish","4":"format-standard","5":"has-post-thumbnail","7":"category-suomi","8":"tag-breaking-news","9":"tag-breakingnews","10":"tag-featured-news","11":"tag-featurednews","12":"tag-fi","13":"tag-finland","14":"tag-finnish","15":"tag-headlines","16":"tag-helsingin-sanomat","17":"tag-latest-news","18":"tag-latestnews","19":"tag-main-news","20":"tag-mainnews","21":"tag-news","22":"tag-otsikot","23":"tag-paauutiset","24":"tag-suomi","25":"tag-top-stories","26":"tag-topstories","27":"tag-uutiset"},"share_on_mastodon":{"url":"https:\/\/pubeurope.com\/@fi\/115887263262422505","error":""},"_links":{"self":[{"href":"https:\/\/www.europesays.com\/fi\/wp-json\/wp\/v2\/posts\/141079","targetHints":{"allow":["GET"]}}],"collection":[{"href":"https:\/\/www.europesays.com\/fi\/wp-json\/wp\/v2\/posts"}],"about":[{"href":"https:\/\/www.europesays.com\/fi\/wp-json\/wp\/v2\/types\/post"}],"author":[{"embeddable":true,"href":"https:\/\/www.europesays.com\/fi\/wp-json\/wp\/v2\/users\/2"}],"replies":[{"embeddable":true,"href":"https:\/\/www.europesays.com\/fi\/wp-json\/wp\/v2\/comments?post=141079"}],"version-history":[{"count":0,"href":"https:\/\/www.europesays.com\/fi\/wp-json\/wp\/v2\/posts\/141079\/revisions"}],"wp:featuredmedia":[{"embeddable":true,"href":"https:\/\/www.europesays.com\/fi\/wp-json\/wp\/v2\/media\/141080"}],"wp:attachment":[{"href":"https:\/\/www.europesays.com\/fi\/wp-json\/wp\/v2\/media?parent=141079"}],"wp:term":[{"taxonomy":"category","embeddable":true,"href":"https:\/\/www.europesays.com\/fi\/wp-json\/wp\/v2\/categories?post=141079"},{"taxonomy":"post_tag","embeddable":true,"href":"https:\/\/www.europesays.com\/fi\/wp-json\/wp\/v2\/tags?post=141079"}],"curies":[{"name":"wp","href":"https:\/\/api.w.org\/{rel}","templated":true}]}}