{"id":141081,"date":"2026-01-13T10:14:08","date_gmt":"2026-01-13T10:14:08","guid":{"rendered":"https:\/\/www.europesays.com\/fi\/141081\/"},"modified":"2026-01-13T10:14:08","modified_gmt":"2026-01-13T10:14:08","slug":"mita-kaupungin-pitaisi-tehda-60-000-eurolla-kerro-ideasi-ihmisten-kohtaamisten-lisaamiseksi","status":"publish","type":"post","link":"https:\/\/www.europesays.com\/fi\/141081\/","title":{"rendered":"Mit\u00e4 kaupungin pit\u00e4isi tehd\u00e4 60 000 eurolla? Kerro ideasi ihmisten kohtaamisten lis\u00e4\u00e4miseksi!"},"content":{"rendered":"<p>\n                                        Mik\u00e4 saisi meid\u00e4t porilaiset kohtaamaan toisiamme enemm\u00e4n? Kerro iso tai pieni ideasi osallistuvan budjetoinnin verkkoalustalla   tai 15. tammikuuta alkaen kaikissa Porin kirjastoissa. P\u00e4\u00e4tet\u00e4\u00e4n yhdess\u00e4 siit\u00e4, mit\u00e4 60 000 eurolla tehd\u00e4\u00e4n rakkaudella porilaisille.\n                                    <\/p>\n<p>Rakkaudella porilaisille -osallistuva budjetointi on uudistunut. Uudessa mallissa asukkaat ideoivat ja \u00e4\u00e4nest\u00e4v\u00e4t ehdotuksista, jotka kaupunki toteuttaa. Asukkaille on nyt avattu ideointialusta netiss\u00e4 <a href=\"https:\/\/padlet.com\/poriosallisuus\/osallistuvan-budjetoinnin-ideointi-2026-iy4o9bmm9rl3ezls\" rel=\"nofollow noopener\" target=\"_blank\">t\u00e4\u00e4ll\u00e4<\/a> ja ehdotuksia voi j\u00e4tt\u00e4\u00e4 paperisena my\u00f6s kaikissa Porin kirjastoissa 15. tammikuuta alkaen. Ehdotuksia voi j\u00e4tt\u00e4\u00e4 26. tammikuuta asti.<\/p>\n<p>Osallistuvan budjetoinnin teemana on t\u00e4n\u00e4 vuonna ihmisten kohtaaminen.<\/p>\n<p>\u2013 Nykyisess\u00e4 maailmantilanteessa ihmisten tarve kohdata toisiaan ja kuulua yhteis\u00f6\u00f6n korostuu entisest\u00e4\u00e4n. T\u00e4m\u00e4 n\u00e4kyy my\u00f6s <a href=\"https:\/\/www.pori.fi\/uutinen\/etusivun-uutiset\/porilaiset-kertovat-yksinaisyydesta-kaipuu-toisten-seuraan-toistuu\/12\/01\/2026\/\" rel=\"nofollow noopener\" target=\"_blank\">yksin\u00e4isyyskyselyn tuloksissa<\/a>. Yksin\u00e4isyyden tunteet ja kaipuu aitoihin kohtaamisiin lis\u00e4\u00e4v\u00e4t yhteis\u00f6llisyyden, vuoropuhelun ja osallistumisen merkityst\u00e4, kommentoi hyvinvointikoordinaattori <strong>Sirpa Kyn\u00e4slahti<\/strong>.<\/p>\n<p>Asukkaat ideoivat, kaupunki toteuttaa<\/p>\n<p>Ideointiajan p\u00e4\u00e4tytty\u00e4 kaupunki tutustuu ehdotuksiin ja valitsee \u00e4\u00e4nestykseen etenev\u00e4t vaihtoehdot, joista tehd\u00e4\u00e4n tarkemmat suunnitelmat ja budjettilaskelmat. Toukokuussa asukkaat saavat \u00e4\u00e4nest\u00e4\u00e4, mitk\u00e4 projekteista toteutetaan.<\/p>\n<p>Kaupunki toteuttaa eniten \u00e4\u00e4ni\u00e4 saaneen tai saaneet ideat vuosien 2026 ja 2027 aikana. Aiemmin Porissa on toteutettu osallistuvaa budjetointia hyvinvointirahan nimell\u00e4. T\u00e4ll\u00f6in asukkaat ja yhdistykset saivat hakea rahaa hankkeisiin, jotka he toteuttivat itse.<\/p>\n<p>\u2013 Uudistuksella haluamme madaltaa osallistumisen kynnyst\u00e4. Nyt ihan jokainen voi heitt\u00e4\u00e4 ideoita ja \u00e4\u00e4nest\u00e4\u00e4, eik\u00e4 idean ehdottajan tarvitse sitoutua idean toteuttamiseen, kertoo osallisuusasiantuntija <strong>Alina Isoviita<\/strong>.<\/p>\n<p>Ideoiden tulee olla toteutettavissa Porissa ja hy\u00f6dytt\u00e4\u00e4 useita porilaisia. Lis\u00e4ksi sen tulee kuulua kaupungin teht\u00e4viin ja tietysti mahtua osallistuvan budjetoinnin m\u00e4\u00e4r\u00e4rahaan. Tarkemmat kriteerit l\u00f6ytyv\u00e4t <a href=\"https:\/\/www.pori.fi\/kaupunki-ja-hallinto\/paatoksenteko\/osallistu-ja-vaikuta\/rakkaudella-porilaisille-osallistuva-budjetointi\/\" rel=\"nofollow noopener\" target=\"_blank\">osallistuvan budjetoinnin nettisivuilta<\/a>.<\/p>\n<p>\u2013 Toivomme asukkailta paljon ihmisten kohtaamisia lis\u00e4\u00e4vi\u00e4 ideoita. Kaupunki huolehtii siit\u00e4, ett\u00e4 lopulliset ehdotukset t\u00e4ytt\u00e4v\u00e4t annetut kriteerit, kannustaa Isoviita.<\/p>\n<p>Rakkaudella porilaisille -osallistuva budjetointi lyhyesti <\/p>\n<ol class=\"wp-block-list\">\n<li><strong>Tammikuu:<\/strong> Asukkailta ker\u00e4t\u00e4\u00e4n ideoita 13.\u201326.1.2026 <a href=\"https:\/\/padlet.com\/poriosallisuus\/osallistuvan-budjetoinnin-ideointi-2026-iy4o9bmm9rl3ezls\" rel=\"nofollow noopener\" target=\"_blank\">netiss\u00e4<\/a> ja kirjastoissa 15\u201326.1.2026.<\/li>\n<li><strong>Helmi-huhtikuu: <\/strong>Kaupunki tutustuu ideoihin ja valitsee \u00e4\u00e4nestykseen etenev\u00e4t vaihtoehdot, joista tehd\u00e4\u00e4n tarkemmat suunnitelmat ja budjettilaskelmat \u00e4\u00e4nestyst\u00e4 varten.<\/li>\n<li><strong>Toukokuu:<\/strong> Asukkaat \u00e4\u00e4nest\u00e4v\u00e4t suosikkiaan toukokuussa.<\/li>\n<li><strong>Loppuvuosi 2026 ja vuosi 2027: <\/strong>Kaupunki toteuttaa eniten \u00e4\u00e4ni\u00e4 saaneen tai saaneet ideat. Kaikki p\u00e4\u00e4sev\u00e4t nauttimaan lopputuloksista \u2013 mit\u00e4 ne sitten ovatkaan!<br \/><a id=\"_msocom_1\"\/> <\/li>\n<\/ol>\n<p>Osallistuva budjetointi on toimintatapa, jossa asukkaat ideoivat ja \u00e4\u00e4nest\u00e4m\u00e4ll\u00e4 p\u00e4\u00e4tt\u00e4v\u00e4t tietyn rahasumman k\u00e4yt\u00f6st\u00e4. Osallistuvaa budjetointia on k\u00e4ytetty Porissa vuodesta 2018 alkaen. Nyt uudistunutta tapaa kokeillaan Porissa ensimm\u00e4ist\u00e4 kertaa. Osallistuvaa budjetointia kehitet\u00e4\u00e4n kokeilusta saatujen kokemusten perusteella.<\/p>\n","protected":false},"excerpt":{"rendered":"Mik\u00e4 saisi meid\u00e4t porilaiset kohtaamaan toisiamme enemm\u00e4n? Kerro iso tai pieni ideasi osallistuvan budjetoinnin verkkoalustalla tai 15. tammikuuta&hellip;\n","protected":false},"author":2,"featured_media":141082,"comment_status":"","ping_status":"","sticky":false,"template":"","format":"standard","meta":{"footnotes":""},"categories":[5],"tags":[22,23,26,27,33,31,30,17,24,25,28,29,15,18,21,32,19,20,16],"class_list":{"0":"post-141081","1":"post","2":"type-post","3":"status-publish","4":"format-standard","5":"has-post-thumbnail","7":"category-otsikot","8":"tag-breaking-news","9":"tag-breakingnews","10":"tag-featured-news","11":"tag-featurednews","12":"tag-fi","13":"tag-finland","14":"tag-finnish","15":"tag-headlines","16":"tag-latest-news","17":"tag-latestnews","18":"tag-main-news","19":"tag-mainnews","20":"tag-news","21":"tag-otsikot","22":"tag-paauutiset","23":"tag-suomi","24":"tag-top-stories","25":"tag-topstories","26":"tag-uutiset"},"share_on_mastodon":{"url":"https:\/\/pubeurope.com\/@fi\/115887267943833516","error":""},"_links":{"self":[{"href":"https:\/\/www.europesays.com\/fi\/wp-json\/wp\/v2\/posts\/141081","targetHints":{"allow":["GET"]}}],"collection":[{"href":"https:\/\/www.europesays.com\/fi\/wp-json\/wp\/v2\/posts"}],"about":[{"href":"https:\/\/www.europesays.com\/fi\/wp-json\/wp\/v2\/types\/post"}],"author":[{"embeddable":true,"href":"https:\/\/www.europesays.com\/fi\/wp-json\/wp\/v2\/users\/2"}],"replies":[{"embeddable":true,"href":"https:\/\/www.europesays.com\/fi\/wp-json\/wp\/v2\/comments?post=141081"}],"version-history":[{"count":0,"href":"https:\/\/www.europesays.com\/fi\/wp-json\/wp\/v2\/posts\/141081\/revisions"}],"wp:featuredmedia":[{"embeddable":true,"href":"https:\/\/www.europesays.com\/fi\/wp-json\/wp\/v2\/media\/141082"}],"wp:attachment":[{"href":"https:\/\/www.europesays.com\/fi\/wp-json\/wp\/v2\/media?parent=141081"}],"wp:term":[{"taxonomy":"category","embeddable":true,"href":"https:\/\/www.europesays.com\/fi\/wp-json\/wp\/v2\/categories?post=141081"},{"taxonomy":"post_tag","embeddable":true,"href":"https:\/\/www.europesays.com\/fi\/wp-json\/wp\/v2\/tags?post=141081"}],"curies":[{"name":"wp","href":"https:\/\/api.w.org\/{rel}","templated":true}]}}