{"id":141085,"date":"2026-01-13T10:23:08","date_gmt":"2026-01-13T10:23:08","guid":{"rendered":"https:\/\/www.europesays.com\/fi\/141085\/"},"modified":"2026-01-13T10:23:08","modified_gmt":"2026-01-13T10:23:08","slug":"iranin-verkkoyhteydet-ovat-yha-poikki-katkos-kestanyt-jo-reilut-nelja-vuorokautta-uutissuomalainen","status":"publish","type":"post","link":"https:\/\/www.europesays.com\/fi\/141085\/","title":{"rendered":"Iranin verkkoyhteydet ovat yh\u00e4 poikki, katkos kest\u00e4nyt jo reilut nelj\u00e4 vuorokautta | Uutissuomalainen"},"content":{"rendered":"<p>Iranissa viime viikolla alkanut internet-yhteyksien katkos jatkuu edelleen. Verkkoyhteyksi\u00e4 seuraava Netblocks-sivusto <a href=\"https:\/\/mastodon.social\/@netblocks\/115885922661223252\" rel=\"nofollow noopener\" target=\"_blank\">kertoo<\/a>, ett\u00e4 yhteydet ovat olleet poikki jo yli 108 tuntia eli reilut nelj\u00e4 vuorokautta.<\/p>\n<p>Iranin ulkoministeri Abbas Araghchi sanoi uutiskanava <a href=\"https:\/\/aje.io\/q5ctnn?update=4232894\" rel=\"nofollow noopener\" target=\"_blank\">al-Jazeeran<\/a> mukaan maanantaina, ett\u00e4 internet-yhteydet palautetaan pian ja palautusta koordinoidaan yhdess\u00e4 turvallisuusviranomaisten kanssa.<\/p>\n<p>Tiistaina Araghchi sanoi al-Jazeeralle, ett\u00e4 yhteydet katkaistiin ulkomaisen vaikuttamisen vuoksi.<\/p>\n<p>\u2013\u2009Hallitus k\u00e4vi vuoropuhelua mielenosoittajien kanssa. Internet-yhteydet katkaistiin vasta, kun havaitsimme terroristioperaatiot ja ymm\u00e4rsimme k\u00e4skyjen tulevan Iranin ulkopuolelta, Araghchi sanoi ja antoi ymm\u00e4rt\u00e4\u00e4 ulkovaltojen ohjailevan mielenosoituksia.<\/p>\n<p>Sen sijaan kansainv\u00e4liset puhelut Iraniin ja Iranista ovat j\u00e4lleen mahdollisia, kertoo uutistoimisto AFP:n kirjeenvaihtaja. Kansainv\u00e4liset puhelut olivat estettyj\u00e4 perjantaista l\u00e4htien.<\/p>\n<p>Iranissa reilut kaksi viikkoa sitten alkaneissa mielenosoituksissa on eri l\u00e4hteiden mukaan kuollut satoja ihmisi\u00e4 ja tuhansia on pid\u00e4tetty.<\/p>\n","protected":false},"excerpt":{"rendered":"Iranissa viime viikolla alkanut internet-yhteyksien katkos jatkuu edelleen. Verkkoyhteyksi\u00e4 seuraava Netblocks-sivusto kertoo, ett\u00e4 yhteydet ovat olleet poikki jo&hellip;\n","protected":false},"author":2,"featured_media":141086,"comment_status":"","ping_status":"","sticky":false,"template":"","format":"standard","meta":{"footnotes":""},"categories":[87],"tags":[4492,33,31,30,2455,148,147,683,637,32,91,92,487,149],"class_list":{"0":"post-141085","1":"post","2":"type-post","3":"status-publish","4":"format-standard","5":"has-post-thumbnail","7":"category-internet","8":"tag-digimedia","9":"tag-fi","10":"tag-finland","11":"tag-finnish","12":"tag-hengenvaara-ja-loukkaantuminen","13":"tag-internet","14":"tag-internet-palvelut","15":"tag-kuolema","16":"tag-politiikka","17":"tag-suomi","18":"tag-technology","19":"tag-teknologia","20":"tag-teknologia-yleista","21":"tag-tietojenkasittely-ja-informaatioteknologia"},"share_on_mastodon":{"url":"https:\/\/pubeurope.com\/@fi\/115887302392795685","error":""},"_links":{"self":[{"href":"https:\/\/www.europesays.com\/fi\/wp-json\/wp\/v2\/posts\/141085","targetHints":{"allow":["GET"]}}],"collection":[{"href":"https:\/\/www.europesays.com\/fi\/wp-json\/wp\/v2\/posts"}],"about":[{"href":"https:\/\/www.europesays.com\/fi\/wp-json\/wp\/v2\/types\/post"}],"author":[{"embeddable":true,"href":"https:\/\/www.europesays.com\/fi\/wp-json\/wp\/v2\/users\/2"}],"replies":[{"embeddable":true,"href":"https:\/\/www.europesays.com\/fi\/wp-json\/wp\/v2\/comments?post=141085"}],"version-history":[{"count":0,"href":"https:\/\/www.europesays.com\/fi\/wp-json\/wp\/v2\/posts\/141085\/revisions"}],"wp:featuredmedia":[{"embeddable":true,"href":"https:\/\/www.europesays.com\/fi\/wp-json\/wp\/v2\/media\/141086"}],"wp:attachment":[{"href":"https:\/\/www.europesays.com\/fi\/wp-json\/wp\/v2\/media?parent=141085"}],"wp:term":[{"taxonomy":"category","embeddable":true,"href":"https:\/\/www.europesays.com\/fi\/wp-json\/wp\/v2\/categories?post=141085"},{"taxonomy":"post_tag","embeddable":true,"href":"https:\/\/www.europesays.com\/fi\/wp-json\/wp\/v2\/tags?post=141085"}],"curies":[{"name":"wp","href":"https:\/\/api.w.org\/{rel}","templated":true}]}}