{"id":141089,"date":"2026-01-13T10:34:07","date_gmt":"2026-01-13T10:34:07","guid":{"rendered":"https:\/\/www.europesays.com\/fi\/141089\/"},"modified":"2026-01-13T10:34:07","modified_gmt":"2026-01-13T10:34:07","slug":"nama-laulajat-kilpailevat-the-voice-of-finlandissa-2026","status":"publish","type":"post","link":"https:\/\/www.europesays.com\/fi\/141089\/","title":{"rendered":"N\u00e4m\u00e4 laulajat kilpailevat The Voice of Finlandissa 2026"},"content":{"rendered":"<p class=\"article-body mb-nof-24 px-nof-16\">Kaikki vuoden 2026 The Voice of Finland -laulajat:<\/p>\n<p class=\"article-body mb-nof-24 px-nof-16\">Ada Wessberg, 26, Pori<\/p>\n<p class=\"article-body mb-nof-24 px-nof-16\">Adele Kemil\u00e4inen, 23, Kuopio<\/p>\n<p class=\"article-body mb-nof-24 px-nof-16\">Anita Poti, 21, Vantaa<\/p>\n<p class=\"article-body mb-nof-24 px-nof-16\">Anna Hanhisalo, 23, J\u00e4rvenp\u00e4\u00e4<\/p>\n<p class=\"article-body mb-nof-24 px-nof-16\">Anna Lahtinen, 27, Helsinki<\/p>\n<p class=\"article-body mb-nof-24 px-nof-16\">Anna Piirainen, 25, Oulu<\/p>\n<p class=\"article-body mb-nof-24 px-nof-16\">Anne Vihel\u00e4, 45, Sein\u00e4joki<\/p>\n<p class=\"article-body mb-nof-24 px-nof-16\">Annika Parviainen, 33, Kaavi<\/p>\n<p class=\"article-body mb-nof-24 px-nof-16\">Antti Hyytinen, 34, Sein\u00e4joki<\/p>\n<p class=\"article-body mb-nof-24 px-nof-16\">Antti Timonen, 40, Miehikk\u00e4l\u00e4<\/p>\n<p class=\"article-body mb-nof-24 px-nof-16\">Apple Grace, 36, J\u00e4rvenp\u00e4\u00e4<\/p>\n<p class=\"article-body mb-nof-24 px-nof-16\">Arthur Rinne, 27, Vantaa<\/p>\n<p class=\"article-body mb-nof-24 px-nof-16\">Dorcas Lusajo, 20, Merikarvia<\/p>\n<p class=\"article-body mb-nof-24 px-nof-16\">Eero Saunam\u00e4ki, 45, Helsinki<\/p>\n<p class=\"article-body mb-nof-24 px-nof-16\">Ehea Kunelius-Laukkanen, 27, Helsinki<\/p>\n<p class=\"article-body mb-nof-24 px-nof-16\">Eicca Nikula, 21, Haapaj\u00e4rvi<\/p>\n<p class=\"article-body mb-nof-24 px-nof-16\">Elisa Ruuska, 29, Helsinki<\/p>\n<p class=\"article-body mb-nof-24 px-nof-16\">Ellinoora M\u00e4kel\u00e4, 20, Jyv\u00e4skyl\u00e4<\/p>\n<p class=\"article-body mb-nof-24 px-nof-16\">Elviira Lehtonen, 19, Porvoo<\/p>\n<p class=\"article-body mb-nof-24 px-nof-16\">Emma Salmi, 22, Tampere<\/p>\n<p class=\"article-body mb-nof-24 px-nof-16\">Emmi Kallio, 16, Tampere<\/p>\n<p class=\"article-body mb-nof-24 px-nof-16\">Eveliina Tuulia, 28, Helsinki<\/p>\n<p class=\"article-body mb-nof-24 px-nof-16\">Fanny Norrg\u00e5rd, 16, Laitila<\/p>\n<p class=\"article-body mb-nof-24 px-nof-16\">Flora Ann Hein\u00e4suo, 25, Helsinki<\/p>\n<p class=\"article-body mb-nof-24 px-nof-16\">Greta Mandelin, 40, Helsinki<\/p>\n<p class=\"article-body mb-nof-24 px-nof-16\">Hana Orllati, 19, Vantaa<\/p>\n<p class=\"article-body mb-nof-24 px-nof-16\">Hanna Leino, 37, Hollola<\/p>\n<p class=\"article-body mb-nof-24 px-nof-16\">Heidi F\u00f6rsti, 17, Sein\u00e4joki<\/p>\n<p class=\"article-body mb-nof-24 px-nof-16\">Heidi Marjaana Mantere, 56, Helsinki<\/p>\n<p class=\"article-body mb-nof-24 px-nof-16\">Helena Haaparanta, 40, Helsinki<\/p>\n<p class=\"article-body mb-nof-24 px-nof-16\">Helni Jurvelin, 17, Oulu<\/p>\n<p class=\"article-body mb-nof-24 px-nof-16\">Henna Vahtera, 39, Vantaa<\/p>\n<p class=\"article-body mb-nof-24 px-nof-16\">Idaliia Tunturipuro, 33, Helsinki<\/p>\n<p class=\"article-body mb-nof-24 px-nof-16\">Iiris Aalto-Set\u00e4l\u00e4, 25, Helsinki<\/p>\n<p class=\"article-body mb-nof-24 px-nof-16\">Ilari Mattila, 32, Tampere<\/p>\n<p class=\"article-body mb-nof-24 px-nof-16\">Jaakko Sepp\u00e4l\u00e4, 29, Helsinki<\/p>\n<p class=\"article-body mb-nof-24 px-nof-16\">Jakke Aho, 52, Turku<\/p>\n<p class=\"article-body mb-nof-24 px-nof-16\">Jane Kuivalainen, 40, Kerava<\/p>\n<p class=\"article-body mb-nof-24 px-nof-16\">Janita Ruhala, 34, Haapaj\u00e4rvi<\/p>\n<p class=\"article-body mb-nof-24 px-nof-16\">Jarkko Timonen, 36, Tampere<\/p>\n<p class=\"article-body mb-nof-24 px-nof-16\">Jarmo Saarni, 29, Oulu<\/p>\n<p class=\"article-body mb-nof-24 px-nof-16\">Jarno Perokorpi, 37, Helsinki<\/p>\n<p class=\"article-body mb-nof-24 px-nof-16\">Jasmin Hertzberg, 39, Tuusula<\/p>\n<p class=\"article-body mb-nof-24 px-nof-16\">Jenni Johanna, 37, Enonteki\u00f6<\/p>\n<p class=\"article-body mb-nof-24 px-nof-16\">Jisook Kim, 43, Tampere<\/p>\n<p class=\"article-body mb-nof-24 px-nof-16\">John Danzig, 41, Lahti<\/p>\n<p class=\"article-body mb-nof-24 px-nof-16\">Joni Peltonen, 24, Harjavalta<\/p>\n<p class=\"article-body mb-nof-24 px-nof-16\">Jose Carlos, 32, Vantaa<\/p>\n<p class=\"article-body mb-nof-24 px-nof-16\">Julia Trinh, 23, Helsinki<\/p>\n<p class=\"article-body mb-nof-24 px-nof-16\">Jussi Koivisto, 33, Kiiminki<\/p>\n<p class=\"article-body mb-nof-24 px-nof-16\">Jussi Mattsson, 39, Kouvola<\/p>\n<p class=\"article-body mb-nof-24 px-nof-16\">Justiina Luukaslammi, 25, Tampere<\/p>\n<p class=\"article-body mb-nof-24 px-nof-16\">Jyry Pietik\u00e4inen, 22, Lahti<\/p>\n<p class=\"article-body mb-nof-24 px-nof-16\">Kaapro Baumgartner, 33, Tuusula<\/p>\n<p class=\"article-body mb-nof-24 px-nof-16\">Kalle Caiania, 37, Kiuruvesi<\/p>\n<p class=\"article-body mb-nof-24 px-nof-16\">Kalle Jussila, 64, M\u00e4nts\u00e4l\u00e4<\/p>\n<p class=\"article-body mb-nof-24 px-nof-16\">Karim Ameziane, 29, Tampere<\/p>\n<p class=\"article-body mb-nof-24 px-nof-16\">Katariina Koivusalo, 42, Ylih\u00e4rm\u00e4<\/p>\n<p class=\"article-body mb-nof-24 px-nof-16\">Kelly Koger, 19, Helsinki<\/p>\n<p class=\"article-body mb-nof-24 px-nof-16\">Kiia Pitk\u00e4nen, 25, Espoo<\/p>\n<p class=\"article-body mb-nof-24 px-nof-16\">Kreetta Sihvola, 25, Helsinki<\/p>\n<p class=\"article-body mb-nof-24 px-nof-16\">Kristian Meurman, 45, Lohja<\/p>\n<p class=\"article-body mb-nof-24 px-nof-16\">Leena Saarinen, 61, Riihim\u00e4ki<\/p>\n<p class=\"article-body mb-nof-24 px-nof-16\">Leeni Pihlakoski, 29, Espoo<\/p>\n<p class=\"article-body mb-nof-24 px-nof-16\">Madeleine Laure, 35, Helsinki<\/p>\n<p class=\"article-body mb-nof-24 px-nof-16\">Marcus Vuorela, 27, Savonlinna<\/p>\n<p class=\"article-body mb-nof-24 px-nof-16\">Maria Forsman, 27, Helsinki<\/p>\n<p class=\"article-body mb-nof-24 px-nof-16\">Marika Laaksonen, 38, Laitila<\/p>\n<p class=\"article-body mb-nof-24 px-nof-16\">Marjut Rahkola, 48, Rovaniemi<\/p>\n<p class=\"article-body mb-nof-24 px-nof-16\">Markus Blom, 42, Kaarina<\/p>\n<p class=\"article-body mb-nof-24 px-nof-16\">Markus Kuusisto, 49, Sastamala<\/p>\n<p class=\"article-body mb-nof-24 px-nof-16\">Max Lindblom, 21, Espoo<\/p>\n<p class=\"article-body mb-nof-24 px-nof-16\">Merette Brandt, 35, Jyv\u00e4skyl\u00e4<\/p>\n<p class=\"article-body mb-nof-24 px-nof-16\">Minna M\u00e4kel\u00e4, 25, Helsinki<\/p>\n<p class=\"article-body mb-nof-24 px-nof-16\">Nattalie Hill, 30, Jyv\u00e4skyl\u00e4<\/p>\n<p class=\"article-body mb-nof-24 px-nof-16\">Nea Polvinen, 21, Oulu<\/p>\n<p class=\"article-body mb-nof-24 px-nof-16\">Nico Antero, 40, J\u00e4rvenp\u00e4\u00e4<\/p>\n<p class=\"article-body mb-nof-24 px-nof-16\">Niklas Tontti, 21, Turku<\/p>\n<p class=\"article-body mb-nof-24 px-nof-16\">Nina Lindroos, 43, Kauniainen<\/p>\n<p class=\"article-body mb-nof-24 px-nof-16\">Ninja Saastamoinen, 36, Lahti<\/p>\n<p class=\"article-body mb-nof-24 px-nof-16\">Ohto Heiskanen, 18, Espoo<\/p>\n<p class=\"article-body mb-nof-24 px-nof-16\">Omotola Adeshina, 27, Helsinki<\/p>\n<p class=\"article-body mb-nof-24 px-nof-16\">Onni Eloranta, 26, Kerava<\/p>\n<p class=\"article-body mb-nof-24 px-nof-16\">Onni Hyt\u00f6nen, 21, Helsinki<\/p>\n<p class=\"article-body mb-nof-24 px-nof-16\">Oona Nieminen, 25, Helsinki<\/p>\n<p class=\"article-body mb-nof-24 px-nof-16\">Oskari Airisniemi, 27, J\u00e4rvenp\u00e4\u00e4<\/p>\n<p class=\"article-body mb-nof-24 px-nof-16\">Rubin Grace, 34, Espoo<\/p>\n<p class=\"article-body mb-nof-24 px-nof-16\">Ruut Kannikoski, 22, Sipoo<\/p>\n<p class=\"article-body mb-nof-24 px-nof-16\">Saimi Raassina, 23, Helsinki<\/p>\n<p class=\"article-body mb-nof-24 px-nof-16\">Samuli Suvanto, 26, Turku<\/p>\n<p class=\"article-body mb-nof-24 px-nof-16\">Sanni Tolkkinen, 25, Taivalkoski<\/p>\n<p class=\"article-body mb-nof-24 px-nof-16\">Sanniina Valkeamets\u00e4, 28, Jyv\u00e4skyl\u00e4<\/p>\n<p class=\"article-body mb-nof-24 px-nof-16\">Sari Hopia, 57, Helsinki<\/p>\n<p class=\"article-body mb-nof-24 px-nof-16\">Saw Shane, 38, Ruokolahti<\/p>\n<p class=\"article-body mb-nof-24 px-nof-16\">Selma Lepist\u00f6, 19, Espoo<\/p>\n<p class=\"article-body mb-nof-24 px-nof-16\">Sesilia Azmat, 17, Espoo<\/p>\n<p class=\"article-body mb-nof-24 px-nof-16\">Severi Honkonen, 24, Tampere<\/p>\n<p class=\"article-body mb-nof-24 px-nof-16\">Shambhu Adhikari, 23, Turku<\/p>\n<p class=\"article-body mb-nof-24 px-nof-16\">Sini Tiusanen, 22, Kokkola<\/p>\n<p class=\"article-body mb-nof-24 px-nof-16\">Tara Hasan, 22, Helsinki<\/p>\n<p class=\"article-body mb-nof-24 px-nof-16\">Tarja Koponen, 62, Ylivieska<\/p>\n<p class=\"article-body mb-nof-24 px-nof-16\">Teemu Sytel\u00e4, 33, Jyv\u00e4skyl\u00e4<\/p>\n<p class=\"article-body mb-nof-24 px-nof-16\">Teresa Jokinen, 16, Tampere<\/p>\n<p class=\"article-body mb-nof-24 px-nof-16\">Tom S\u00f6derstr\u00f6m, 60, Suolahti<\/p>\n<p class=\"article-body mb-nof-24 px-nof-16\">Tony Romeo, 36, Saarij\u00e4rvi<\/p>\n<p class=\"article-body mb-nof-24 px-nof-16\">Tuomas Savolainen, 40, Kokkola<\/p>\n<p class=\"article-body mb-nof-24 px-nof-16\">Tuuli Kantola, 16, Jokioinen<\/p>\n<p class=\"article-body mb-nof-24 px-nof-16\">Valtteri Uotila, 26, Helsinki<\/p>\n<p class=\"article-body mb-nof-24 px-nof-16\">Venla Salmi, 37, Turku<\/p>\n<p class=\"article-body mb-nof-24 px-nof-16\">Viivi-Maria Grosvenor, 28, Kirkkonummi<\/p>\n<p class=\"article-body mb-nof-24 px-nof-16\">Ville Pulkkinen, 28, Kemi<\/p>\n<p class=\"article-body mb-nof-24 px-nof-16\">V\u00e4in\u00f6 Riihim\u00e4ki, 27, Espoo<\/p>\n<p class=\"article-body mb-nof-24 px-nof-16\">Yeva Khelal, 21, Turku<\/p>\n","protected":false},"excerpt":{"rendered":"Kaikki vuoden 2026 The Voice of Finland -laulajat: Ada Wessberg, 26, Pori Adele Kemil\u00e4inen, 23, Kuopio Anita Poti,&hellip;\n","protected":false},"author":2,"featured_media":141090,"comment_status":"","ping_status":"","sticky":false,"template":"","format":"standard","meta":{"footnotes":""},"categories":[130],"tags":[137,33,31,30,34,32,109],"class_list":{"0":"post-141089","1":"post","2":"type-post","3":"status-publish","4":"format-standard","5":"has-post-thumbnail","7":"category-viihde","8":"tag-entertainment","9":"tag-fi","10":"tag-finland","11":"tag-finnish","12":"tag-ilta-sanomat","13":"tag-suomi","14":"tag-viihde"},"share_on_mastodon":{"url":"https:\/\/pubeurope.com\/@fi\/115887345691717507","error":""},"_links":{"self":[{"href":"https:\/\/www.europesays.com\/fi\/wp-json\/wp\/v2\/posts\/141089","targetHints":{"allow":["GET"]}}],"collection":[{"href":"https:\/\/www.europesays.com\/fi\/wp-json\/wp\/v2\/posts"}],"about":[{"href":"https:\/\/www.europesays.com\/fi\/wp-json\/wp\/v2\/types\/post"}],"author":[{"embeddable":true,"href":"https:\/\/www.europesays.com\/fi\/wp-json\/wp\/v2\/users\/2"}],"replies":[{"embeddable":true,"href":"https:\/\/www.europesays.com\/fi\/wp-json\/wp\/v2\/comments?post=141089"}],"version-history":[{"count":0,"href":"https:\/\/www.europesays.com\/fi\/wp-json\/wp\/v2\/posts\/141089\/revisions"}],"wp:featuredmedia":[{"embeddable":true,"href":"https:\/\/www.europesays.com\/fi\/wp-json\/wp\/v2\/media\/141090"}],"wp:attachment":[{"href":"https:\/\/www.europesays.com\/fi\/wp-json\/wp\/v2\/media?parent=141089"}],"wp:term":[{"taxonomy":"category","embeddable":true,"href":"https:\/\/www.europesays.com\/fi\/wp-json\/wp\/v2\/categories?post=141089"},{"taxonomy":"post_tag","embeddable":true,"href":"https:\/\/www.europesays.com\/fi\/wp-json\/wp\/v2\/tags?post=141089"}],"curies":[{"name":"wp","href":"https:\/\/api.w.org\/{rel}","templated":true}]}}