{"id":141093,"date":"2026-01-13T10:38:06","date_gmt":"2026-01-13T10:38:06","guid":{"rendered":"https:\/\/www.europesays.com\/fi\/141093\/"},"modified":"2026-01-13T10:38:06","modified_gmt":"2026-01-13T10:38:06","slug":"yhdysvallat-tuomitsee-venajan-tuhovoimaisella-ohjuksella-ukrainaan-tekeman-iskun","status":"publish","type":"post","link":"https:\/\/www.europesays.com\/fi\/141093\/","title":{"rendered":"Yhdysvallat tuomitsee Ven\u00e4j\u00e4n tuhovoimaisella ohjuksella Ukrainaan tekem\u00e4n iskun"},"content":{"rendered":"<p>\n\t\t\t\tVen\u00e4j\u00e4 ilmoitti viime perjantaina iskeneens\u00e4 Ukrainassa strategiseen kohteeseen Oreshnik-ohjuksella.\n\t\t\t<\/p>\n<p>\n\tSTT\t13.1.2026 8:24, muokattu<br \/>\n\t13.1.2026 9:35\n<\/p>\n<p>\t\t\t\t\t\t\t\t\tUkrainan sota<\/p>\n<p>Yhdysvallat sanoo tuomitsevansa iskun, jonka Ven\u00e4j\u00e4 teki Ukrainaan hypersoonisella Oreshnik-ohjuksella viime viikolla. Yhdysvallat kommentoi iskua YK:n turvallisuusneuvoston h\u00e4t\u00e4kokouksessa maanantaina.<\/p>\n<p>Yhdysvaltain varal\u00e4hettil\u00e4s YK:ssa <strong>Tammy Bruce<\/strong> kutsui iskua k\u00e4sitt\u00e4m\u00e4tt\u00f6m\u00e4ksi eskalaatioksi tilanteessa, jossa Yhdysvallat k\u00e4y neuvotteluja muun muassa Ukrainan ja Ven\u00e4j\u00e4n kanssa sodan lopettamiseksi.<\/p>\n<p>\u2013\u2009Tuomitsemme Ven\u00e4j\u00e4n jatkuvat ja kiihtyv\u00e4t hy\u00f6kk\u00e4ykset Ukrainan energialaitoksiin ja muuhun siviili-infrastruktuuriin, Bruce jatkoi.<\/p>\n<p>Ven\u00e4j\u00e4 ilmoitti viime perjantaina iskeneens\u00e4 Ukrainassa strategiseen kohteeseen Oreshnik-ohjuksella, jollaista se oli edellisen kerran k\u00e4ytt\u00e4nyt toissa vuonna. Ohjus voidaan ladata my\u00f6s ydink\u00e4rjell\u00e4.<\/p>\n<p>Ven\u00e4j\u00e4n mukaan ohjus osui Lvivin alueella sijaitsevaan lentokoneita korjaavaan tehtaaseen. Maan mukaan ohjus laukaistiin vastauksena Ukrainan yritykseen iske\u00e4 yhteen Ven\u00e4j\u00e4n presidentti <strong>Vladimir Putinin<\/strong> kiinteist\u00f6ist\u00e4. Ukraina on kiist\u00e4nyt Ven\u00e4j\u00e4n syyt\u00f6ksen pyrkimyksist\u00e4 iske\u00e4 Putinin kiinteist\u00f6\u00f6n.<\/p>\n<p>Ven\u00e4j\u00e4n viime y\u00f6n iskut ovat surmanneet ainakin nelj\u00e4 ihmist\u00e4 Ukrainassa Harkovan alueella. Asiasta kertoi varhain tiistaina alueen kuvern\u00f6\u00f6ri <strong>Oleh Synjehubov<\/strong>, jonka mukaan ainakin kuusi ihmist\u00e4 on lis\u00e4ksi haavoittunut.<\/p>\n<p>Harkovan kaupungin pormestari <strong>Ihor Terehov<\/strong> vuorostaan sanoi, ett\u00e4 Ven\u00e4j\u00e4n lennokki-isku oli osunut lapsille tarkoitettuun terveyslaitokseen ja aiheuttanut tulipalon.<\/p>\n<p>Ukraina kertoo Ven\u00e4j\u00e4n iskeneen viime y\u00f6n\u00e4 kahdesti my\u00f6s Mustanmeren rannalla sijaitsevaan Odessan satamakaupunkiin. Iskuissa on haavoittunut ainakin viisi ihmist\u00e4. Odessan alueen kuvern\u00f6\u00f6ri <strong>Serhi Lysak <\/strong>sanoi iskujen vaurioittaneen asuintaloja, sairaalaa ja p\u00e4iv\u00e4kotia.<\/p>\n<p>Ven\u00e4j\u00e4 on viime kuukausina moukaroinut Ukrainaa jotakuinkin p\u00e4ivitt\u00e4in lennokein ja ohjuksin. Iskuja on kohdistettu muun muassa maan energiainfrastruktuuriin.<\/p>\n","protected":false},"excerpt":{"rendered":"Ven\u00e4j\u00e4 ilmoitti viime perjantaina iskeneens\u00e4 Ukrainassa strategiseen kohteeseen Oreshnik-ohjuksella. STT 13.1.2026 8:24, muokattu 13.1.2026 9:35 Ukrainan sota Yhdysvallat&hellip;\n","protected":false},"author":2,"featured_media":141094,"comment_status":"","ping_status":"","sticky":false,"template":"","format":"standard","meta":{"footnotes":""},"categories":[14],"tags":[22,23,26,27,33,31,30,17,24,25,28,29,15,18,21,32,19,20,56,16,59,60,61],"class_list":{"0":"post-141093","1":"post","2":"type-post","3":"status-publish","4":"format-standard","5":"has-post-thumbnail","7":"category-ulkomaat","8":"tag-breaking-news","9":"tag-breakingnews","10":"tag-featured-news","11":"tag-featurednews","12":"tag-fi","13":"tag-finland","14":"tag-finnish","15":"tag-headlines","16":"tag-latest-news","17":"tag-latestnews","18":"tag-main-news","19":"tag-mainnews","20":"tag-news","21":"tag-otsikot","22":"tag-paauutiset","23":"tag-suomi","24":"tag-top-stories","25":"tag-topstories","26":"tag-ulkomaat","27":"tag-uutiset","28":"tag-world","29":"tag-world-news","30":"tag-worldnews"},"share_on_mastodon":{"url":"https:\/\/pubeurope.com\/@fi\/115887361490678534","error":""},"_links":{"self":[{"href":"https:\/\/www.europesays.com\/fi\/wp-json\/wp\/v2\/posts\/141093","targetHints":{"allow":["GET"]}}],"collection":[{"href":"https:\/\/www.europesays.com\/fi\/wp-json\/wp\/v2\/posts"}],"about":[{"href":"https:\/\/www.europesays.com\/fi\/wp-json\/wp\/v2\/types\/post"}],"author":[{"embeddable":true,"href":"https:\/\/www.europesays.com\/fi\/wp-json\/wp\/v2\/users\/2"}],"replies":[{"embeddable":true,"href":"https:\/\/www.europesays.com\/fi\/wp-json\/wp\/v2\/comments?post=141093"}],"version-history":[{"count":0,"href":"https:\/\/www.europesays.com\/fi\/wp-json\/wp\/v2\/posts\/141093\/revisions"}],"wp:featuredmedia":[{"embeddable":true,"href":"https:\/\/www.europesays.com\/fi\/wp-json\/wp\/v2\/media\/141094"}],"wp:attachment":[{"href":"https:\/\/www.europesays.com\/fi\/wp-json\/wp\/v2\/media?parent=141093"}],"wp:term":[{"taxonomy":"category","embeddable":true,"href":"https:\/\/www.europesays.com\/fi\/wp-json\/wp\/v2\/categories?post=141093"},{"taxonomy":"post_tag","embeddable":true,"href":"https:\/\/www.europesays.com\/fi\/wp-json\/wp\/v2\/tags?post=141093"}],"curies":[{"name":"wp","href":"https:\/\/api.w.org\/{rel}","templated":true}]}}