{"id":141103,"date":"2026-01-13T11:00:09","date_gmt":"2026-01-13T11:00:09","guid":{"rendered":"https:\/\/www.europesays.com\/fi\/141103\/"},"modified":"2026-01-13T11:00:09","modified_gmt":"2026-01-13T11:00:09","slug":"musinen-kevatohjelmistossa-huippuartisteja-ja-kulinarismia","status":"publish","type":"post","link":"https:\/\/www.europesays.com\/fi\/141103\/","title":{"rendered":"Musinen kev\u00e4tohjelmistossa huippuartisteja ja kulinarismia"},"content":{"rendered":"<p>Musinen ja Bizarren kev\u00e4\u00e4n 2026 ohjelmisto tarjoaa nousevia artisteja, takavuosilta tuttuja suosikkeja ja kotimaan huippuartisteja. Kev\u00e4\u00e4n 2026 ohjelmisto on nyt p\u00e4\u00e4osin julkaistu. Uutena ohjelmistossa on erilaiset ruokaan ja juomaan liittyv\u00e4t tapahtumat ja festivaalit, joita tullaan toteuttamaan pitkin vuotta.<\/p>\n<p>Esimerkiksi helmikuun alussa toteutettava perinteinen englantilainen Afternoon Tea -tapahtuma tuo Lontoon tunnelmaa Musinen alakerran tiloihin: menusta l\u00f6ytyy teen lis\u00e4ksi tietysti kolmioleipi\u00e4 ja skonsseja, tunnelmaa luo teemaan sopiva livemusiikki.<\/p>\n<p>Nousevista artisteista mainittakoon <b>Eroma<\/b> sek\u00e4 salolaisen <b>Roosa Mikkolan<\/b> levynjulkkarit Musinessa 30. tammikuuta. Nuoremmalle v\u00e4elle on tarjolla UMK:stakin tuttu artisti Costee, joka nousee lavalle heti helmikuun alussa.<\/p>\n<p>Joitakin takavuosina suursuosiossa olleita yhtyeit\u00e4 pys\u00e4htyy kev\u00e4\u00e4n aikana my\u00f6s Musinessa. Niist\u00e4 mainittakoon Egotrippi, Happoradio ja Juliet Jonesin Syd\u00e4n.<\/p>\n<p>Huippunimist\u00e4 kev\u00e4\u00e4ll\u00e4 Salossa n\u00e4hd\u00e4\u00e4n juuri syksyll\u00e4 2025 uuden albuminsa julkaissut <b>Tuure Kilpel\u00e4inen<\/b> yhtyeineen sek\u00e4 <b>Laura Voutilaisen<\/b> Kerran Kev\u00e4\u00e4ll\u00e4-kiertue, jossa kuullaan Lauran rakastetuimpia lauluja ja uusia s\u00e4velmi\u00e4.<\/p>\n<p>Musinen ohjelmassa n\u00e4kyy tuttuun tapaan monet paikallisten yhteisty\u00f6kumppaneiden kanssa toteutetut ohjelmistot kuten SaloJazz ry:n ja Teatteri Provinssin tuottamat ohjelmat l\u00e4pi vuoden.<\/p>\n<p>Lis\u00e4ksi kuullaan j\u00e4lleen Irlantilaismusiikkia Salo Irish ry:n tuottamana.<\/p>\n<p>Musinen kev\u00e4t alkaa jo 28. tammikuuta. kun kuukausittaiset Improkubi Ilottomat alkavat alkuvuoden tauon j\u00e4lkeen. Helmikuun talvikarnevaalien lis\u00e4ksi luvassa on Salo Stand Up Klubin- illat, jotka tuottaa Teatteri Provinssi.<\/p>\n<p>Bizarren puolella keskityt\u00e4\u00e4n livemusiikkiin ja DJ artisteihin.<\/p>\n<p>Koko Musinen ohjelma l\u00f6ytyy www.musine.fi\/tapahtumat. Bizarren ohjelma l\u00f6ytyy osoitteesta www.bizarre.fi.<\/p>\n<p>\t\t\t\t<a href=\"https:\/\/www.sss.fi\/2026\/01\/musinen-kevatohjelmistossa-huippuartisteja-ja-kulinarismia\/attachment\/11656792\/\" rel=\"nofollow noopener\" target=\"_blank\"><img fetchpriority=\"high\" decoding=\"async\" width=\"504\" height=\"504\" src=\"https:\/\/www.europesays.com\/fi\/wp-content\/uploads\/2026\/01\/11656792.jpg\" class=\"attachment-large size-large\" alt=\"\" aria-describedby=\"gallery-1-1018674\"  \/><\/a><\/p>\n<p>\t\t\t\tTuure Kilpel\u00e4inen tulee Musineen<\/p>\n<p>\t\t\t\t<a href=\"https:\/\/www.sss.fi\/2026\/01\/musinen-kevatohjelmistossa-huippuartisteja-ja-kulinarismia\/costee-on-musinessa-helmikuun-alussa\/\" rel=\"nofollow noopener\" target=\"_blank\"><img loading=\"lazy\" decoding=\"async\" width=\"504\" height=\"504\" src=\"https:\/\/www.europesays.com\/fi\/wp-content\/uploads\/2026\/01\/11656795.jpg\" class=\"attachment-large size-large\" alt=\"\" aria-describedby=\"gallery-1-1018675\"  \/><\/a><\/p>\n<p>\t\t\t\tCostee on Musinessa helmikuun alussa.<\/p>\n<p>\t\t\t\t<a href=\"https:\/\/www.sss.fi\/2026\/01\/musinen-kevatohjelmistossa-huippuartisteja-ja-kulinarismia\/laura-voutilainen-esiintyy-musinessa-huhtikuussa\/\" rel=\"nofollow noopener\" target=\"_blank\"><img loading=\"lazy\" decoding=\"async\" width=\"504\" height=\"504\" src=\"https:\/\/www.europesays.com\/fi\/wp-content\/uploads\/2026\/01\/11656791.jpg\" class=\"attachment-large size-large\" alt=\"\" aria-describedby=\"gallery-1-1018676\"  \/><\/a><\/p>\n<p>\t\t\t\tLaura Voutilainen esiintyy Musinessa huhtikuussa.<\/p>\n<p>\t\t\t\t<a href=\"https:\/\/www.sss.fi\/2026\/01\/musinen-kevatohjelmistossa-huippuartisteja-ja-kulinarismia\/egotrippi-soittaa-musinessa-maaliskuussa\/\" rel=\"nofollow noopener\" target=\"_blank\"><img loading=\"lazy\" decoding=\"async\" width=\"504\" height=\"504\" src=\"https:\/\/www.europesays.com\/fi\/wp-content\/uploads\/2026\/01\/11656796.jpg\" class=\"attachment-large size-large\" alt=\"\" aria-describedby=\"gallery-1-1018677\"  \/><\/a><\/p>\n<p>\t\t\t\tEgotrippi soittaa Musinessa maaliskuussa.<\/p>\n","protected":false},"excerpt":{"rendered":"Musinen ja Bizarren kev\u00e4\u00e4n 2026 ohjelmisto tarjoaa nousevia artisteja, takavuosilta tuttuja suosikkeja ja kotimaan huippuartisteja. Kev\u00e4\u00e4n 2026 ohjelmisto&hellip;\n","protected":false},"author":2,"featured_media":141104,"comment_status":"","ping_status":"","sticky":false,"template":"","format":"standard","meta":{"footnotes":""},"categories":[130],"tags":[137,33,31,30,32,109],"class_list":{"0":"post-141103","1":"post","2":"type-post","3":"status-publish","4":"format-standard","5":"has-post-thumbnail","7":"category-viihde","8":"tag-entertainment","9":"tag-fi","10":"tag-finland","11":"tag-finnish","12":"tag-suomi","13":"tag-viihde"},"share_on_mastodon":{"url":"https:\/\/pubeurope.com\/@fi\/115887447983190336","error":""},"_links":{"self":[{"href":"https:\/\/www.europesays.com\/fi\/wp-json\/wp\/v2\/posts\/141103","targetHints":{"allow":["GET"]}}],"collection":[{"href":"https:\/\/www.europesays.com\/fi\/wp-json\/wp\/v2\/posts"}],"about":[{"href":"https:\/\/www.europesays.com\/fi\/wp-json\/wp\/v2\/types\/post"}],"author":[{"embeddable":true,"href":"https:\/\/www.europesays.com\/fi\/wp-json\/wp\/v2\/users\/2"}],"replies":[{"embeddable":true,"href":"https:\/\/www.europesays.com\/fi\/wp-json\/wp\/v2\/comments?post=141103"}],"version-history":[{"count":0,"href":"https:\/\/www.europesays.com\/fi\/wp-json\/wp\/v2\/posts\/141103\/revisions"}],"wp:featuredmedia":[{"embeddable":true,"href":"https:\/\/www.europesays.com\/fi\/wp-json\/wp\/v2\/media\/141104"}],"wp:attachment":[{"href":"https:\/\/www.europesays.com\/fi\/wp-json\/wp\/v2\/media?parent=141103"}],"wp:term":[{"taxonomy":"category","embeddable":true,"href":"https:\/\/www.europesays.com\/fi\/wp-json\/wp\/v2\/categories?post=141103"},{"taxonomy":"post_tag","embeddable":true,"href":"https:\/\/www.europesays.com\/fi\/wp-json\/wp\/v2\/tags?post=141103"}],"curies":[{"name":"wp","href":"https:\/\/api.w.org\/{rel}","templated":true}]}}