{"id":141109,"date":"2026-01-13T11:05:07","date_gmt":"2026-01-13T11:05:07","guid":{"rendered":"https:\/\/www.europesays.com\/fi\/141109\/"},"modified":"2026-01-13T11:05:07","modified_gmt":"2026-01-13T11:05:07","slug":"vanhusten-huonoa-kohtelua-ei-voi-selittaa-saastoilla","status":"publish","type":"post","link":"https:\/\/www.europesays.com\/fi\/141109\/","title":{"rendered":"Vanhusten huonoa kohtelua ei voi selitt\u00e4\u00e4 s\u00e4\u00e4st\u00f6ill\u00e4"},"content":{"rendered":"<p>Muut lehdet|Palstalle kootaan kiinnostavia n\u00e4kemyksi\u00e4 muusta mediasta.<\/p>\n<p class=\"article-body mb-nof-24 px-nof-16\">Savon Sanomat kirjoittaa, ett\u00e4 tuoliin sidotun vanhuksen kuristuminen kuoliaaksi Esperin hoivakodissa Turussa on traaginen \u00e4\u00e4riesimerkki hoivakotien vakavista ongelmista, jotka yleens\u00e4 tulevat ilmi vasta julkisuuteen p\u00e4\u00e4tyneiden yksitt\u00e4istapausten kautta.<\/p>\n<p class=\"article-body mb-nof-24 px-nof-16\">\u201dVanhustenhoitoon kohdistuneet leikkaukset johtavat kiireeseen, joka koettelee hoitajien ammatillista etiikkaa. Mill\u00e4\u00e4n s\u00e4\u00e4st\u00f6ill\u00e4 ei kuitenkaan voi selitt\u00e4\u00e4 asiakkaiden ep\u00e4asiallista kohtelua tai pahimmillaan hengen vaarantamista. Vanhushoivan kriisiss\u00e4 onkin erotettava kaksi tasoa: resurssit ovat riitt\u00e4m\u00e4tt\u00f6m\u00e4t, mutta my\u00f6s valvonta on j\u00e4tetty retuper\u00e4lle.\u201d<\/p>\n<p class=\"article-body mb-nof-24 px-nof-16\">\u201dVanhushoivasta puuttuu my\u00f6s tekevi\u00e4 k\u00e4si\u00e4, mutta resurssipuheen korostuminen voi johtaa osin liiankin helppoihin selityksiin. Pahimman kaltoinkohtelun ehk\u00e4isy valvontaa tehostamalla ei ole kiinnostanut poliittisia p\u00e4\u00e4tt\u00e4ji\u00e4 samassa m\u00e4\u00e4rin. Paljastuneet ep\u00e4kohdat osoittavat vuosi toisensa j\u00e4lkeen, ett\u00e4 omavalvonta ja nykyiset tarkastusk\u00e4yt\u00e4nn\u00f6t eiv\u00e4t riit\u00e4. Tarvitaan tiukempaa lains\u00e4\u00e4d\u00e4nt\u00f6\u00e4, joka velvoittaa valvovia viranomaisia korjausliikkeisiin.\u201d<\/p>\n<p class=\"article-body mb-nof-24 px-nof-16\">Turun Sanomat odottaa Esperi Carelta avoimuutta suhteessa viranomaisiin ja hoitok\u00e4yt\u00e4nn\u00f6iss\u00e4 mahdollisesti olevien ep\u00e4kohtien korjaamista.<\/p>\n<p class=\"article-body mb-nof-24 px-nof-16\">\u201dSamalla on syyt\u00e4 korostaa, ett\u00e4 kuolemaan johtaneissa tapahtumissa ei ole viitteit\u00e4 tahallisuudesta. Sitominen kuulostaa toimenpiteen\u00e4 rajulta, mutta oikein toteutettuna siihen voi joissain tilanteissa olla hoivalaitoksissa perusteita. Esimerkiksi tiettyihin muistisairauksiin voi liitty\u00e4 arvaamatonta k\u00e4ytt\u00e4ytymist\u00e4, jolloin asukkaan rauhoittaminen on tarpeen. Toimenpiteiden pit\u00e4\u00e4 kuitenkin olla oikein mitoitettuja, ja keinovalikoimasta on valittava ensisijaisesti mahdollisimman lievi\u00e4 toimenpiteit\u00e4.\u201d<\/p>\n<p class=\"article-body mb-nof-24 px-nof-16\">\u201dHoivakodeissa ja palvelutaloissa asumiseen voi liitty\u00e4 riskej\u00e4 my\u00f6s esimerkiksi liikkumisen osalta. N\u00e4k\u00f6- tai liikuntavammasta k\u00e4rsiville on taattava mahdollisuus turvalliseen liikkumiseen niin, ettei esimerkiksi suistuminen portaikkoon py\u00f6r\u00e4tuolilla tai rollaattorilla ole mahdollista.\u201d<\/p>\n<p class=\"article-body mb-nof-24 px-nof-16\">\u201dOnnettomuuksia ja hoitovirheit\u00e4 sattuu onneksi harvoin hoidettavien henkil\u00f6iden m\u00e4\u00e4r\u00e4\u00e4n n\u00e4hden. Jokaisen tapauksen pit\u00e4\u00e4 kuitenkin her\u00e4tt\u00e4\u00e4 pohtimaan, miten asiat voitaisiin tehd\u00e4 viel\u00e4 paremmin. Tarve korostuu, koska hoivalaitoksissa asuvien m\u00e4\u00e4r\u00e4 kasvaa v\u00e4est\u00f6n ik\u00e4\u00e4ntyess\u00e4.\u201d<\/p>\n","protected":false},"excerpt":{"rendered":"Muut lehdet|Palstalle kootaan kiinnostavia n\u00e4kemyksi\u00e4 muusta mediasta. Savon Sanomat kirjoittaa, ett\u00e4 tuoliin sidotun vanhuksen kuristuminen kuoliaaksi Esperin hoivakodissa&hellip;\n","protected":false},"author":2,"featured_media":96697,"comment_status":"","ping_status":"","sticky":false,"template":"","format":"standard","meta":{"footnotes":""},"categories":[12],"tags":[22,23,26,27,33,31,30,17,46,24,25,28,29,15,18,21,32,19,20,16],"class_list":{"0":"post-141109","1":"post","2":"type-post","3":"status-publish","4":"format-standard","5":"has-post-thumbnail","7":"category-suomi","8":"tag-breaking-news","9":"tag-breakingnews","10":"tag-featured-news","11":"tag-featurednews","12":"tag-fi","13":"tag-finland","14":"tag-finnish","15":"tag-headlines","16":"tag-helsingin-sanomat","17":"tag-latest-news","18":"tag-latestnews","19":"tag-main-news","20":"tag-mainnews","21":"tag-news","22":"tag-otsikot","23":"tag-paauutiset","24":"tag-suomi","25":"tag-top-stories","26":"tag-topstories","27":"tag-uutiset"},"share_on_mastodon":{"url":"https:\/\/pubeurope.com\/@fi\/115887467588684279","error":""},"_links":{"self":[{"href":"https:\/\/www.europesays.com\/fi\/wp-json\/wp\/v2\/posts\/141109","targetHints":{"allow":["GET"]}}],"collection":[{"href":"https:\/\/www.europesays.com\/fi\/wp-json\/wp\/v2\/posts"}],"about":[{"href":"https:\/\/www.europesays.com\/fi\/wp-json\/wp\/v2\/types\/post"}],"author":[{"embeddable":true,"href":"https:\/\/www.europesays.com\/fi\/wp-json\/wp\/v2\/users\/2"}],"replies":[{"embeddable":true,"href":"https:\/\/www.europesays.com\/fi\/wp-json\/wp\/v2\/comments?post=141109"}],"version-history":[{"count":0,"href":"https:\/\/www.europesays.com\/fi\/wp-json\/wp\/v2\/posts\/141109\/revisions"}],"wp:featuredmedia":[{"embeddable":true,"href":"https:\/\/www.europesays.com\/fi\/wp-json\/wp\/v2\/media\/96697"}],"wp:attachment":[{"href":"https:\/\/www.europesays.com\/fi\/wp-json\/wp\/v2\/media?parent=141109"}],"wp:term":[{"taxonomy":"category","embeddable":true,"href":"https:\/\/www.europesays.com\/fi\/wp-json\/wp\/v2\/categories?post=141109"},{"taxonomy":"post_tag","embeddable":true,"href":"https:\/\/www.europesays.com\/fi\/wp-json\/wp\/v2\/tags?post=141109"}],"curies":[{"name":"wp","href":"https:\/\/api.w.org\/{rel}","templated":true}]}}