{"id":141110,"date":"2026-01-13T11:06:08","date_gmt":"2026-01-13T11:06:08","guid":{"rendered":"https:\/\/www.europesays.com\/fi\/141110\/"},"modified":"2026-01-13T11:06:08","modified_gmt":"2026-01-13T11:06:08","slug":"myrskypuiden-raivaaminen-jatkuu-eri-puolilla-kaupunkia","status":"publish","type":"post","link":"https:\/\/www.europesays.com\/fi\/141110\/","title":{"rendered":"Myrskypuiden raivaaminen jatkuu eri puolilla kaupunkia"},"content":{"rendered":"<p>\n                                        Joulukuun lopulla Porin yli kulkenut myrsky aiheutti tuhoja kaupungin omistamissa metsiss\u00e4 ja sulki osia retkeily- ja ulkoilureiteist\u00e4 sek\u00e4 luontopoluista. Heti myrskyn laannuttua alkaneet puuston raivausty\u00f6t jatkuvat edelleen, ja t\u00e4ll\u00e4 viikolla t\u00f6it\u00e4 tehd\u00e4\u00e4n muun muassa Porin mets\u00e4ss\u00e4 sek\u00e4 Ahlaisten ja Pihlavan pururadoilla. Kaikkien alueilla liikkuvien toivotaan noudattavan erityist\u00e4 varovaisuutta raivauskohteiden l\u00e4heisyydess\u00e4. Raivausta odottavat alueet on merkitty sulkunauhoilla, eik\u00e4 suljetuilla reiteill\u00e4 tule kulkea.\n                                    <\/p>\n<p>\u2013 My\u00f6s esimerkiksi Herrainp\u00e4ivien luontopolku Yyteriss\u00e4 on viel\u00e4 osittain kiinni. Samoin surffirannan paikoitusalueelta kohti luontopolkua koskevalla osuudella on pieni p\u00e4tk\u00e4 suljettuna. Reittej\u00e4 avataan k\u00e4ytt\u00f6\u00f6n sit\u00e4 mukaan, kun kaatuneet ja konkeloon j\u00e4\u00e4neet puut saadaan korjattua pois. Siihen asti suljetuilla reiteill\u00e4 ja ty\u00f6koneiden l\u00e4heisyydess\u00e4 kulkeminen on turvallisuussyist\u00e4 kielletty\u00e4, muistuttaa mets\u00e4p\u00e4\u00e4llikk\u00f6 <strong>Kari Torniainen<\/strong>.<\/p>\n<p>Raivausty\u00f6t jatkuvat ymp\u00e4ri kaupunkia viel\u00e4 useiden viikkojen ajan. Ty\u00f6t keskittyv\u00e4t t\u00e4ll\u00e4 hetkell\u00e4 p\u00e4\u00e4asiassa taajamametsiin. Laajemmille, taajamien ulkopuolisille mets\u00e4alueille siirryt\u00e4\u00e4n my\u00f6hemm\u00e4ss\u00e4 vaiheessa.<\/p>\n<p>\u2013 Lis\u00e4ksi ulkoilureiteill\u00e4 korjataan my\u00f6s myrskyn piment\u00e4mi\u00e4 valaistuksia. Muun muassa Ahlaisissa, Pihlavassa, Reposaaressa ja Noormarkussa korjausty\u00f6t ovat parhaillaan k\u00e4ynniss\u00e4, jatkaa liikuntapaikkavastaava <strong>Juha-Pekka Veneskivi<\/strong>.<\/p>\n","protected":false},"excerpt":{"rendered":"Joulukuun lopulla Porin yli kulkenut myrsky aiheutti tuhoja kaupungin omistamissa metsiss\u00e4 ja sulki osia retkeily- ja ulkoilureiteist\u00e4 sek\u00e4&hellip;\n","protected":false},"author":2,"featured_media":141111,"comment_status":"","ping_status":"","sticky":false,"template":"","format":"standard","meta":{"footnotes":""},"categories":[5],"tags":[22,23,26,27,33,31,30,17,24,25,28,29,15,18,21,32,19,20,16],"class_list":{"0":"post-141110","1":"post","2":"type-post","3":"status-publish","4":"format-standard","5":"has-post-thumbnail","7":"category-otsikot","8":"tag-breaking-news","9":"tag-breakingnews","10":"tag-featured-news","11":"tag-featurednews","12":"tag-fi","13":"tag-finland","14":"tag-finnish","15":"tag-headlines","16":"tag-latest-news","17":"tag-latestnews","18":"tag-main-news","19":"tag-mainnews","20":"tag-news","21":"tag-otsikot","22":"tag-paauutiset","23":"tag-suomi","24":"tag-top-stories","25":"tag-topstories","26":"tag-uutiset"},"share_on_mastodon":{"url":"https:\/\/pubeurope.com\/@fi\/115887471551136672","error":""},"_links":{"self":[{"href":"https:\/\/www.europesays.com\/fi\/wp-json\/wp\/v2\/posts\/141110","targetHints":{"allow":["GET"]}}],"collection":[{"href":"https:\/\/www.europesays.com\/fi\/wp-json\/wp\/v2\/posts"}],"about":[{"href":"https:\/\/www.europesays.com\/fi\/wp-json\/wp\/v2\/types\/post"}],"author":[{"embeddable":true,"href":"https:\/\/www.europesays.com\/fi\/wp-json\/wp\/v2\/users\/2"}],"replies":[{"embeddable":true,"href":"https:\/\/www.europesays.com\/fi\/wp-json\/wp\/v2\/comments?post=141110"}],"version-history":[{"count":0,"href":"https:\/\/www.europesays.com\/fi\/wp-json\/wp\/v2\/posts\/141110\/revisions"}],"wp:featuredmedia":[{"embeddable":true,"href":"https:\/\/www.europesays.com\/fi\/wp-json\/wp\/v2\/media\/141111"}],"wp:attachment":[{"href":"https:\/\/www.europesays.com\/fi\/wp-json\/wp\/v2\/media?parent=141110"}],"wp:term":[{"taxonomy":"category","embeddable":true,"href":"https:\/\/www.europesays.com\/fi\/wp-json\/wp\/v2\/categories?post=141110"},{"taxonomy":"post_tag","embeddable":true,"href":"https:\/\/www.europesays.com\/fi\/wp-json\/wp\/v2\/tags?post=141110"}],"curies":[{"name":"wp","href":"https:\/\/api.w.org\/{rel}","templated":true}]}}