{"id":141126,"date":"2026-01-13T11:32:07","date_gmt":"2026-01-13T11:32:07","guid":{"rendered":"https:\/\/www.europesays.com\/fi\/141126\/"},"modified":"2026-01-13T11:32:07","modified_gmt":"2026-01-13T11:32:07","slug":"vuoden-madetojalainen-2025-on-kulttuurivaikuttaja-katariina-kummala-esimerkillinen-ura-inspiroi-nuoria","status":"publish","type":"post","link":"https:\/\/www.europesays.com\/fi\/141126\/","title":{"rendered":"Vuoden madetojalainen 2025 on kulttuurivaikuttaja Katariina Kummala \u2013 esimerkillinen ura inspiroi nuoria"},"content":{"rendered":"<p>Vuoden madetojalainen -palkinto jaetaan vuosittain entiselle tai nykyiselle opiskelijalle tai kokoonpanolle, joka on toiminnallaan n\u00e4ytt\u00e4nyt esimerkki\u00e4 nuorille. Vuonna 2025 valinta kohdistui <strong>Katariina Kummalaan<\/strong>, jonka monipuolinen ura ja tausta edustavat madetojalaisuutta parhaimmillaan.\u00a0<\/p>\n<p>Vahva pohja musiikkilukiosta\u00a0<\/p>\n<p>Kummala on kotoisin Posiolta, jossa h\u00e4n aloitti pianotunnit 4-vuotiaana. Vuonna 1999 Madetojan musiikkilukiosta ylioppilaaksi kirjoittanut Kummala muistelee lukioaikaansa l\u00e4mm\u00f6ll\u00e4. H\u00e4nen mukaansa parasta Madetojalla oli nimenomaan yhteis\u00f6: se, ett\u00e4 sai opiskella yhdess\u00e4 lukuisten taitavien ihmisten kanssa. Mahdollisuus jakaa omaa paloa ja intoa samanhenkisten nuorten kanssa j\u00e4tti pysyv\u00e4n j\u00e4ljen. Lukioaika loi pohjan, jonka p\u00e4\u00e4lle Kummala on rakentanut poikkeuksellisen monipuolisen koulutus- ja ty\u00f6historian.\u00a0<\/p>\n<p>Muusikosta ja opettajasta kulttuurikent\u00e4n huipulle\u00a0<\/p>\n<p>Valmistumisensa j\u00e4lkeen Kummala jatkoi opintojaan m\u00e4\u00e4r\u00e4tietoisesti. H\u00e4n on valmistunut Oulun ammattikorkeakoulun musiikin ohjelmasta p\u00e4\u00e4aineenaan piano sek\u00e4 Oulun yliopiston musiikkikasvatuksen laitokselta kasvatustieteen maisteriksi. Ennen siirtymist\u00e4\u00e4n nykyisiin hallinnollisiin teht\u00e4viins\u00e4 Kummala teki pitk\u00e4n ja vaikuttavan rupeaman ruohonjuuritason musiikkity\u00f6ss\u00e4. H\u00e4n opetti pianonsoittoa ja musiikin teoriaa sek\u00e4 veti kuoroja yhteens\u00e4 12 vuoden ajan.\u00a0<\/p>\n<p>Kummalan ansioluettelo on vakuuttava l\u00e4pileikkaus suomalaisesta kulttuurikent\u00e4st\u00e4. H\u00e4n on ty\u00f6skennellyt muun muassa muusikkona, tuottajana, Kemin kaupunginorkesterin intendenttin\u00e4, Oulu Sinfonian tuottajana sek\u00e4 Kuopion musiikkikeskuksen ja kaupunginorkesterin johtajana. Ennen nykyist\u00e4 pesti\u00e4\u00e4n h\u00e4n toimi Taiteen edist\u00e4miskeskuksen erityisasiantuntijana ja henkil\u00f6st\u00f6p\u00e4\u00e4llikk\u00f6n\u00e4.\u00a0<\/p>\n<p>Vuoden madetojalainen kannustaa nuoria rohkeuteen \u2013 \u201dLuota el\u00e4m\u00e4\u00e4n\u201d\u00a0<\/p>\n<p>Palkinnon ajoitus on osuva, sill\u00e4 Kummala on juuri aloittanut uudessa, merkitt\u00e4v\u00e4ss\u00e4 teht\u00e4v\u00e4ss\u00e4\u00e4n Oulun kaupungin kulttuurijohtajana. Katariina Kummala edustaa juuri sellaista &#8221;madetojalaisuutta&#8221;, jota palkinnolla halutaan vaalia. H\u00e4nen urapolkunsa osoittaa nuorille, ett\u00e4 intohimo musiikkiin ja kulttuuriin voi kantaa pitk\u00e4lle \u2013 aina ylimpiin johtoteht\u00e4viin saakka.\u00a0\u00a0<\/p>\n<p>Vuoden madetojalainen haluaa l\u00e4hett\u00e4\u00e4 nykyisille lukiolaisille rohkaisevat terveiset, jotka kiteytt\u00e4v\u00e4t h\u00e4nen oman asenteensa uraan ja el\u00e4m\u00e4\u00e4n.\u00a0<\/p>\n<p>\u201dOle rohkea, luota el\u00e4m\u00e4\u00e4n ja tee asioita hyvien ihmisten kanssa\u201d, Kummala ev\u00e4st\u00e4\u00e4 nuoria.\u00a0<\/p>\n","protected":false},"excerpt":{"rendered":"Vuoden madetojalainen -palkinto jaetaan vuosittain entiselle tai nykyiselle opiskelijalle tai kokoonpanolle, joka on toiminnallaan n\u00e4ytt\u00e4nyt esimerkki\u00e4 nuorille. Vuonna&hellip;\n","protected":false},"author":2,"featured_media":141127,"comment_status":"","ping_status":"","sticky":false,"template":"","format":"standard","meta":{"footnotes":""},"categories":[5],"tags":[22,23,26,27,33,31,30,17,24,25,28,29,15,18,21,32,19,20,16],"class_list":{"0":"post-141126","1":"post","2":"type-post","3":"status-publish","4":"format-standard","5":"has-post-thumbnail","7":"category-otsikot","8":"tag-breaking-news","9":"tag-breakingnews","10":"tag-featured-news","11":"tag-featurednews","12":"tag-fi","13":"tag-finland","14":"tag-finnish","15":"tag-headlines","16":"tag-latest-news","17":"tag-latestnews","18":"tag-main-news","19":"tag-mainnews","20":"tag-news","21":"tag-otsikot","22":"tag-paauutiset","23":"tag-suomi","24":"tag-top-stories","25":"tag-topstories","26":"tag-uutiset"},"share_on_mastodon":{"url":"https:\/\/pubeurope.com\/@fi\/115887573745156675","error":""},"_links":{"self":[{"href":"https:\/\/www.europesays.com\/fi\/wp-json\/wp\/v2\/posts\/141126","targetHints":{"allow":["GET"]}}],"collection":[{"href":"https:\/\/www.europesays.com\/fi\/wp-json\/wp\/v2\/posts"}],"about":[{"href":"https:\/\/www.europesays.com\/fi\/wp-json\/wp\/v2\/types\/post"}],"author":[{"embeddable":true,"href":"https:\/\/www.europesays.com\/fi\/wp-json\/wp\/v2\/users\/2"}],"replies":[{"embeddable":true,"href":"https:\/\/www.europesays.com\/fi\/wp-json\/wp\/v2\/comments?post=141126"}],"version-history":[{"count":0,"href":"https:\/\/www.europesays.com\/fi\/wp-json\/wp\/v2\/posts\/141126\/revisions"}],"wp:featuredmedia":[{"embeddable":true,"href":"https:\/\/www.europesays.com\/fi\/wp-json\/wp\/v2\/media\/141127"}],"wp:attachment":[{"href":"https:\/\/www.europesays.com\/fi\/wp-json\/wp\/v2\/media?parent=141126"}],"wp:term":[{"taxonomy":"category","embeddable":true,"href":"https:\/\/www.europesays.com\/fi\/wp-json\/wp\/v2\/categories?post=141126"},{"taxonomy":"post_tag","embeddable":true,"href":"https:\/\/www.europesays.com\/fi\/wp-json\/wp\/v2\/tags?post=141126"}],"curies":[{"name":"wp","href":"https:\/\/api.w.org\/{rel}","templated":true}]}}