{"id":141130,"date":"2026-01-13T11:45:10","date_gmt":"2026-01-13T11:45:10","guid":{"rendered":"https:\/\/www.europesays.com\/fi\/141130\/"},"modified":"2026-01-13T11:45:10","modified_gmt":"2026-01-13T11:45:10","slug":"minna-huovuttaa-lemmikkien-muotokuvia-luultu-taytetyiksi-koiriksi","status":"publish","type":"post","link":"https:\/\/www.europesays.com\/fi\/141130\/","title":{"rendered":"Minna huovuttaa lemmikkien muotokuvia \u2013 luultu t\u00e4ytetyiksi koiriksi"},"content":{"rendered":"<p class=\"ingress\">Minna Tammi huovuttaa villasta niin aidoilta n\u00e4ytt\u00e4vi\u00e4 lemmikkien muotokuvia, ett\u00e4 jotkut ovat ep\u00e4illeet h\u00e4nen t\u00e4ytt\u00e4v\u00e4n koiria.<\/p>\n<p>\u201dEi kai tuo ole aito?\u201d on kysymys, johon <strong>Minna Tammi<\/strong>, 56, vastaa l\u00e4hes joka kerta, kun joku n\u00e4kee h\u00e4nen teoksiaan. Minna huovuttaa nimitt\u00e4in villasta lemmikkien muotokuvia, jotka n\u00e4ytt\u00e4v\u00e4t el\u00e4vilt\u00e4 turkkia, kiiluvia silmi\u00e4, kuonoa ja sieraimia my\u00f6ten.<\/p>\n<p>Useimmiten ihmiset ihastelevat ja kehuvat Minnan taituruutta, kutsuvat mestariksi. Joitain aitous puistattaa.<\/p>\n<p>Kun Minna julkaisi <a href=\"https:\/\/www.facebook.com\/share\/r\/1C986K3LUv\/\" target=\"_blank\" rel=\"noreferrer noopener nofollow\">Facebookissa<\/a> videon teoksestaan, jossa chihuahua hypp\u00e4\u00e4 kehysten l\u00e4pi, osa kysyi, onko h\u00e4n t\u00e4ytt\u00e4nyt ja laittanut kuolleen koiransa raameihin.<\/p>\n<p>\u201dEhk\u00e4 puoli prosenttia sanoo, ett\u00e4 onpas karmivaa, liian aitoa ja pelottavaa. Minusta sekin on kohteliaisuus, sill\u00e4 ajattelen, ett\u00e4 olen onnistunut, kun ihminen joutuu miettim\u00e4\u00e4n, onko el\u00e4in aito.\u201d<\/p>\n<p>Idea kolmiulotteisiin villasta tehtyihin muotokuviin tuli kymmenkunta vuotta sitten, kun Minna huovutti lahjaksi tohvelit, joiden k\u00e4rjess\u00e4 olivat saajan ranskanbulldoggit.<\/p>\n<p>Vastaanottaja kehui tossuja niin upeiksi, ett\u00e4 niit\u00e4 voisi pit\u00e4\u00e4 hyllyn p\u00e4\u00e4ll\u00e4.<\/p>\n<p><strong>Lue my\u00f6s: <\/strong><a href=\"https:\/\/anna.fi\/ihmiset\/nama-elaimet-eivat-ole-oikeita-10-kuvaa-mirjamin-uskomattomista-huovutuksista\" target=\"_blank\" rel=\"noreferrer noopener nofollow\">N\u00e4m\u00e4 el\u00e4imet eiv\u00e4t ole oikeita \u2013 10 kuvaa Mirjamin uskomattomista huovutuksista<\/a><\/p>\n<p>Muotokuvan on ilmennett\u00e4v\u00e4 kohteensa luonnetta<\/p>\n<p>Jos el\u00e4inkaveri nukkuu kotona puolet p\u00e4iv\u00e4st\u00e4, huovutetunkin lemmikin luomet lupsottavat kuin olisivat painumassa uneen. Jos koiralla on tapana vahtia ruokap\u00f6yd\u00e4n vieress\u00e4 lattialle putoavia makupaloja, p\u00e4\u00e4tyy kerj\u00e4\u00e4v\u00e4 katse osaksi teosta.<\/p>\n<p>\u201dTeen muotokuvaa niin kauan aikaa, ett\u00e4 tunnen sit\u00e4 katsoessani koiran kerj\u00e4\u00e4v\u00e4n minulta makupalaa\u201d, Minna Tammi sanoo.<\/p>\n<p>Huovutustaiteilija pyrkii tekem\u00e4\u00e4n teoksista mahdollisimman yhdenn\u00e4k\u00f6isi\u00e4 kohteensa kanssa ja pyyt\u00e4\u00e4 siksi asiakkailtaan valokuvia lemmikist\u00e4 monesta eri suunnasta. Silmien v\u00e4rin on oltava juuri eik\u00e4 melkein, ruumiinrakenteen yksi yhteen.<\/p>\n<p>Jotta villaan tulee vangittua kohteen ulkon\u00e4\u00f6n lis\u00e4ksi my\u00f6s luonne, Minna kysyy lemmikin persoonallisuudesta, lempi-ilmeist\u00e4 ja ominaisista asennoista.<\/p>\n<p>Yhteen teokseen kuluu aikaa noin parikymment\u00e4 tuntia. Jotkut n\u00e4k\u00f6isteokset ovat toisia ty\u00f6l\u00e4\u00e4mpi\u00e4 toteuttaa. Villakoiran suortuvat on ensin punottava yhteen erilaisista kuiduista, kiharrettava l\u00e4mm\u00f6ll\u00e4, p\u00e4tkitt\u00e4v\u00e4 ja neulahuovutettava pohjaan erikseen.<\/p>\n<p>Mustan el\u00e4imen turkki tarvitsee puolestaan valoa, joka tuo lemmikin muodot esiin. Sfinx-kissalla ei ole karvoja lainkaan, joten villa pit\u00e4\u00e4 saada n\u00e4ytt\u00e4m\u00e4\u00e4n nahalta, jotta muotokuvan katti muistuttaisi esikuvaansa.<\/p>\n<p><strong>Lue my\u00f6s Kotiliesi.fi: <\/strong><a href=\"https:\/\/kotiliesi.fi\/kasityo\/huovuttaja-ellu\/\" target=\"_blank\" rel=\"noreferrer noopener nofollow\">Uskoisitko, ett\u00e4 n\u00e4m\u00e4 ty\u00f6t ovat syntyneet huovuttamalla? Ellu piirt\u00e4\u00e4 villaan valonkuvan tarkkoja kuvia, useimmiten koirista<\/a><\/p>\n<p>Minna huovuttaa muotokuvia my\u00f6s lemmikkien karvoista<\/p>\n<p>Osa tilaa teoksen, kun kohde on el\u00e4m\u00e4ns\u00e4 voimissa, toiset haluavat muiston edesmenneest\u00e4 perheenj\u00e4senest\u00e4\u00e4n. Lemmikkins\u00e4 menett\u00e4neet saattavat toivoa, ett\u00e4 Minna huovuttaa muotokuvaan mukaan lemmikin omaa karvaa tai alusvillaa.<\/p>\n<p>Kun teosta silitt\u00e4\u00e4, tuntuu kuin nelijalkainen perheenj\u00e4sen olisi yh\u00e4 k\u00e4den ulottuvilla. Sen Minna tiet\u00e4\u00e4 omakohtaisesti.<\/p>\n<p>\u201dKun jouduimme luopumaan rakkaasta Sakura-koirastamme, huovutin muotokuvan joukkoon sen omia, talteen otettuja villasuortuvia.\u201d<\/p>\n<p>Koskettavimpia ovat hetket, kun asiakas liikuttuu ja kertoo saaneensa palan lemmikist\u00e4\u00e4n takaisin.<\/p>\n<p>\u201dJos taululla olisi sielu, t\u00e4lt\u00e4 se n\u00e4ytt\u00e4isi\u201d, kiteytt\u00e4\u00e4 er\u00e4s tyytyv\u00e4inen asiakaspalaute.<\/p>\n<p>    Sinua voi kiinnostaa my\u00f6s:<\/p>\n<ol class=\"read-also__list\">\n<li>\n<p>            <img loading=\"lazy\" decoding=\"async\" class=\"card__image awpo-lqip awpo-lazy\" width=\"1260\" height=\"800\" src=\"https:\/\/www.europesays.com\/fi\/wp-content\/uploads\/2026\/01\/5328689.jpeg\"\/>                <a href=\"https:\/\/anna.fi\/kategoria\/ihmiset\/suhteet\" class=\"card__vignette\" rel=\"nofollow noopener\" target=\"_blank\"><br \/>\n            Suhteet          <\/a><\/p>\n<p>      <a href=\"https:\/\/anna.fi\/ihmiset\/suhteet\/virkkaus-on-marialla-meditaatiota\" class=\"card__link-overlay\" rel=\"nofollow noopener\" target=\"_blank\">Kun Maria, 42, sairastui sy\u00f6p\u00e4\u00e4n, h\u00e4n alkoi virkata lapsilleen leikkiruokia: &#8221;Ajattelin, ett\u00e4 ne olisivat muisto minusta&#8221;<\/a><\/p>\n<\/li>\n<li>\n<p>            <img loading=\"lazy\" decoding=\"async\" class=\"card__image awpo-lqip awpo-lazy\" width=\"2100\" height=\"1400\" src=\"https:\/\/www.europesays.com\/fi\/wp-content\/uploads\/2026\/01\/salla_ikonen_muraalit.jpg\"\/>                <a href=\"https:\/\/anna.fi\/kategoria\/lifestyle\/koti\" class=\"card__vignette\" rel=\"nofollow noopener\" target=\"_blank\"><br \/>\n            Koti          <\/a><\/p>\n<p>      <a href=\"https:\/\/anna.fi\/lifestyle\/koti\/salla-ikosen-muraalit\" class=\"card__link-overlay\" rel=\"nofollow noopener\" target=\"_blank\">Sallan huikeissa sein\u00e4maalauksissa seikkailevat karhut ja peurat \u2013 kerran m\u00f6kin turvakamera oli pilata yll\u00e4tykseksi tilatun ty\u00f6n<\/a><\/p>\n<\/li>\n<li>\n<p>            <img loading=\"lazy\" decoding=\"async\" class=\"card__image awpo-lqip awpo-lazy\" width=\"2124\" height=\"1412\" src=\"https:\/\/www.europesays.com\/fi\/wp-content\/uploads\/2026\/01\/istock-1161184031.jpg\"\/>                <a href=\"https:\/\/anna.fi\/kategoria\/lifestyle\/muoti\" class=\"card__vignette\" rel=\"nofollow noopener\" target=\"_blank\"><br \/>\n            Muoti          <\/a><\/p>\n<p>      <a href=\"https:\/\/anna.fi\/lifestyle\/muoti\/pradan-700-euron-rintaneula\" class=\"card__link-overlay\" rel=\"nofollow noopener\" target=\"_blank\">Muotitalo Prada alkoi myyd\u00e4 700 euron rintaneulaa \u2013 samanlaisen voi virkata itse hetkess\u00e4<\/a><\/p>\n<\/li>\n<\/ol>\n","protected":false},"excerpt":{"rendered":"Minna Tammi huovuttaa villasta niin aidoilta n\u00e4ytt\u00e4vi\u00e4 lemmikkien muotokuvia, ett\u00e4 jotkut ovat ep\u00e4illeet h\u00e4nen t\u00e4ytt\u00e4v\u00e4n koiria. \u201dEi kai&hellip;\n","protected":false},"author":2,"featured_media":141131,"comment_status":"","ping_status":"","sticky":false,"template":"","format":"standard","meta":{"footnotes":""},"categories":[135],"tags":[389,387,388,390,137,33,31,30,6103,4632,32,394,393,391,392,109],"class_list":{"0":"post-141130","1":"post","2":"type-post","3":"status-publish","4":"format-standard","5":"has-post-thumbnail","7":"category-taiteet-ja-suunnittelu","8":"tag-arts","9":"tag-arts-and-design","10":"tag-artsanddesign","11":"tag-design","12":"tag-entertainment","13":"tag-fi","14":"tag-finland","15":"tag-finnish","16":"tag-kasityot","17":"tag-lemmikit","18":"tag-suomi","19":"tag-suunnittelu","20":"tag-taiteet","21":"tag-taiteet-ja-suunnittelu","22":"tag-taiteetsuunnittelu","23":"tag-viihde"},"share_on_mastodon":{"url":"https:\/\/pubeurope.com\/@fi\/115887624869780414","error":""},"_links":{"self":[{"href":"https:\/\/www.europesays.com\/fi\/wp-json\/wp\/v2\/posts\/141130","targetHints":{"allow":["GET"]}}],"collection":[{"href":"https:\/\/www.europesays.com\/fi\/wp-json\/wp\/v2\/posts"}],"about":[{"href":"https:\/\/www.europesays.com\/fi\/wp-json\/wp\/v2\/types\/post"}],"author":[{"embeddable":true,"href":"https:\/\/www.europesays.com\/fi\/wp-json\/wp\/v2\/users\/2"}],"replies":[{"embeddable":true,"href":"https:\/\/www.europesays.com\/fi\/wp-json\/wp\/v2\/comments?post=141130"}],"version-history":[{"count":0,"href":"https:\/\/www.europesays.com\/fi\/wp-json\/wp\/v2\/posts\/141130\/revisions"}],"wp:featuredmedia":[{"embeddable":true,"href":"https:\/\/www.europesays.com\/fi\/wp-json\/wp\/v2\/media\/141131"}],"wp:attachment":[{"href":"https:\/\/www.europesays.com\/fi\/wp-json\/wp\/v2\/media?parent=141130"}],"wp:term":[{"taxonomy":"category","embeddable":true,"href":"https:\/\/www.europesays.com\/fi\/wp-json\/wp\/v2\/categories?post=141130"},{"taxonomy":"post_tag","embeddable":true,"href":"https:\/\/www.europesays.com\/fi\/wp-json\/wp\/v2\/tags?post=141130"}],"curies":[{"name":"wp","href":"https:\/\/api.w.org\/{rel}","templated":true}]}}