{"id":141134,"date":"2026-01-13T11:52:06","date_gmt":"2026-01-13T11:52:06","guid":{"rendered":"https:\/\/www.europesays.com\/fi\/141134\/"},"modified":"2026-01-13T11:52:06","modified_gmt":"2026-01-13T11:52:06","slug":"ensimmaisesta-rambosta-poistettiin-kohtaus-joka-oli-sylvester-stallonen-mielesta-iso-virhe","status":"publish","type":"post","link":"https:\/\/www.europesays.com\/fi\/141134\/","title":{"rendered":"Ensimm\u00e4isest\u00e4 Rambosta poistettiin kohtaus joka oli Sylvester Stallonen mielest\u00e4 &#8221;iso virhe&#8221;"},"content":{"rendered":"<p>Taistelija\u2013elokuvasta (First Blood, 1982) poistettiin kohtaus, jota ei olisi elokuvan p\u00e4\u00e4t\u00e4hden <strong>Sylvester Stallonen<\/strong> mielest\u00e4 pit\u00e4nyt menn\u00e4 tekem\u00e4\u00e4n.<\/p>\n<p><strong>Brian Dennehyn <\/strong>esitt\u00e4m\u00e4 sheriffi Will Teasle on tarinassa Korean sodan veteraani. Hahmo on vihamielinen Vietnamin sodasta palannutta John Ramboa kohtaan.<\/p>\n<p>\u201dKohtauksen poistaminen k\u00e4sikirjoituksesta, oli mielest\u00e4ni iso virhe. Syy siihen, ett\u00e4 Teasle vihasi Ramboa oli se, ett\u00e4 h\u00e4n oli taistellut Korean sodassa. Teaslen mielest\u00e4 oli ep\u00e4reilua, ett\u00e4 kukaan ei edes ajattele niit\u00e4 35 000 Korean sodassa kuollutta amerikkalaista. Luku oli yht\u00e4 korkea kuin Vietnamissakin\u201d, Stallone kertoi.<\/p>\n<p>Poistetussa kohtauksessa t\u00e4m\u00e4 olisi k\u00e4ynyt ilmi ja vihamielisyyden taustaa avattu kattavammin.<\/p>\n<p>Lue my\u00f6s: <a href=\"https:\/\/www.episodi.fi\/uutiset\/tiesitko-ensimmainen-rambo-oli-alun-perin-yli-3-tuntinen-ja-stallone-puhui-pollolle-se-oli-niin-huono-etta-yritin-tuhota-negatiivit\/\" title=\"Tiesitk\u00f6? Ensimm\u00e4inen Rambo oli alun perin 3 tuntia pitk\u00e4 ja Stallone puhui p\u00f6ll\u00f6lle \u2013 \u201dSe oli niin huono, ett\u00e4 yritin tuhota negatiivit\u201d\" class=\"underline-custom !font-montserrat !font-bold !underline-offset-4 !decoration-4 !decoration-episodi-blue !text-md\" rel=\"nofollow noopener\" target=\"_blank\">Tiesitk\u00f6? Ensimm\u00e4inen Rambo oli alun perin 3 tuntia pitk\u00e4 ja Stallone puhui p\u00f6ll\u00f6lle \u2013 \u201dSe oli niin huono, ett\u00e4 yritin tuhota negatiivit\u201d<\/a><\/p>\n<p>Lue my\u00f6s: <a href=\"https:\/\/www.episodi.fi\/uutiset\/sylvester-stallone-nimesi-uransa-2-vaarallisinta-stunttia\/\" title=\"Sylvester Stallone nimesi uransa 2 vaarallisinta stunttia\" class=\"underline-custom !font-montserrat !font-bold !underline-offset-4 !decoration-4 !decoration-episodi-blue !text-md\" rel=\"nofollow noopener\" target=\"_blank\">Sylvester Stallone nimesi uransa 2 vaarallisinta stunttia<\/a><\/p>\n<p>Lue my\u00f6s: <a href=\"https:\/\/www.episodi.fi\/uutiset\/rambon-ohjaava-suomalainen-kertoi-millaisen-kasittelyn-aikoo-ikoniselle-hahmolle-antaa\/\" title=\"Rambon ohjaava suomalainen kertoi millaisen k\u00e4sittelyn aikoo ikoniselle hahmolle antaa\" class=\"underline-custom !font-montserrat !font-bold !underline-offset-4 !decoration-4 !decoration-episodi-blue !text-md\" rel=\"nofollow noopener\" target=\"_blank\">Rambon ohjaava suomalainen kertoi millaisen k\u00e4sittelyn aikoo ikoniselle hahmolle antaa<\/a><\/p>\n<p>Stallonen mukaan Rambo oli alkuper\u00e4isess\u00e4 k\u00e4sikirjoituksessa \u201dtappovimman\u201d vallassa oleva sotakone, joka johtaa h\u00e4nen kuolemaansa elokuvan lopussa.<\/p>\n<p>Stallone halusi tehd\u00e4 hahmosta inhimillisemm\u00e4n; miehen, jolla on edes jotain toivoa. Lopullisessa versiossa Rambo yritt\u00e4\u00e4 v\u00e4ltell\u00e4 v\u00e4kivaltaa ja ainoastaan poistua kaupungista sovinnolla.<\/p>\n<p>Sheriffin ego ja h\u00e4pe\u00e4 unohdetusta Korean sodasta olisivat toisin sanoen tuoneet tarinaan lis\u00e4kerroksen \u2013 kahden eri sodan veteraanin v\u00e4lisen henkil\u00f6kohtaisen sodan.<\/p>\n<p>L\u00e4hde: <a href=\"https:\/\/www.slashfilm.com\/2014733\/sylvester-stallone-rambo-first-blood-cut-scene-mistake\/\" rel=\"nofollow noopener\" target=\"_blank\">Slashfilm<\/a><\/p>\n<p>Lue my\u00f6s: <a href=\"https:\/\/www.episodi.fi\/uutiskirje\/?uutiskirjemainos=tekstilinkkimainos\" title=\"Tilaa Episodin uutiskirje ja voit voittaa leffalippuja! Nappaa tv-vinkit suoraan s\u00e4hk\u00f6postiin t\u00e4st\u00e4.\" class=\"underline-custom !font-montserrat !font-bold !underline-offset-4 !decoration-4 !decoration-episodi-blue !text-md\" rel=\"nofollow noopener\" target=\"_blank\">Tilaa Episodin uutiskirje ja voit voittaa leffalippuja! Nappaa katseluvinkit suoraan s\u00e4hk\u00f6postiin t\u00e4st\u00e4.<\/a><\/p>\n","protected":false},"excerpt":{"rendered":"Taistelija\u2013elokuvasta (First Blood, 1982) poistettiin kohtaus, jota ei olisi elokuvan p\u00e4\u00e4t\u00e4hden Sylvester Stallonen mielest\u00e4 pit\u00e4nyt menn\u00e4 tekem\u00e4\u00e4n. Brian&hellip;\n","protected":false},"author":2,"featured_media":26973,"comment_status":"","ping_status":"","sticky":false,"template":"","format":"standard","meta":{"footnotes":""},"categories":[130],"tags":[137,33,31,30,1489,32,109],"class_list":{"0":"post-141134","1":"post","2":"type-post","3":"status-publish","4":"format-standard","5":"has-post-thumbnail","7":"category-viihde","8":"tag-entertainment","9":"tag-fi","10":"tag-finland","11":"tag-finnish","12":"tag-rambo","13":"tag-suomi","14":"tag-viihde"},"share_on_mastodon":{"url":"https:\/\/pubeurope.com\/@fi\/115887652360298102","error":""},"_links":{"self":[{"href":"https:\/\/www.europesays.com\/fi\/wp-json\/wp\/v2\/posts\/141134","targetHints":{"allow":["GET"]}}],"collection":[{"href":"https:\/\/www.europesays.com\/fi\/wp-json\/wp\/v2\/posts"}],"about":[{"href":"https:\/\/www.europesays.com\/fi\/wp-json\/wp\/v2\/types\/post"}],"author":[{"embeddable":true,"href":"https:\/\/www.europesays.com\/fi\/wp-json\/wp\/v2\/users\/2"}],"replies":[{"embeddable":true,"href":"https:\/\/www.europesays.com\/fi\/wp-json\/wp\/v2\/comments?post=141134"}],"version-history":[{"count":0,"href":"https:\/\/www.europesays.com\/fi\/wp-json\/wp\/v2\/posts\/141134\/revisions"}],"wp:featuredmedia":[{"embeddable":true,"href":"https:\/\/www.europesays.com\/fi\/wp-json\/wp\/v2\/media\/26973"}],"wp:attachment":[{"href":"https:\/\/www.europesays.com\/fi\/wp-json\/wp\/v2\/media?parent=141134"}],"wp:term":[{"taxonomy":"category","embeddable":true,"href":"https:\/\/www.europesays.com\/fi\/wp-json\/wp\/v2\/categories?post=141134"},{"taxonomy":"post_tag","embeddable":true,"href":"https:\/\/www.europesays.com\/fi\/wp-json\/wp\/v2\/tags?post=141134"}],"curies":[{"name":"wp","href":"https:\/\/api.w.org\/{rel}","templated":true}]}}