{"id":141137,"date":"2026-01-13T11:56:12","date_gmt":"2026-01-13T11:56:12","guid":{"rendered":"https:\/\/www.europesays.com\/fi\/141137\/"},"modified":"2026-01-13T11:56:12","modified_gmt":"2026-01-13T11:56:12","slug":"minnesotassa-kuohuu-nyt-osavaltio-haastaa-ministerin-oikeuteen","status":"publish","type":"post","link":"https:\/\/www.europesays.com\/fi\/141137\/","title":{"rendered":"Minnesotassa kuohuu: Nyt osavaltio haastaa ministerin oikeuteen"},"content":{"rendered":"<p>Taustalla on Renee Goodin ampuminen.<\/p>\n<p class=\"article-body mb-nof-24 px-nof-16\">Minnesotan osavaltio haastoi maanantaina Yhdysvaltain kotimaan turvallisuusministerin <a class=\"font-bold underline-offset-[0.12em] [text-decoration:var(--person-link-text-decoration)] ![text-decoration-color:var(--person-link-text-decoration-color)]\" href=\"https:\/\/www.is.fi\/haku\/?query=Kristi%20Noemin\" rel=\"nofollow noopener\" target=\"_blank\">Kristi Noemin<\/a> ja useita Yhdysvaltain maahanmuutto\u00adviranomaisia oikeuteen pyrkimyksen\u00e4\u00e4n est\u00e4\u00e4 maahanmuuttolain t\u00e4yt\u00e4nt\u00f6\u00f6npanon kiristyminen osavaltiossa sen j\u00e4lkeen, kun liittovaltion agentti ampui ja tappoi naisen viime viikolla.<\/p>\n<p class=\"article-body mb-nof-24 px-nof-16\">Asiasta uutisoi Reuters.<\/p>\n<p class=\"article-body mb-nof-24 px-nof-16\">Minnesotan osavaltion liittovaltion k\u00e4r\u00e4j\u00e4oikeudessa nostetussa kanteessa pyydet\u00e4\u00e4n tuomioistuinta julistamaan toimet perustuslain vastaisiksi ja laittomiksi sek\u00e4 est\u00e4m\u00e4\u00e4n liittovaltion hallitusta pid\u00e4tt\u00e4m\u00e4st\u00e4 Yhdysvaltain kansalaisia ja viisumin haltijoita ilman perusteltua syyt\u00e4.<\/p>\n<p class=\"article-body mb-nof-24 px-nof-16\">Osavaltio pyyt\u00e4\u00e4 my\u00f6s kielt\u00e4m\u00e4\u00e4n Yhdysvaltain viranomaisia uhkaamasta fyysisell\u00e4 voimalla tai aseilla ihmisi\u00e4, joita ei ole pid\u00e4tetty maahanmuuttosyist\u00e4 sek\u00e4 asettamaan muita rajoituksia liittovaltion lainvalvontatoimille.<\/p>\n<p class=\"article-body mb-nof-24 px-nof-16\">Viime viikonloppuna ymp\u00e4ri Yhdysvaltoja j\u00e4rjestettiin yli tuhat mielenosoitusta, joissa vaadittiin maahanmuutto- ja tulliviranomaisia (ICE) poistumaan paikallisista yhteis\u00f6ist\u00e4.<\/p>\n<p class=\"article-body mb-nof-24 px-nof-16\">Kuohunta on alkanut sen j\u00e4lkeen, kun ICE-agentti ampui kuoliaaksi <a class=\"font-bold underline-offset-[0.12em] [text-decoration:var(--person-link-text-decoration)] ![text-decoration-color:var(--person-link-text-decoration-color)]\" href=\"https:\/\/www.is.fi\/haku\/?query=Renee%20Goodin\" rel=\"nofollow noopener\" target=\"_blank\">Renee Goodin<\/a>, 37-vuotiaan kolmen lapsen \u00e4idin.<\/p>\n<p class=\"article-body mb-nof-24 px-nof-16\">Trumpin hallinto on pyrkinyt maalaamaan Goodista kuvan \u201dkotimaisena terroristina\u201d.<\/p>\n<p class=\"article-body mb-nof-24 px-nof-16\">Kanteessa vaaditaan tuomioistuimen p\u00e4\u00e4t\u00f6st\u00e4 ICE:n toiminnan keskeytt\u00e4misest\u00e4, sill\u00e4 liittovaltio on laittomasti ottanut haltuunsa osavaltion resursseja ja rikkonut Minnesotan lakia ja kaupungin m\u00e4\u00e4r\u00e4yksi\u00e4, kertoo CNN.<\/p>\n","protected":false},"excerpt":{"rendered":"Taustalla on Renee Goodin ampuminen. Minnesotan osavaltio haastoi maanantaina Yhdysvaltain kotimaan turvallisuusministerin Kristi Noemin ja useita Yhdysvaltain maahanmuutto\u00adviranomaisia&hellip;\n","protected":false},"author":2,"featured_media":141138,"comment_status":"","ping_status":"","sticky":false,"template":"","format":"standard","meta":{"footnotes":""},"categories":[14],"tags":[22,23,26,27,33,31,30,17,34,24,25,28,29,15,18,21,32,19,20,56,16,59,60,61],"class_list":{"0":"post-141137","1":"post","2":"type-post","3":"status-publish","4":"format-standard","5":"has-post-thumbnail","7":"category-ulkomaat","8":"tag-breaking-news","9":"tag-breakingnews","10":"tag-featured-news","11":"tag-featurednews","12":"tag-fi","13":"tag-finland","14":"tag-finnish","15":"tag-headlines","16":"tag-ilta-sanomat","17":"tag-latest-news","18":"tag-latestnews","19":"tag-main-news","20":"tag-mainnews","21":"tag-news","22":"tag-otsikot","23":"tag-paauutiset","24":"tag-suomi","25":"tag-top-stories","26":"tag-topstories","27":"tag-ulkomaat","28":"tag-uutiset","29":"tag-world","30":"tag-world-news","31":"tag-worldnews"},"share_on_mastodon":{"url":"https:\/\/pubeurope.com\/@fi\/115887668204144075","error":""},"_links":{"self":[{"href":"https:\/\/www.europesays.com\/fi\/wp-json\/wp\/v2\/posts\/141137","targetHints":{"allow":["GET"]}}],"collection":[{"href":"https:\/\/www.europesays.com\/fi\/wp-json\/wp\/v2\/posts"}],"about":[{"href":"https:\/\/www.europesays.com\/fi\/wp-json\/wp\/v2\/types\/post"}],"author":[{"embeddable":true,"href":"https:\/\/www.europesays.com\/fi\/wp-json\/wp\/v2\/users\/2"}],"replies":[{"embeddable":true,"href":"https:\/\/www.europesays.com\/fi\/wp-json\/wp\/v2\/comments?post=141137"}],"version-history":[{"count":0,"href":"https:\/\/www.europesays.com\/fi\/wp-json\/wp\/v2\/posts\/141137\/revisions"}],"wp:featuredmedia":[{"embeddable":true,"href":"https:\/\/www.europesays.com\/fi\/wp-json\/wp\/v2\/media\/141138"}],"wp:attachment":[{"href":"https:\/\/www.europesays.com\/fi\/wp-json\/wp\/v2\/media?parent=141137"}],"wp:term":[{"taxonomy":"category","embeddable":true,"href":"https:\/\/www.europesays.com\/fi\/wp-json\/wp\/v2\/categories?post=141137"},{"taxonomy":"post_tag","embeddable":true,"href":"https:\/\/www.europesays.com\/fi\/wp-json\/wp\/v2\/tags?post=141137"}],"curies":[{"name":"wp","href":"https:\/\/api.w.org\/{rel}","templated":true}]}}