{"id":141139,"date":"2026-01-13T11:57:07","date_gmt":"2026-01-13T11:57:07","guid":{"rendered":"https:\/\/www.europesays.com\/fi\/141139\/"},"modified":"2026-01-13T11:57:07","modified_gmt":"2026-01-13T11:57:07","slug":"turun-vanhan-suurtorin-alue-vajoaa-korjaamisessa-suuria-haasteita","status":"publish","type":"post","link":"https:\/\/www.europesays.com\/fi\/141139\/","title":{"rendered":"Turun Vanhan Suurtorin alue vajoaa \u2013 korjaamisessa suuria haasteita"},"content":{"rendered":"<p>Pahimmillaan rakennukset vajoavat yli puoli sentti\u00e4 vuodessa.<\/p>\n<p>Lue tiivistelm\u00e4<\/p>\n<p class=\"article-body mb-nof-24 px-nof-16 sndp-summary-bullet-point-font\">Turun kaupunki aloittaa tutkimukset Vanhan Suurtorin historiallisten rakennusten painumisesta.<\/p>\n<p class=\"article-body mb-nof-24 px-nof-16 sndp-summary-bullet-point-font\">Rakennukset vajoavat ep\u00e4tasaisesti 1\u20133 millimetri\u00e4 vuodessa, pahimmillaan jopa 3\u20136 millimetri\u00e4.<\/p>\n<p class=\"article-body mb-nof-24 px-nof-16 sndp-summary-bullet-point-font\">Hankep\u00e4\u00e4llikk\u00f6 Saku Lehti\u00f6n mukaan tavoitteena on selvitt\u00e4\u00e4 keinoja perustusten vahvistamiseksi ja painumisen pys\u00e4ytt\u00e4miseksi.<\/p>\n<p class=\"article-body mb-nof-24 px-nof-16 sndp-summary-bullet-point-font\">Kortteli on valtakunnallisesti merkitt\u00e4v\u00e4 kulttuuriymp\u00e4rist\u00f6, ja sen alla on arvokasta keskiaikaista historiaa.<\/p>\n<p class=\"article-body mb-nof-24 px-nof-16\">Turun kaupunki aloittaa tutkimukset joulurauhan julistuksesta tutun Vanhan Suurtorin historiallisissa rakennuksissa.<\/p>\n<p class=\"article-body mb-nof-24 px-nof-16\">Rakennusten perustukset painuvat ep\u00e4tasaisesti, ja vajoaminen on kiihtynyt viimeisen 15 vuoden aikana. Yksitt\u00e4ist\u00e4 syyt\u00e4 rakennusten painumiselle viel\u00e4 tiedet\u00e4.<\/p>\n<p class=\"article-body mb-nof-24 px-nof-16\">Rakennusten perustuksia aiotaan vahvistaa, jotta painuminen pys\u00e4htyy. Hankkeelle etsit\u00e4\u00e4n nyt markkinavuoropuhelulla konsulttia k\u00e4ynnist\u00e4m\u00e4\u00e4n tarvittavat tutkimukset ja suunnitelmat.<\/p>\n<p class=\"article-body mb-nof-24 px-nof-16\">\u2013 Ensisijaisena tavoitteena on nyt selvitt\u00e4\u00e4, millaisia keinoja rakennusten perustusten vahvistamiseksi l\u00f6ytyy ja miten painuminen pystyt\u00e4\u00e4n pys\u00e4ytt\u00e4m\u00e4\u00e4n. Talot ovat painuneet keskim\u00e4\u00e4rin 1\u20133 millimetri\u00e4 vuodessa. Hankalimmat kohdat painuvat jopa 3\u20136 millimetri\u00e4 vuosittain, hankep\u00e4\u00e4llikk\u00f6<a class=\"font-bold underline-offset-[0.12em] [text-decoration:var(--person-link-text-decoration)] ![text-decoration-color:var(--person-link-text-decoration-color)]\" href=\"https:\/\/www.is.fi\/haku\/?query=%20Saku%20Lehti%C3%B6\" rel=\"nofollow noopener\" target=\"_blank\"> Saku Lehti\u00f6 <\/a>Turun kaupungilta kertoo tiedotteessa.<\/p>\n<p><img decoding=\"async\" src=\"https:\/\/www.europesays.com\/fi\/wp-content\/uploads\/2026\/01\/1768305427_136_468.jpg\" alt=\"Vanhan Suurtorin alue on suomalaisille tuttu joulurauhan julistuksesta.\" class=\"_Img_1rerz_1\" style=\"aspect-ratio:1.5011727912431587\" loading=\"eager\"\/><\/p>\n<p class=\"article-picture-caption\">Vanhan Suurtorin alue on suomalaisille tuttu joulurauhan julistuksesta. Kuva:\u00a0Vesa-Matti V\u00e4\u00e4r\u00e4<\/p>\n<p class=\"article-body mb-nof-24 px-nof-16\">Engelin laatimassa asemakaavassa Elephanten-kortteliksi nimetyn alueen rakennukset on rakennettu vuosina 1735\u20131901.<\/p>\n<p class=\"article-body mb-nof-24 px-nof-16\">\u2013 Suurtorin alue ja sen rakennukset ovat Suomen mittakaavassa t\u00e4ysin uniikki kokonaisuus. Jo rakennukset itsess\u00e4\u00e4n ovat kulttuurihistoriallisesti arvokkaita, mutta niiden alla on lis\u00e4ksi arvokasta keskiaikaista historiaa, Turun tilapalvelujohtaja <a class=\"font-bold underline-offset-[0.12em] [text-decoration:var(--person-link-text-decoration)] ![text-decoration-color:var(--person-link-text-decoration-color)]\" href=\"https:\/\/www.is.fi\/haku\/?query=Leevi%20Luoto\" rel=\"nofollow noopener\" target=\"_blank\">Leevi Luoto<\/a> sanoo.<\/p>\n<p class=\"article-body mb-nof-24 px-nof-16\">Vanhan Suurtorin rakennusten perustusten korjaaminen on sek\u00e4 teknisesti ett\u00e4 kulttuurihistoriallisesti poikkeuksellisen vaativa hanke. Kortteli on m\u00e4\u00e4ritelty valtakunnallisesti merkitt\u00e4v\u00e4ksi rakennetuksi kulttuuriymp\u00e4rist\u00f6ksi (RKY), ja se on muinaismuistolain suojelemalla alueella.<\/p>\n<p class=\"article-body mb-nof-24 px-nof-16\">Ty\u00f6n haastavuutta lis\u00e4\u00e4 se, ett\u00e4 keskiaikaisten kellaritilojen l\u00e4pi ei voi paaluttaa. Nyt etsit\u00e4\u00e4n ratkaisuja, joilla taataan nykyisten rakennusten ja niiden alla olevien historiallisten kerrosten s\u00e4ilytt\u00e4minen. Suunnittelualue k\u00e4sitt\u00e4\u00e4 Vanhan Suurtorin rakennusten lis\u00e4ksi ymp\u00e4r\u00f6iv\u00e4n katu- ja torialueen. Alueella on yhteens\u00e4 16 rakennusta. Tutkimusten yhteydess\u00e4 tehd\u00e4\u00e4n my\u00f6s lis\u00e4\u00e4 rakennus- ja rakennehistoriallisia selvityksi\u00e4.<\/p>\n<p class=\"article-body mb-nof-24 px-nof-16\">Korjaus- ja vahvistamist\u00f6iden aikataulua tai kustannuksia ei pystyt\u00e4 viel\u00e4 arvioimaan. Asia etenee aikanaan poliittiseen p\u00e4\u00e4t\u00f6ksentekoon.<\/p>\n<p class=\"article-body mb-nof-24 px-nof-16\">Vanhan Suurtorin selvitysty\u00f6 ei est\u00e4 alueen k\u00e4ytt\u00f6\u00e4. Toteutus suunnitellaan niin, ett\u00e4 korjaust\u00f6ist\u00e4 aiheutuu mahdollisimman v\u00e4h\u00e4n haittaa alueen toiminnalle.<\/p>\n","protected":false},"excerpt":{"rendered":"Pahimmillaan rakennukset vajoavat yli puoli sentti\u00e4 vuodessa. Lue tiivistelm\u00e4 Turun kaupunki aloittaa tutkimukset Vanhan Suurtorin historiallisten rakennusten painumisesta.&hellip;\n","protected":false},"author":2,"featured_media":141140,"comment_status":"","ping_status":"","sticky":false,"template":"","format":"standard","meta":{"footnotes":""},"categories":[12],"tags":[22,23,26,27,33,31,30,17,34,24,25,28,29,15,18,21,32,19,20,16],"class_list":{"0":"post-141139","1":"post","2":"type-post","3":"status-publish","4":"format-standard","5":"has-post-thumbnail","7":"category-suomi","8":"tag-breaking-news","9":"tag-breakingnews","10":"tag-featured-news","11":"tag-featurednews","12":"tag-fi","13":"tag-finland","14":"tag-finnish","15":"tag-headlines","16":"tag-ilta-sanomat","17":"tag-latest-news","18":"tag-latestnews","19":"tag-main-news","20":"tag-mainnews","21":"tag-news","22":"tag-otsikot","23":"tag-paauutiset","24":"tag-suomi","25":"tag-top-stories","26":"tag-topstories","27":"tag-uutiset"},"share_on_mastodon":{"url":"https:\/\/pubeurope.com\/@fi\/115887672154298541","error":""},"_links":{"self":[{"href":"https:\/\/www.europesays.com\/fi\/wp-json\/wp\/v2\/posts\/141139","targetHints":{"allow":["GET"]}}],"collection":[{"href":"https:\/\/www.europesays.com\/fi\/wp-json\/wp\/v2\/posts"}],"about":[{"href":"https:\/\/www.europesays.com\/fi\/wp-json\/wp\/v2\/types\/post"}],"author":[{"embeddable":true,"href":"https:\/\/www.europesays.com\/fi\/wp-json\/wp\/v2\/users\/2"}],"replies":[{"embeddable":true,"href":"https:\/\/www.europesays.com\/fi\/wp-json\/wp\/v2\/comments?post=141139"}],"version-history":[{"count":0,"href":"https:\/\/www.europesays.com\/fi\/wp-json\/wp\/v2\/posts\/141139\/revisions"}],"wp:featuredmedia":[{"embeddable":true,"href":"https:\/\/www.europesays.com\/fi\/wp-json\/wp\/v2\/media\/141140"}],"wp:attachment":[{"href":"https:\/\/www.europesays.com\/fi\/wp-json\/wp\/v2\/media?parent=141139"}],"wp:term":[{"taxonomy":"category","embeddable":true,"href":"https:\/\/www.europesays.com\/fi\/wp-json\/wp\/v2\/categories?post=141139"},{"taxonomy":"post_tag","embeddable":true,"href":"https:\/\/www.europesays.com\/fi\/wp-json\/wp\/v2\/tags?post=141139"}],"curies":[{"name":"wp","href":"https:\/\/api.w.org\/{rel}","templated":true}]}}